{"id":286186,"date":"2026-09-05T01:53:33","date_gmt":"2026-09-05T01:53:33","guid":{"rendered":"https:\/\/www.europesays.com\/lv\/286186\/"},"modified":"2026-09-05T01:53:33","modified_gmt":"2026-09-05T01:53:33","slug":"foto-zatleri-rubenis-davis-un-citi-lugtie-viesi-opera-svin-jaunas-sezonas-atklasanu-jauns-lv","status":"publish","type":"post","link":"https:\/\/www.europesays.com\/lv\/286186\/","title":{"rendered":"FOTO: Zatleri, Rubenis, D\u0101vis un citi l\u016bgtie viesi Oper\u0101 svin jaun\u0101s sezonas atkl\u0101\u0161anu &#8211; Jauns.lv"},"content":{"rendered":"<ol>\n<li><a href=\"https:\/\/news.google.com\/rss\/articles\/CBMiwAFBVV95cUxPMEpjN3QtWXlHTm03WVRxdlBESWNLcmlCQmlybDJ5a1UtRVlsZXp0TXFfa3BsU05xZzBrZDZ2VEpMMy1paEZ6ekxUVFhUTXBlUFNoU2ItQmlodHFVT2JlVFllQVhpc2lrYnF6SmZLWW5lZ0xJMVhUUW1KRExaenU1Nkl3eldUWk5zM2V1cVBKZFdRVGN6NnIyalN1TndFRmhOWTJhaUxfUkdaTGVUUFEtTG1iVTU4bm9NMkFHTkh5V1U?oc=5\" target=\"_blank\" rel=\"nofollow noopener\">FOTO: Zatleri, Rubenis, D\u0101vis un citi l\u016bgtie viesi Oper\u0101 svin jaun\u0101s sezonas atkl\u0101\u0161anu<\/a>&nbsp;&nbsp;Jauns.lv<\/li>\n<li><a href=\"https:\/\/news.google.com\/rss\/articles\/CBMisgFBVV95cUxNZkZQU29YUHdaWUNrSEpyeVZKdzFPakFfQlZMdEtoUUtfNEJNTzRpT0RmWDhaUTM5MXMtdlJGVjJWN1lxNkpqWjlBWll5Y0I1OFZ1VlhEY19teFp3eWNyREp2cUN3SGJMREY5VF8tSTY0VHVZSTVseE85VEZ4M3dHZDN0LXN3Y2duMEI0bk9GZFRyZTQ4Yld3a213WElfZWQ3aUFHd1VZaHViVE0wUWVuaDhR?oc=5\" target=\"_blank\" rel=\"nofollow noopener\">LNOB jaunaj\u0101 sezon\u0101 &#8211; pieci jauniestud\u0113jumi, zvaigznes un P\u0113tera Ro\u017elapas gleznas<\/a>&nbsp;&nbsp;Diena<\/li>\n<li><a href=\"https:\/\/news.google.com\/rss\/articles\/CBMizgFBVV95cUxOUGpfcTFpY0NDSHBtOGtVZU9RMzdoRy1JUUNWMlk2MEVZTlZqVzVWYTJMY09PN0RkWjVKUnpqLUhQSXZiMVlHRWJMeWhVWkpXMHdfakRyYjVmaElwczJLd0RvR2ZzOVVaWnZpSGl4U2pNU3o3c1VVTkJaMThMQy1JLWp6WV9QeFBPckZzclVJSU9oYUZGa1ZMal9QOTJOek15Nzk0UDB5VDBOQnpFRjNGd3VITVNwMVJtdnBJLU44TjgtR1Q4Qk1WZ1I5bW1GUQ?oc=5\" target=\"_blank\" rel=\"nofollow noopener\">Operas un baleta cien\u012bt\u0101ji ierodas uz LNOB jaun\u0101s sezonas atkl\u0101\u0161anas koncertu<\/a>&nbsp;&nbsp;Inbox.lv<\/li>\n<li><a href=\"https:\/\/news.google.com\/rss\/articles\/CBMiogFBVV95cUxPd29xZ09SVFhLZTc3M3V6eDRZRXFtOWxsNHVRYzIwSjRoZ09VTHMyRVRPd0NiejNtV0F2Z2h3M3JHbGxqZWF1ckwxV0hHa0NLS3FWOGN6a0lwYmlBUy1PendNWDlfVGlIV0RzckJPSTdDQXRhUFd3VmFkVzdXaEZxXzg5ZFhnOEd0TTQ1RmVzMDZsd0RNa2ZCR2NTYnZGNjhSTVE?oc=5\" target=\"_blank\" rel=\"nofollow noopener\">Trad\u012bcijas un jaunrade Latvijas Nacion\u0101l\u0101s operas un baleta jaunaj\u0101 sezon\u0101<\/a>&nbsp;&nbsp;Press.lv<\/li>\n<li><a href=\"https:\/\/news.google.com\/rss\/articles\/CBMivAFBVV95cUxOYjZmb0tMZVBKcEZWcXJuYk04ZS1jZGE3cGFtQ3hNSThOSUgtVVE4VTk5ejBydEoyYlRYc2hfeGZvMzE2N3h6V3pZb195RVVPWVdpUkphbklRdnEwaFhOeXI4N2lUSWdQbTV5UjZGSWpVVXBlc2FEN3B3RkVsWWdZcTBIaEIzU3ZvenFFYmFNT0Jjc0pvbjJjaGFVVmREVUkxY3pvUm83U1lDQ0UyTTJuMnRfbE1rNklfVWI0NQ?oc=5\" target=\"_blank\" rel=\"nofollow noopener\">Kult\u016bras nozare turas uz zemu apmaks\u0101tu cilv\u0113ku entuziasmu, v\u0113rt\u0113 LNOB vad\u012bt\u0101js<\/a>&nbsp;&nbsp;Lasi.lv<\/li>\n<\/ol>\n","protected":false},"excerpt":{"rendered":"FOTO: Zatleri, Rubenis, D\u0101vis un citi l\u016bgtie viesi Oper\u0101 svin jaun\u0101s sezonas atkl\u0101\u0161anu&nbsp;&nbsp;Jauns.lv LNOB jaunaj\u0101 sezon\u0101 &#8211; pieci&hellip;\n","protected":false},"author":2,"featured_media":286187,"comment_status":"","ping_status":"","sticky":false,"template":"","format":"standard","meta":{"footnotes":"","_share_on_mastodon":"0"},"categories":[5],"tags":[23,28,29,32,33,22,30,31,35,39,38,36,37,34,40,20,26,27,24,25,21],"class_list":["post-286186","post","type-post","status-publish","format-standard","has-post-thumbnail","category-aktualitates","tag-aktualitates","tag-breaking-news","tag-breakingnews","tag-featured-news","tag-featurednews","tag-headlines","tag-latest-news","tag-latestnews","tag-latvia","tag-latvian","tag-latviesu","tag-latviesu-valoda","tag-latviesuvaloda","tag-latvija","tag-lv","tag-news","tag-popularakas-zinas","tag-popularakaszinas","tag-top-stories","tag-topstories","tag-zinas"],"share_on_mastodon":{"url":"https:\/\/pubeurope.com\/@lv\/117215939933075313","error":""},"_links":{"self":[{"href":"https:\/\/www.europesays.com\/lv\/wp-json\/wp\/v2\/posts\/286186","targetHints":{"allow":["GET"]}}],"collection":[{"href":"https:\/\/www.europesays.com\/lv\/wp-json\/wp\/v2\/posts"}],"about":[{"href":"https:\/\/www.europesays.com\/lv\/wp-json\/wp\/v2\/types\/post"}],"author":[{"embeddable":true,"href":"https:\/\/www.europesays.com\/lv\/wp-json\/wp\/v2\/users\/2"}],"replies":[{"embeddable":true,"href":"https:\/\/www.europesays.com\/lv\/wp-json\/wp\/v2\/comments?post=286186"}],"version-history":[{"count":0,"href":"https:\/\/www.europesays.com\/lv\/wp-json\/wp\/v2\/posts\/286186\/revisions"}],"wp:featuredmedia":[{"embeddable":true,"href":"https:\/\/www.europesays.com\/lv\/wp-json\/wp\/v2\/media\/286187"}],"wp:attachment":[{"href":"https:\/\/www.europesays.com\/lv\/wp-json\/wp\/v2\/media?parent=286186"}],"wp:term":[{"taxonomy":"category","embeddable":true,"href":"https:\/\/www.europesays.com\/lv\/wp-json\/wp\/v2\/categories?post=286186"},{"taxonomy":"post_tag","embeddable":true,"href":"https:\/\/www.europesays.com\/lv\/wp-json\/wp\/v2\/tags?post=286186"}],"curies":[{"name":"wp","href":"https:\/\/api.w.org\/{rel}","templated":true}]}}