{"id":286190,"date":"2026-09-05T02:01:31","date_gmt":"2026-09-05T02:01:31","guid":{"rendered":"https:\/\/www.europesays.com\/lv\/286190\/"},"modified":"2026-09-05T02:01:31","modified_gmt":"2026-09-05T02:01:31","slug":"f1-sezonas-lideris-antonelli-gaidamaja-italijas-gp-startes-no-pedejas-rindas-inbox-lv","status":"publish","type":"post","link":"https:\/\/www.europesays.com\/lv\/286190\/","title":{"rendered":"F1 sezonas l\u012bderis Antonelli gaid\u0101maj\u0101 It\u0101lijas GP start\u0113s no p\u0113d\u0113j\u0101s rindas &#8211; Inbox.lv"},"content":{"rendered":"<ol>\n<li><a href=\"https:\/\/news.google.com\/rss\/articles\/CBMizAFBVV95cUxNc3BXZENrc29GVVJEeVR6T3VhMkdKOUg3Yjl4RHV6MnRhd1d0M3B1Q2RPYl9ObDc2c2QtRjlKeWVsSTNCU0dVcU9QMlpOWTh2NWNBTEE3cG5qa2JPeDRmbW8tQlZQS05FeFNWczFyWkJrSWJyS3JfNEtfWjNZNTB4WjVjcVZCYVItZGJQSUdBOVF6Rkh5bTFGM2hjNVZsbklwallQVTdjTlBOdHpXR01ZX1J5bDdaSFhTOFE3Zld5TGVjQkp2WWE2SEVWeFI?oc=5\" target=\"_blank\" rel=\"nofollow noopener\">F1 sezonas l\u012bderis Antonelli gaid\u0101maj\u0101 It\u0101lijas GP start\u0113s no p\u0113d\u0113j\u0101s rindas<\/a>&nbsp;&nbsp;Inbox.lv<\/li>\n<li><a href=\"https:\/\/news.google.com\/rss\/articles\/CBMilwFBVV95cUxQODRlc0puYW5keDJ4SnBlVkZzOTR0d21LV0JjUWt1RFBNaS1rdzliSzNyV0FWUWhLM01BRUk0cDNOTGl5bGFBc1Fra3drbHc1Q1VmTWZYTFZPQXlvU1BLdUhMb2hwSlJIaXJyZktqWVNEc3cwREpUX0dlcnl1U2xWUVdpanp5ZTFOd0hEUTRwaFdaM1pHWVlV?oc=5\" target=\"_blank\" rel=\"nofollow noopener\">Sezonas l\u012bderis Antonelli It\u0101lijas &#8220;Grand Prix&#8221; s\u0101ks no p\u0113d\u0113j\u0101s rindas \u2013 Motoru sports<\/a>&nbsp;&nbsp;Sportacentrs.com<\/li>\n<li><a href=\"https:\/\/news.google.com\/rss\/articles\/CBMi1wFBVV95cUxQc2hwbWxkc0p5YXo0LTBVakJ2aHUzN2xTQ1pYaHFXNERyQVU1N0VUOC1kLXVPQmZZS0tZdThrNjF5amVWUEE0UTJhQUlldTJWVmE3Rk12QjlVMGQzOVM0UG9EOHBvLW1QNGk3VDdNU0l3MlY2NkdjWVhHOXZJM3V6OGV1QVVPQ1JTODJKUDNnN2lDQjI2dFlBekV1MmdKVG56NTNwTXpKN2Z1LS1ONF91TUdSNVJuQW5XYllvcVNpeVVVUVpJaG1JaFJoNFhmT0tOYU9scmJYRQ?oc=5\" target=\"_blank\" rel=\"nofollow noopener\">Caune\/Svencis aizvad\u012bs sezonas gar\u0101ko un vienu no sare\u017e\u0123\u012bt\u0101kajiem ekorallija posmiem<\/a>&nbsp;&nbsp;Inbox.lv<\/li>\n<li><a href=\"https:\/\/news.google.com\/rss\/articles\/CBMijgFBVV95cUxPbVZGRDBkVmx0RTRBLWtjcjhKWjhjS3FZR3pQQURiTGR4ZGs3dmVnbXl2WG5TQ0xRTFVTa3EyaTJrSVp2WkpfMm5zWjlJbG9PRkg2SXh4aWdxNHhXN3NvTnpMT01UMUdWMEZ0c0FpQWx1ZFVEQkljeW9RT092dEN1a2RWNkxIdVRUemV4VTlR?oc=5\" target=\"_blank\" rel=\"nofollow noopener\">F-1 sezonas l\u012bderis Antonelli sa\u0146\u0113mis starta vietu sodu<\/a>&nbsp;&nbsp;apollo.lv<\/li>\n<li><a href=\"https:\/\/news.google.com\/rss\/articles\/CBMivgFBVV95cUxOM1VPQTZhWXJMSVJFV2VmU0UxQVJ4YjhXMHBTQkhkb0xvWXR3cEpNUXNWMVBUVHMwOF9YRkF0bURWd0JVb3pxcHpMdFc5a1YxRV9HcGJiUWJPaWF5SE9qOWMtQkZDQWVONTJQNk8zVW0zS0djNjhUWERrOWNwOWVzTWNOZVpfMm9yMlVaODI0SEp6MUxBalhLSzJmVm9GU3VzbzZTb0VMblNSOEVyaExVaXRRTFBlWnR1aWlzaHNn?oc=5\" target=\"_blank\" rel=\"nofollow noopener\">Vai sp\u0113s izk\u013c\u016bt no lejas? F-1 sezonas l\u012bderis Antonelli It\u0101lijas posmu s\u0101ks no p\u0113d\u0113j\u0101s rindas<\/a>&nbsp;&nbsp;Sportazinas.com<\/li>\n<\/ol>\n","protected":false},"excerpt":{"rendered":"F1 sezonas l\u012bderis Antonelli gaid\u0101maj\u0101 It\u0101lijas GP start\u0113s no p\u0113d\u0113j\u0101s rindas&nbsp;&nbsp;Inbox.lv Sezonas l\u012bderis Antonelli It\u0101lijas &#8220;Grand Prix&#8221; s\u0101ks&hellip;\n","protected":false},"author":2,"featured_media":286191,"comment_status":"","ping_status":"","sticky":false,"template":"","format":"standard","meta":{"footnotes":"","_share_on_mastodon":"0"},"categories":[17],"tags":[35,39,38,36,37,34,40,67],"class_list":["post-286190","post","type-post","status-publish","format-standard","has-post-thumbnail","category-sports","tag-latvia","tag-latvian","tag-latviesu","tag-latviesu-valoda","tag-latviesuvaloda","tag-latvija","tag-lv","tag-sports"],"share_on_mastodon":{"url":"https:\/\/pubeurope.com\/@lv\/117215972060280171","error":""},"_links":{"self":[{"href":"https:\/\/www.europesays.com\/lv\/wp-json\/wp\/v2\/posts\/286190","targetHints":{"allow":["GET"]}}],"collection":[{"href":"https:\/\/www.europesays.com\/lv\/wp-json\/wp\/v2\/posts"}],"about":[{"href":"https:\/\/www.europesays.com\/lv\/wp-json\/wp\/v2\/types\/post"}],"author":[{"embeddable":true,"href":"https:\/\/www.europesays.com\/lv\/wp-json\/wp\/v2\/users\/2"}],"replies":[{"embeddable":true,"href":"https:\/\/www.europesays.com\/lv\/wp-json\/wp\/v2\/comments?post=286190"}],"version-history":[{"count":0,"href":"https:\/\/www.europesays.com\/lv\/wp-json\/wp\/v2\/posts\/286190\/revisions"}],"wp:featuredmedia":[{"embeddable":true,"href":"https:\/\/www.europesays.com\/lv\/wp-json\/wp\/v2\/media\/286191"}],"wp:attachment":[{"href":"https:\/\/www.europesays.com\/lv\/wp-json\/wp\/v2\/media?parent=286190"}],"wp:term":[{"taxonomy":"category","embeddable":true,"href":"https:\/\/www.europesays.com\/lv\/wp-json\/wp\/v2\/categories?post=286190"},{"taxonomy":"post_tag","embeddable":true,"href":"https:\/\/www.europesays.com\/lv\/wp-json\/wp\/v2\/tags?post=286190"}],"curies":[{"name":"wp","href":"https:\/\/api.w.org\/{rel}","templated":true}]}}