{"id":286192,"date":"2026-09-05T02:02:08","date_gmt":"2026-09-05T02:02:08","guid":{"rendered":"https:\/\/www.europesays.com\/lv\/286192\/"},"modified":"2026-09-05T02:02:08","modified_gmt":"2026-09-05T02:02:08","slug":"xiaomi-eiropas-tirgu-jau-nakamgad","status":"publish","type":"post","link":"https:\/\/www.europesays.com\/lv\/286192\/","title":{"rendered":"Xiaomi Eiropas tirg\u016b jau n\u0101kamgad"},"content":{"rendered":"<p>\u0136\u012bnas tehnolo\u0123iju uz\u0146\u0113mums Xiaomi, kas pasaul\u0113 pla\u0161i paz\u012bstams ne tikai ar viedt\u0101lru\u0146iem un elektroniku, bet nu jau ar\u012b ar autob\u016bves produkciju, sper n\u0101kamo soli sav\u0101 att\u012bst\u012bb\u0101.<\/p>\n<p>K\u0101 v\u0113sta v\u0101cu mediji, uz\u0146\u0113mums pazi\u0146ojis, ka savus elektroautomobi\u013cus V\u0101cij\u0101 s\u0101ks pied\u0101v\u0101t no 2027. gada. Lai nodro\u0161in\u0101tu veiksm\u012bgu startu, Xiaomi jau veido sadarb\u012bbu ar pieredz\u0113ju\u0161iem V\u0101cijas auto tirgot\u0101jiem. Berl\u012bn\u0113 notieko\u0161\u0101 IFA izst\u0101des laik\u0101 uz\u0146\u0113mums parakst\u012bjis nodomu protokolus ar asto\u0146\u0101m liel\u0101m V\u0101cijas tirdzniec\u012bbas grup\u0101m. Partneru uzdevums b\u016bs ne tikai automobi\u013cu p\u0101rdo\u0161ana, bet ar\u012b servisa un klientu apkalpo\u0161anas t\u012bkla izveide.<\/p>\n<p>Xiaomi automobi\u013cu tirg\u016b ien\u0101ca tikai 2024. gad\u0101, ta\u010du jau \u012bs\u0101 laik\u0101 sp\u0113jis sasniegt iev\u0113rojamus rezult\u0101tus. \u0136\u012bn\u0101 uz\u0146\u0113muma elektroautomobi\u013ci SU7 un YU7 k\u013cuvu\u0161i \u013coti piepras\u012bti, un l\u012bdz 2026. gada septembrim Xiaomi Auto jau bija pieg\u0101d\u0101jis vair\u0101k nek\u0101 700 000 automobi\u013cu.<\/p>\n<p>Tagad uz\u0146\u0113mums v\u0113las \u0161o pan\u0101kumu atk\u0101rtot ar\u012b Eirop\u0101. V\u0101cija k\u013c\u016bs par vienu no pirmajiem Xiaomi Eiropas tirgiem, un izv\u0113le sadarboties ar viet\u0113jiem, pieredz\u0113ju\u0161iem tirgot\u0101jiem liecina, ka uz\u0146\u0113mums gatavojas ne tikai p\u0101rdot automobi\u013cus, bet ar\u012b ilgtermi\u0146\u0101 nostiprin\u0101t savu poz\u012bciju Eiropas auto tirg\u016b.<\/p>\n<p>Stingri aizliegts iAuto.lv public\u0113tos materi\u0101lus izmantot, kop\u0113t vai reproduc\u0113t citos interneta port\u0101los, masu inform\u0101cijas l\u012bdzek\u013cos vai k\u0101 cit\u0101di r\u012bkoties ar iAuto.lv public\u0113tajiem materi\u0101liem bez rakstiskas EON SIA at\u013caujas sa\u0146em\u0161anas.<\/p>\n","protected":false},"excerpt":{"rendered":"\u0136\u012bnas tehnolo\u0123iju uz\u0146\u0113mums Xiaomi, kas pasaul\u0113 pla\u0161i paz\u012bstams ne tikai ar viedt\u0101lru\u0146iem un elektroniku, bet nu jau ar\u012b&hellip;\n","protected":false},"author":2,"featured_media":286193,"comment_status":"","ping_status":"","sticky":false,"template":"","format":"standard","meta":{"footnotes":"","_share_on_mastodon":"0"},"categories":[16],"tags":[77,76,35,39,38,36,37,34,40,42474],"class_list":["post-286192","post","type-post","status-publish","format-standard","has-post-thumbnail","category-bizness","tag-bizness","tag-business","tag-latvia","tag-latvian","tag-latviesu","tag-latviesu-valoda","tag-latviesuvaloda","tag-latvija","tag-lv","tag-xiaomi-eiropas-tirgu-jau-nakamgad"],"share_on_mastodon":{"url":"https:\/\/pubeurope.com\/@lv\/117215975544786585","error":""},"_links":{"self":[{"href":"https:\/\/www.europesays.com\/lv\/wp-json\/wp\/v2\/posts\/286192","targetHints":{"allow":["GET"]}}],"collection":[{"href":"https:\/\/www.europesays.com\/lv\/wp-json\/wp\/v2\/posts"}],"about":[{"href":"https:\/\/www.europesays.com\/lv\/wp-json\/wp\/v2\/types\/post"}],"author":[{"embeddable":true,"href":"https:\/\/www.europesays.com\/lv\/wp-json\/wp\/v2\/users\/2"}],"replies":[{"embeddable":true,"href":"https:\/\/www.europesays.com\/lv\/wp-json\/wp\/v2\/comments?post=286192"}],"version-history":[{"count":0,"href":"https:\/\/www.europesays.com\/lv\/wp-json\/wp\/v2\/posts\/286192\/revisions"}],"wp:featuredmedia":[{"embeddable":true,"href":"https:\/\/www.europesays.com\/lv\/wp-json\/wp\/v2\/media\/286193"}],"wp:attachment":[{"href":"https:\/\/www.europesays.com\/lv\/wp-json\/wp\/v2\/media?parent=286192"}],"wp:term":[{"taxonomy":"category","embeddable":true,"href":"https:\/\/www.europesays.com\/lv\/wp-json\/wp\/v2\/categories?post=286192"},{"taxonomy":"post_tag","embeddable":true,"href":"https:\/\/www.europesays.com\/lv\/wp-json\/wp\/v2\/tags?post=286192"}],"curies":[{"name":"wp","href":"https:\/\/api.w.org\/{rel}","templated":true}]}}