{"id":286196,"date":"2026-09-05T02:10:12","date_gmt":"2026-09-05T02:10:12","guid":{"rendered":"https:\/\/www.europesays.com\/lv\/286196\/"},"modified":"2026-09-05T02:10:12","modified_gmt":"2026-09-05T02:10:12","slug":"sestdien-visa-latvija-gaidams-lietus-un-perkona-negaiss-vietam-iespejami-pludi-1188-lv","status":"publish","type":"post","link":"https:\/\/www.europesays.com\/lv\/286196\/","title":{"rendered":"Sestdien vis\u0101 Latvij\u0101 gaid\u0101ms lietus un p\u0113rkona negaiss; viet\u0101m iesp\u0113jami pl\u016bdi &#8211; 1188.lv"},"content":{"rendered":"<ol>\n<li><a href=\"https:\/\/news.google.com\/rss\/articles\/CBMisgFBVV95cUxNenZXaVN1WTBfUzhCbUd1MHdkMHdNTWJQMjVZd0tWMTNBckxxZFpta1E2SHlZUXNmcE8tTjIxVkRKT3RzY19WMTN5UHJaZjJ2UEY1ZGRyZGc5UlFuSHh0c1Z4SmxmS1hZSzNuVFpNMkI1Snk5bGxOZWY2eFZYVUNBamNVMFQxQ3JDT3FXak5OSldVdEdPSzc0VW8zV0F0cFktUEpzOF9YR18yVTRNc25VcFZB?oc=5\" target=\"_blank\" rel=\"nofollow noopener\">Sestdien vis\u0101 Latvij\u0101 gaid\u0101ms lietus un p\u0113rkona negaiss; viet\u0101m iesp\u0113jami pl\u016bdi<\/a>&nbsp;&nbsp;1188.lv<\/li>\n<li><a href=\"https:\/\/news.google.com\/rss\/articles\/CBMixwFBVV95cUxNb1drcVBpaVdmdVl0SWNyQzE1X0VhT3FuWDRxVnl6d0JkbHJJT21Ba183MzhyenpCWTlORnYzdndwWlAyd2ZyUDZPRUVTTnpoS24tQXhxZHpOaTczNkdLb3MtcWczZTk5ZndieGtWU3pBc2FFSHhVV0htbEpUQ1NFdHVBQ0lWdmdqMWJTdXFsQTFLNjlCS0h1VjJsVFNJdGZPUVRjN3F1aGRBVkRVWkVubnpkMi1hTmZPckdWVXo0SmhMNnFhSXdv?oc=5\" target=\"_blank\" rel=\"nofollow noopener\">Piektdien, jo \u012bpa\u0161i valsts zieme\u013cos, iesp\u0113jamas \u013coti stipras lietusg\u0101zes<\/a>&nbsp;&nbsp;DELFI<\/li>\n<li><a href=\"https:\/\/news.google.com\/rss\/articles\/CBMiswFBVV95cUxNQTNxLTVfV2lhOVZMa1J0R09uQUd6dDVhZ3pVX0tRaWs2cnJFZGU1VzMzQ2s2R2JUVHhnVWJqNE51VE8xOWdxbUhGRUFpWThxMG4yU1JOMWwzcjJscnY5M0FlTFluNzNsck5fenVTYVc3N002R2ctX2VsQkVVa0xzcFlFaWRVMXhvT01EMkJHZFBaS2xvYjc5dUZSZm1ZTjdTY0g0ZHhLNVkxQS02LWk0eHJ5UQ?oc=5\" target=\"_blank\" rel=\"nofollow noopener\">Dzeltenais br\u012bdin\u0101jums ar\u012b vis\u0101 Pier\u012bg\u0101 \u2013 iedz\u012bvot\u0101jus br\u012bdina par stipru lietu<\/a>&nbsp;&nbsp;Kodols<\/li>\n<li><a href=\"https:\/\/news.google.com\/rss\/articles\/CBMimAFBVV95cUxNVG1uOUNwMExEZWlzbDZneDU1M2pqdjZVRDUyQ3ZuS09PdDNnSmpib1pIVkloSDlTQ1UtOEdkclVKYVJXbHppNjhsXzZvX1BGOWQwNjNQVEVMbVpPV1p3SnRYRFA5SWE3SU41dDczRGNGaEE3OW9CUUl2ZmhjTEFJY25oN3JXbE90a3JXa1Q4QkdWMmI5alNTdw?oc=5\" target=\"_blank\" rel=\"nofollow noopener\">N\u0101kam\u0101s ned\u0113\u013cas s\u0101kum\u0101 laiks k\u013c\u016bs saus\u0101ks un nedaudz silt\u0101ks<\/a>&nbsp;&nbsp;TVNET &#8211; Laika zi\u0146as<\/li>\n<li><a href=\"https:\/\/news.google.com\/rss\/articles\/CBMipAFBVV95cUxQYTFWVS1DSFpiVFc3QldoSmFBUGlPNUtINmlObTdTOUlPbTZoUFlRNklKLVFlOXUxZkgtSHQweG9JenFZeUZNZGM2WTF1WENibi12M1FWNFp4ZnNSaEp6MFM0RmgyODB0NWdsTmxHcjE4azZaUjkwUjJxWU9FMmY5LUZHWndlZXlNMTFVY25iZlJkSFMxaUpoa3JMeUhzVFJza2VjRw?oc=5\" target=\"_blank\" rel=\"nofollow noopener\">L\u012bs un l\u012bs stipri\u2026 Sinopti\u0137i atkl\u0101j, ar k\u0101du laiku r\u0113\u0137in\u0101ties piektdien<\/a>&nbsp;&nbsp;tv3.lv<\/li>\n<\/ol>\n","protected":false},"excerpt":{"rendered":"Sestdien vis\u0101 Latvij\u0101 gaid\u0101ms lietus un p\u0113rkona negaiss; viet\u0101m iesp\u0113jami pl\u016bdi&nbsp;&nbsp;1188.lv Piektdien, jo \u012bpa\u0161i valsts zieme\u013cos, iesp\u0113jamas \u013coti&hellip;\n","protected":false},"author":2,"featured_media":286197,"comment_status":"","ping_status":"","sticky":false,"template":"","format":"standard","meta":{"footnotes":"","_share_on_mastodon":"0"},"categories":[12],"tags":[129,1395,3333,23,28,29,32,33,22,30,31,35,39,38,36,37,34,40,20,26,27,3334,3179,3335,3180,24,25,21],"class_list":["post-286196","post","type-post","status-publish","format-standard","has-post-thumbnail","category-latvija","tag-__typenameadvicekeyword","tag-id408","tag-id563","tag-aktualitates","tag-breaking-news","tag-breakingnews","tag-featured-news","tag-featurednews","tag-headlines","tag-latest-news","tag-latestnews","tag-latvia","tag-latvian","tag-latviesu","tag-latviesu-valoda","tag-latviesuvaloda","tag-latvija","tag-lv","tag-news","tag-popularakas-zinas","tag-popularakaszinas","tag-sluglaika-zina","tag-slugweather","tag-titlelaika-zina","tag-titleweather","tag-top-stories","tag-topstories","tag-zinas"],"share_on_mastodon":{"url":"https:\/\/pubeurope.com\/@lv\/117216007110698351","error":""},"_links":{"self":[{"href":"https:\/\/www.europesays.com\/lv\/wp-json\/wp\/v2\/posts\/286196","targetHints":{"allow":["GET"]}}],"collection":[{"href":"https:\/\/www.europesays.com\/lv\/wp-json\/wp\/v2\/posts"}],"about":[{"href":"https:\/\/www.europesays.com\/lv\/wp-json\/wp\/v2\/types\/post"}],"author":[{"embeddable":true,"href":"https:\/\/www.europesays.com\/lv\/wp-json\/wp\/v2\/users\/2"}],"replies":[{"embeddable":true,"href":"https:\/\/www.europesays.com\/lv\/wp-json\/wp\/v2\/comments?post=286196"}],"version-history":[{"count":0,"href":"https:\/\/www.europesays.com\/lv\/wp-json\/wp\/v2\/posts\/286196\/revisions"}],"wp:featuredmedia":[{"embeddable":true,"href":"https:\/\/www.europesays.com\/lv\/wp-json\/wp\/v2\/media\/286197"}],"wp:attachment":[{"href":"https:\/\/www.europesays.com\/lv\/wp-json\/wp\/v2\/media?parent=286196"}],"wp:term":[{"taxonomy":"category","embeddable":true,"href":"https:\/\/www.europesays.com\/lv\/wp-json\/wp\/v2\/categories?post=286196"},{"taxonomy":"post_tag","embeddable":true,"href":"https:\/\/www.europesays.com\/lv\/wp-json\/wp\/v2\/tags?post=286196"}],"curies":[{"name":"wp","href":"https:\/\/api.w.org\/{rel}","templated":true}]}}