{"id":286200,"date":"2026-09-05T02:16:16","date_gmt":"2026-09-05T02:16:16","guid":{"rendered":"https:\/\/www.europesays.com\/lv\/286200\/"},"modified":"2026-09-05T02:16:16","modified_gmt":"2026-09-05T02:16:16","slug":"aizkraukles-novada-vairakas-stundas-meklets-96-gadus-vecs-kungs","status":"publish","type":"post","link":"https:\/\/www.europesays.com\/lv\/286200\/","title":{"rendered":"Aizkraukles novad\u0101 vair\u0101kas stundas mekl\u0113ts 96 gadus vecs kungs"},"content":{"rendered":"<p>Tuvinieki pa\u0161u sp\u0113kiem kungu jau bija mekl\u0113ju\u0161i vair\u0101kas stundas, tom\u0113r bez pan\u0101kumiem. \u0145emot v\u0113r\u0101, ka v\u012brietis bija devies \u0101rpus m\u0101j\u0101m bez telefona, nebija iesp\u0113ja sazin\u0101ties ar vi\u0146u. VP skaidro, ka tuv\u0101k\u0101s apk\u0101rtnes me\u017ea mas\u012bv\u0101 ir purvs, k\u0101 ar\u012b pats me\u017es ir kokiem bag\u0101ts, tostarp p\u0113c nesen\u0101s v\u0113tras me\u017e\u0101 ir daudz nol\u016bzu\u0161i koki, kas pastaigu pa me\u017eu padara \u012bpa\u0161i izaicino\u0161u.<\/p>\n","protected":false},"excerpt":{"rendered":"Tuvinieki pa\u0161u sp\u0113kiem kungu jau bija mekl\u0113ju\u0161i vair\u0101kas stundas, tom\u0113r bez pan\u0101kumiem. \u0145emot v\u0113r\u0101, ka v\u012brietis bija devies&hellip;\n","protected":false},"author":2,"featured_media":286201,"comment_status":"","ping_status":"","sticky":false,"template":"","format":"standard","meta":{"footnotes":"","_share_on_mastodon":"0"},"categories":[12],"tags":[23,28,29,32,33,22,30,31,35,39,38,36,37,34,40,20,26,27,24,25,21],"class_list":["post-286200","post","type-post","status-publish","format-standard","has-post-thumbnail","category-latvija","tag-aktualitates","tag-breaking-news","tag-breakingnews","tag-featured-news","tag-featurednews","tag-headlines","tag-latest-news","tag-latestnews","tag-latvia","tag-latvian","tag-latviesu","tag-latviesu-valoda","tag-latviesuvaloda","tag-latvija","tag-lv","tag-news","tag-popularakas-zinas","tag-popularakaszinas","tag-top-stories","tag-topstories","tag-zinas"],"share_on_mastodon":{"url":"https:\/\/pubeurope.com\/@lv\/117216030551626033","error":""},"_links":{"self":[{"href":"https:\/\/www.europesays.com\/lv\/wp-json\/wp\/v2\/posts\/286200","targetHints":{"allow":["GET"]}}],"collection":[{"href":"https:\/\/www.europesays.com\/lv\/wp-json\/wp\/v2\/posts"}],"about":[{"href":"https:\/\/www.europesays.com\/lv\/wp-json\/wp\/v2\/types\/post"}],"author":[{"embeddable":true,"href":"https:\/\/www.europesays.com\/lv\/wp-json\/wp\/v2\/users\/2"}],"replies":[{"embeddable":true,"href":"https:\/\/www.europesays.com\/lv\/wp-json\/wp\/v2\/comments?post=286200"}],"version-history":[{"count":0,"href":"https:\/\/www.europesays.com\/lv\/wp-json\/wp\/v2\/posts\/286200\/revisions"}],"wp:featuredmedia":[{"embeddable":true,"href":"https:\/\/www.europesays.com\/lv\/wp-json\/wp\/v2\/media\/286201"}],"wp:attachment":[{"href":"https:\/\/www.europesays.com\/lv\/wp-json\/wp\/v2\/media?parent=286200"}],"wp:term":[{"taxonomy":"category","embeddable":true,"href":"https:\/\/www.europesays.com\/lv\/wp-json\/wp\/v2\/categories?post=286200"},{"taxonomy":"post_tag","embeddable":true,"href":"https:\/\/www.europesays.com\/lv\/wp-json\/wp\/v2\/tags?post=286200"}],"curies":[{"name":"wp","href":"https:\/\/api.w.org\/{rel}","templated":true}]}}