{"id":286202,"date":"2026-09-05T02:19:16","date_gmt":"2026-09-05T02:19:16","guid":{"rendered":"https:\/\/www.europesays.com\/lv\/286202\/"},"modified":"2026-09-05T02:19:16","modified_gmt":"2026-09-05T02:19:16","slug":"merkis-paliek-nemainigs-kuri-klubi-bus-gatavi-cinities-par-optibet-hokeja-ligas-titulu","status":"publish","type":"post","link":"https:\/\/www.europesays.com\/lv\/286202\/","title":{"rendered":"&#8220;M\u0113r\u0137is paliek nemain\u012bgs&#8221; &#8211; kuri klubi b\u016bs gatavi c\u012bn\u012bties par &#8220;Optibet&#8221; hokeja l\u012bgas titulu?"},"content":{"rendered":"<p>                                <img decoding=\"async\" src=\"https:\/\/www.europesays.com\/lv\/wp-content\/uploads\/2026\/09\/OHL_prese20260904rk331-750x450.jpg\"   alt=\"OHL pirmssezonas preses konference\" class=\"post-featured-image\"\/><\/p>\n<p>Foto: Rom\u0101ns Kok\u0161arovs<\/p>\n<p class=\"wp-block-paragraph\"><a href=\"https:\/\/www.sportazinas.com\/atsl%C4%93gv%C4%81rdi\/mogo-rsu\/\" rel=\"nofollow noopener\" target=\"_blank\">\u201cMogo\u201d\/RSU,<\/a> <a href=\"https:\/\/www.sportazinas.com\/atsl%C4%93gv%C4%81rdi\/zemgalelbtu\/\" rel=\"nofollow noopener\" target=\"_blank\">\u201cZemgale\u201d\/LBTU<\/a>, <a href=\"https:\/\/www.sportazinas.com\/atsl%C4%93gv%C4%81rdi\/liepajas-hokeja-komanda\/\" rel=\"nofollow noopener\" target=\"_blank\">\u201cLiep\u0101jas hokeja komandas\u201d <\/a>un <a href=\"https:\/\/www.sportazinas.com\/atsl%C4%93gv%C4%81rdi\/kijivas-capitals\/\" rel=\"nofollow noopener\" target=\"_blank\">Kijivas \u201cCapitals\u201d<\/a> p\u0101rst\u0101vji piektdien preses konferenc\u0113 pauda gatav\u012bbu c\u012bn\u012bties par \u201cOptibet\u201d Hokeja l\u012bgas (<a href=\"https:\/\/www.lhf.lv\/lv\/turniri\/optibet-hokeja-liga\" target=\"_blank\" rel=\"noreferrer noopener nofollow\">OHL<\/a>) 2026.\/2027. gada sezonas \u010dempiontitulu.<\/p>\n<p class=\"wp-block-paragraph\">K\u0101 nor\u0101d\u012bja p\u0113d\u0113jo tr\u012bs gadu OHL \u010dempiones \u201cMogo\u201d\/RSU galvenais treneris <a href=\"https:\/\/www.sportazinas.com\/atsl%C4%93gv%C4%81rdi\/girts-ankipans\/\" rel=\"nofollow noopener\" target=\"_blank\">\u0122irts Ankip\u0101ns<\/a>, komandas m\u0113r\u0137is ar\u012b \u0161osezon ir tituls, tom\u0113r atzina, ka ar katru gadu to izdar\u012bt esot arvien gr\u016bt\u0101k. \u201c\u0160ogad mums ir aizg\u0101ju\u0161i vair\u0101ki pieredz\u0113ju\u0161i sp\u0113l\u0113t\u0101ji, bet kl\u0101t ir n\u0101ku\u0161i jauni un perspekt\u012bvi sp\u0113l\u0113t\u0101ji,\u201d par izmai\u0146\u0101m sast\u0101v\u0101 sac\u012bja Ankip\u0101ns.<\/p>\n<p class=\"wp-block-paragraph\">Ar\u012b p\u0113d\u0113jo tr\u012bs gadu vice\u010dempiones \u201cZemgale\u201d\/LBTU st\u016brmanis <a href=\"https:\/\/www.sportazinas.com\/atsl%C4%93gv%C4%81rdi\/artis-abols\/\" rel=\"nofollow noopener\" target=\"_blank\">Artis \u0100bols<\/a> sac\u012bja, ka vi\u0146a vad\u012bt\u0101 komanda \u0161osezon atkal m\u0113\u0123in\u0101s tikt fin\u0101l\u0101 un c\u012bn\u012bties par titulu. \u201cIzmai\u0146as p\u0113rn bija lielas, un ar\u012b \u0161ogad t\u0101s nav mazas,\u201d par komandas sast\u0101vu sac\u012bja \u0100bols. \u201cIr 11 jauni sp\u0113l\u0113t\u0101ji, bet m\u0113r\u0137is paliek nemain\u012bgs \u2013 kauss.\u201d<\/p>\n<p class=\"wp-block-paragraph\">Par OHL \u010dempionu titulu sol\u012bja c\u012bn\u012bties ar\u012b Liep\u0101jas komandas galven\u0101 trenera Edgara Bran\u010da asistents Vja\u010deslavs Minajevs un Kijivas \u201cCapitals\u201d sp\u0113l\u0113t\u0101js Kristi\u0101ns Zelts. \u201cPag\u0101ju\u0161aj\u0101 sezon\u0101 mums viens sol\u012btis pietr\u016bka, un \u0161osezon dar\u012bsim visu, lai tas neatk\u0101rtotos un tiktu l\u012bdz fin\u0101lam,\u201d teica Minajevs, bet \u201cCapitals\u201d uzbruc\u0113js Zelts nor\u0101d\u012bja, ka vien\u012bbas m\u0113r\u0137is, kas \u0161osezon l\u012bg\u0101 start\u0113 ar Ukrainas licenci, ir tikai viens \u2013 uzvara turn\u012br\u0101. \u201cM\u0113s uz neko citu neskat\u0101mies un par neko citu nedom\u0101jam.\u201d<\/p>\n<p class=\"wp-block-paragraph\">Zelts ar\u012b piebilda, ka Kijivas komand\u0101, sal\u012bdzinot ar iepriek\u0161\u0113jo sezonu, notiku\u0161as b\u016btiskas izmai\u0146as. Vien\u012bb\u0101 ir desmit latvie\u0161i, no kuriem \u010detri bija ar\u012b pag\u0101ju\u0161aj\u0101 sezon\u0101, ir 11 ukrai\u0146u sp\u0113l\u0113t\u0101ji, tr\u012bs somi un viens lietuvietis. Uzbruc\u0113js nor\u0101d\u012bja, ka nomain\u012bjusies vismaz puse sast\u0101va.<\/p>\n<p class=\"wp-block-paragraph\">L\u012bgas jaunpien\u0101c\u0113ju \u201cR\u012bgas Hokeja skola\u201d\/\u201dDinaburga\u201d galvenais treneris <a href=\"https:\/\/www.sportazinas.com\/atsl%C4%93gv%C4%81rdi\/raimonds-vilkoits\/\" rel=\"nofollow noopener\" target=\"_blank\">Raimonds Vilkoits<\/a> atkl\u0101ja, ka vien\u012bbas uzdevums ir sagatavot jaunie\u0161u izla\u0161u dal\u012bbniekus un dot iesp\u0113ju vi\u0146iem sp\u0113l\u0113t lab\u0101 l\u012bmen\u012b, kam\u0113r R\u012bgas \u201cPrizma\u201d\/RTU galvenais treneris <a href=\"https:\/\/www.sportazinas.com\/atsl%C4%93gv%C4%81rdi\/eriks-miluns\/\" rel=\"nofollow noopener\" target=\"_blank\">\u0112riks Mi\u013cuns<\/a> sac\u012bja, ka komandas liel\u0101k\u0101s izmai\u0146as ir sp\u0113ku apvieno\u0161ana ar RTU, kur \u0161osezon stud\u0113s 11 kluba hokejisti. Vilkoits ar\u012b piebilda, ka vismaz sezonas pirmaj\u0101 pus\u0113 R\u012bgas HS\/\u201dDinaburga\u201d ma\u010di norisin\u0101sies Daugavpil\u012b, un viens no galvenajiem t\u0101 faktoriem ir remonts Hokeja skol\u0101 \u201cR\u012bga\u201d.<\/p>\n<p class=\"wp-block-paragraph\">2026.\/2027. gada sezon\u0101 OHL piedal\u012bsies \u201cMogo\u201d\/RSU, \u201cZemgale\u201d\/LBTU, Kijivas \u201cCapitals\u201d, \u201cLiep\u0101jas hokeja komanda\u201d, R\u012bgas \u201cPrizma\u201d\/RTU, \u201cR\u012bgas Hokeja skola\u201d\/\u201dDinaburga\u201d (R\u012bgas HS\/\u201dDinaburga\u201d), Tallinas \u201cPanter\u201d, Elektr\u0113nu \u201cEnergija\u201d un Vi\u013c\u0146as \u201cHockey Punks\u201d. OHL regul\u0101rais \u010dempion\u0101ts s\u0101ksies r\u012bt, un pirmaj\u0101 sp\u0113\u013cu dien\u0101 \u201cPrizma\u201d\/RTU sp\u0113kosies ar Tallinas \u201cPanter\u201d, bet Vi\u013c\u0146as \u201cHockey Punks\u201d uz\u0146ems R\u012bgas HS\/\u201dDinaburga\u201d vien\u012bbu.<\/p>\n<p class=\"wp-block-paragraph\">Jaunaj\u0101 sezon\u0101 regul\u0101raj\u0101 \u010dempion\u0101t\u0101 komandas aizvad\u012bs \u010detru ap\u013cu turn\u012bru, katrai nosp\u0113l\u0113jot 32 ma\u010dus. P\u0113c regul\u0101r\u0101 turn\u012bra nosl\u0113guma izsl\u0113g\u0161anas sp\u0113l\u0113s iek\u013c\u016bs se\u0161as lab\u0101k\u0101s komandas. P\u0113rn par OHL \u010dempioni tre\u0161o gadu p\u0113c k\u0101rtas k\u013cuva \u201cMogo\u201d\/RSU, kas fin\u0101ls\u0113rij\u0101 ar 4-1 pieveica \u201cZemgale\u201d\/LBTU.<\/p>\n","protected":false},"excerpt":{"rendered":"Foto: Rom\u0101ns Kok\u0161arovs \u201cMogo\u201d\/RSU, \u201cZemgale\u201d\/LBTU, \u201cLiep\u0101jas hokeja komandas\u201d un Kijivas \u201cCapitals\u201d p\u0101rst\u0101vji piektdien preses konferenc\u0113 pauda gatav\u012bbu c\u012bn\u012bties&hellip;\n","protected":false},"author":2,"featured_media":286203,"comment_status":"","ping_status":"","sticky":false,"template":"","format":"standard","meta":{"footnotes":"","_share_on_mastodon":"0"},"categories":[17],"tags":[23,35,39,38,36,37,34,40,4288,67],"class_list":["post-286202","post","type-post","status-publish","format-standard","has-post-thumbnail","category-sports","tag-aktualitates","tag-latvia","tag-latvian","tag-latviesu","tag-latviesu-valoda","tag-latviesuvaloda","tag-latvija","tag-lv","tag-optibet-hokeja-liga","tag-sports"],"share_on_mastodon":{"url":"https:\/\/pubeurope.com\/@lv\/117216042893213650","error":""},"_links":{"self":[{"href":"https:\/\/www.europesays.com\/lv\/wp-json\/wp\/v2\/posts\/286202","targetHints":{"allow":["GET"]}}],"collection":[{"href":"https:\/\/www.europesays.com\/lv\/wp-json\/wp\/v2\/posts"}],"about":[{"href":"https:\/\/www.europesays.com\/lv\/wp-json\/wp\/v2\/types\/post"}],"author":[{"embeddable":true,"href":"https:\/\/www.europesays.com\/lv\/wp-json\/wp\/v2\/users\/2"}],"replies":[{"embeddable":true,"href":"https:\/\/www.europesays.com\/lv\/wp-json\/wp\/v2\/comments?post=286202"}],"version-history":[{"count":0,"href":"https:\/\/www.europesays.com\/lv\/wp-json\/wp\/v2\/posts\/286202\/revisions"}],"wp:featuredmedia":[{"embeddable":true,"href":"https:\/\/www.europesays.com\/lv\/wp-json\/wp\/v2\/media\/286203"}],"wp:attachment":[{"href":"https:\/\/www.europesays.com\/lv\/wp-json\/wp\/v2\/media?parent=286202"}],"wp:term":[{"taxonomy":"category","embeddable":true,"href":"https:\/\/www.europesays.com\/lv\/wp-json\/wp\/v2\/categories?post=286202"},{"taxonomy":"post_tag","embeddable":true,"href":"https:\/\/www.europesays.com\/lv\/wp-json\/wp\/v2\/tags?post=286202"}],"curies":[{"name":"wp","href":"https:\/\/api.w.org\/{rel}","templated":true}]}}