{"id":286204,"date":"2026-09-05T02:33:23","date_gmt":"2026-09-05T02:33:23","guid":{"rendered":"https:\/\/www.europesays.com\/lv\/286204\/"},"modified":"2026-09-05T02:33:23","modified_gmt":"2026-09-05T02:33:23","slug":"eksperts-krievijas-draudu-prieksa-latvija-nav-viena-nato-sper-konkretus-solus-un-tai-resursu-netrukst-inbox-lv","status":"publish","type":"post","link":"https:\/\/www.europesays.com\/lv\/286204\/","title":{"rendered":"Eksperts: Krievijas draudu priek\u0161\u0101 Latvija nav viena \u2013 NATO sper konkr\u0113tus so\u013cus un tai resursu netr\u016bkst &#8211; Inbox.lv"},"content":{"rendered":"<ol>\n<li><a href=\"https:\/\/news.google.com\/rss\/articles\/CBMi7gFBVV95cUxOb1g1blVvODFzN2thbndLcXpUcHhwcnFIOVhUYXN3OUk0ZUxXYU1VTXgwNnl6d1BMajJZZ0V0dXc5UmFRZ2ZHT1dDWUs3QlVHV3F2Wm9MMkNLZG1QMm1lSnNkbnlsTXBtRkk3Q2dMblAwMUpfd3ZtZ0hkWXBhZ0FrTk84R2ExbEVfNWwzQ0NseTZTSjBxbHBXQUpLZ2g2STJwQXRVMU01T1VGU0VrcmdoQ0owWS1mQ1Zic3J1UHA2bDEyN3Q3T0k5Vm1JUHkta01ZVVNtVUJBWUtlVzFob1JjTTBWalhzS1dhVzZ2TWFB?oc=5\" target=\"_blank\" rel=\"nofollow noopener\">Eksperts: Krievijas draudu priek\u0161\u0101 Latvija nav viena \u2013 NATO sper konkr\u0113tus so\u013cus un tai resursu netr\u016bkst<\/a>&nbsp;&nbsp;Inbox.lv<\/li>\n<li><a href=\"https:\/\/news.google.com\/rss\/articles\/CBMi8wFBVV95cUxNd1hYWjh4ekF1ZHhYWjdHaFQyVHEtNHU2QjF2ZHBYMVNqRmVvYWJCRC1qN2VsN3FRQ1FnVkFGdURNOFR5VzlCWUlkeE8xQWFfM0hFNDdKczJhajhzeno2akxzUDBVRUlsSE4wLVVINk8xU19BczR3VGVuWjk3N3lfbGdOd2hSTlZkdXVWWENkQjhqVlZERnNTRTZkNDc4aXRuc1BPSlNLdzNiNWt2cFYtMmRXMFprcmppblJhQnZ4dzlyLWNTXzZvTjZKNnMxMlVBRFhCMXZ5NG5vTDl6SDZkVFNPXzUyLWxPVlhnLUVuTHBTQzg?oc=5\" target=\"_blank\" rel=\"nofollow noopener\">Eksperts: Krievijas draudu priek\u0161\u0101 Latvija nav viena \u2013 NATO sper konkr\u0113tus so\u013cus, un tai resursu netr\u016bkst<\/a>&nbsp;&nbsp;LSM<\/li>\n<li><a href=\"https:\/\/news.google.com\/rss\/articles\/CBMiwAFBVV95cUxNX29GeUotXy1EbHUzRkx4RUdsMW5wZVBvM1ZST1lvYmJHWWJmQjdsTEFEM1djZDZDMHpsSUxXRjNSdGY5cWsxb0h2cGl4VUZaS3l1dV9PRHEzemV4cFhLOXgyRUZNSlp1TGhGV0hmcUxpQnVfM3oxVnZhaVJJMVhodjBuWHJZQV9RbFpQWkVWZVIwbVU4SVFFWTVNN0lzUWZsWC1QNXRXQ0lrVGZKUEdpdkdRNzN1WWlpVHVkWi1Nbkc?oc=5\" target=\"_blank\" rel=\"nofollow noopener\">&#8220;Latvija nav viena&#8221; \u2013 ASV p\u0113tnieks atg\u0101dina galvenos aizsardz\u012bbas priek\u0161nosac\u012bjumus<\/a>&nbsp;&nbsp;DELFI<\/li>\n<\/ol>\n","protected":false},"excerpt":{"rendered":"Eksperts: Krievijas draudu priek\u0161\u0101 Latvija nav viena \u2013 NATO sper konkr\u0113tus so\u013cus un tai resursu netr\u016bkst&nbsp;&nbsp;Inbox.lv Eksperts: Krievijas&hellip;\n","protected":false},"author":2,"featured_media":286205,"comment_status":"","ping_status":"","sticky":false,"template":"","format":"standard","meta":{"footnotes":"","_share_on_mastodon":"0"},"categories":[14],"tags":[23,57,28,29,32,33,22,30,31,35,39,38,36,37,34,40,20,26,27,24,25,54,55,56,21,58],"class_list":["post-286204","post","type-post","status-publish","format-standard","has-post-thumbnail","category-zinas-no-arvalstim","tag-aktualitates","tag-arvalstim","tag-breaking-news","tag-breakingnews","tag-featured-news","tag-featurednews","tag-headlines","tag-latest-news","tag-latestnews","tag-latvia","tag-latvian","tag-latviesu","tag-latviesu-valoda","tag-latviesuvaloda","tag-latvija","tag-lv","tag-news","tag-popularakas-zinas","tag-popularakaszinas","tag-top-stories","tag-topstories","tag-world","tag-world-news","tag-worldnews","tag-zinas","tag-zinas-no-arvalstim"],"share_on_mastodon":{"url":"https:\/\/pubeurope.com\/@lv\/117216097432760253","error":""},"_links":{"self":[{"href":"https:\/\/www.europesays.com\/lv\/wp-json\/wp\/v2\/posts\/286204","targetHints":{"allow":["GET"]}}],"collection":[{"href":"https:\/\/www.europesays.com\/lv\/wp-json\/wp\/v2\/posts"}],"about":[{"href":"https:\/\/www.europesays.com\/lv\/wp-json\/wp\/v2\/types\/post"}],"author":[{"embeddable":true,"href":"https:\/\/www.europesays.com\/lv\/wp-json\/wp\/v2\/users\/2"}],"replies":[{"embeddable":true,"href":"https:\/\/www.europesays.com\/lv\/wp-json\/wp\/v2\/comments?post=286204"}],"version-history":[{"count":0,"href":"https:\/\/www.europesays.com\/lv\/wp-json\/wp\/v2\/posts\/286204\/revisions"}],"wp:featuredmedia":[{"embeddable":true,"href":"https:\/\/www.europesays.com\/lv\/wp-json\/wp\/v2\/media\/286205"}],"wp:attachment":[{"href":"https:\/\/www.europesays.com\/lv\/wp-json\/wp\/v2\/media?parent=286204"}],"wp:term":[{"taxonomy":"category","embeddable":true,"href":"https:\/\/www.europesays.com\/lv\/wp-json\/wp\/v2\/categories?post=286204"},{"taxonomy":"post_tag","embeddable":true,"href":"https:\/\/www.europesays.com\/lv\/wp-json\/wp\/v2\/tags?post=286204"}],"curies":[{"name":"wp","href":"https:\/\/api.w.org\/{rel}","templated":true}]}}