{"id":286206,"date":"2026-09-05T02:34:13","date_gmt":"2026-09-05T02:34:13","guid":{"rendered":"https:\/\/www.europesays.com\/lv\/286206\/"},"modified":"2026-09-05T02:34:13","modified_gmt":"2026-09-05T02:34:13","slug":"riga-notiks-kulturas-forums-balta-nakts","status":"publish","type":"post","link":"https:\/\/www.europesays.com\/lv\/286206\/","title":{"rendered":"R\u012bg\u0101 notiks kult\u016bras forums &#8220;Balt\u0101 nakts&#8221;"},"content":{"rendered":"<p>                        <img fetchpriority=\"high\" decoding=\"async\" width=\"460\" height=\"307\" src=\"https:\/\/www.europesays.com\/lv\/wp-content\/uploads\/2026\/09\/irs-3.jpg\" alt=\"\" class=\"wp-image-1122048\" style=\"width:775px;height:auto\"  \/><\/p>\n<p class=\"wp-block-paragraph\">\u0160odien un nakt\u012b uz sv\u0113tdienu R\u012bg\u0101 norisin\u0101sies m\u016bsdienu kult\u016bras forums \u201cBalt\u0101 nakts\u201d, a\u0123ent\u016bru LETA inform\u0113ja R\u012bgas domes \u0100r\u0113j\u0101s komunik\u0101cijas noda\u013ca.<\/p>\n<p class=\"wp-block-paragraph\">\u201cBalt\u0101s nakts\u201d laik\u0101 norisin\u0101sies 30 kult\u016bras notikumi Vecr\u012bg\u0101, pils\u0113tas centr\u0101 un apkaim\u0113s \u2013 \u0100genskaln\u0101, Zasulauk\u0101, Dzirciem\u0101, Bras\u0101, Skanst\u0113, Gr\u012bzi\u0146kaln\u0101, Teik\u0101, Vecm\u012blgr\u0101v\u012b, Sarkandaugav\u0101.<\/p>\n<p class=\"wp-block-paragraph\">\u0160\u012b gada \u201cBalt\u0101s nakts\u201d pas\u0101kumi norisin\u0101sies t\u0101d\u0101s viet\u0101s k\u0101 Latvijas Universit\u0101tes Bot\u0101niskais d\u0101rzs, \u201cSunsStudio\u201d, R\u012bgas Laikmet\u012bg\u0101s m\u0101kslas telpa un R\u0101tslaukums, Neatkar\u012bbas laukums, Bastejkalna parks, R\u012bgas Kongresu nams, V\u0113rmanes d\u0101rzs, Latvijas Le\u013c\u013cu te\u0101tra pagalms, Francijas instit\u016bts Latvij\u0101, Rado\u0161ais kvart\u0101ls \u201cVeldze\u201d, fon Stricka villas pagalms, Nacion\u0101l\u0101 filmu skola, \u201cKim?\u201d, Ghetto Games amfite\u0101tris, VEF Kult\u016bras pils, Kult\u016bras pils \u201cZieme\u013cbl\u0101zma\u201d parks un cit\u0101s viet\u0101s.<\/p>\n<p class=\"wp-block-paragraph\">Apmekl\u0113t\u0101ji var\u0113s doties uz jau ierastiem un iem\u012bl\u0113tiem \u201cBalt\u0101s nakts\u201d programmas notikumiem \u2013 ikgad\u0113jo eksperiment\u0101l\u0101s m\u016bzikas festiv\u0101lu \u201cSka\u0146u me\u017es\u201d, projektu \u201cVideogr\u0101fija\u201d un \u201cSatori\u201d dzejas diskot\u0113ku.<\/p>\n<p class=\"wp-block-paragraph\">\u201cBalt\u0101 nakts\u201d \u0161ogad aicin\u0101s iepaz\u012bt ielu m\u0101kslu kop\u0101 ar m\u0101kslinieku Daini Rudeni Sarkandaugav\u0101, doties uz Antonijas ielas sv\u0113tkiem, l\u012bdzdarboties Bastejkaln\u0101 interakt\u012bvaj\u0101 vides instal\u0101cij\u0101 \u201cElpa\/Relaxation field\u201d, izbaud\u012bt, k\u0101 Antonio Vivaldi slavenie \u201c\u010cetri gadalaiki\u201d v\u0113sturisk\u0101 atska\u0146ojum\u0101 satiekas ar elektronisko m\u016bziku Gr\u012bzi\u0146kaln\u0101 vai kop\u0101 ar starptautiskiem m\u0101ksliniekiem diskut\u0113t par ga\u013cas pat\u0113ri\u0146a ietekmi uz vidi, sabiedr\u012bbas vesel\u012bbu un dz\u012bvnieku labtur\u012bbu festiv\u0101l\u0101 \u201cM\u0101ksla par ga\u013cas nodokli\u201d rado\u0161aj\u0101 kvart\u0101l\u0101 \u201cVeldze\u201d.<\/p>\n<p class=\"wp-block-paragraph\">Vair\u0101ki m\u0101kslinieki un m\u0101kslinieku apvien\u012bbas, piem\u0113ram, Voldem\u0101rs Johansons, Krista Vindberga-Auzniece, Oto Holgers Ozoli\u0146\u0161, Those Guys Lighting, L\u012bga Spunde, Hanele Zane Putni\u0146a un Ieva Putni\u0146a \u012bpa\u0161i \u201cBaltajai naktij\u201d veidos vides instal\u0101cijas da\u017e\u0101d\u0101s R\u012bgas viet\u0101s. Bet virkne m\u0101kslas un kult\u016bras festiv\u0101lu \u2013 Dzejas dienas, laikmet\u012bg\u0101s m\u0101kslas festiv\u0101ls \u201cSurvival Kit\u201d, \u012bsfilmu festiv\u0101ls \u201c2ANNAS\u201d, nakts galeriju programma \u201cRiga Last Thursday\u201d \u2013 pied\u0101v\u0101s savas \u201cBalt\u0101s nakts\u201d programmas.<\/p>\n<p class=\"wp-block-paragraph\">M\u016bsdienu kult\u016bras foruma \u201cBalt\u0101 nakts\u201d sauklis \u0161ogad ir \u201cPils\u0113ta atplaukst tur, kur esam m\u0113s\u201d. Foruma vizu\u0101lo t\u0113lu veidojusi viena no spilgt\u0101kaj\u0101m savas paaudzes Latvijas m\u0101ksliniec\u0113m Ieva Putni\u0146a. Vizu\u0101l\u0101s identit\u0101tes pamat\u0101 ir tr\u012bs jaunrad\u012btas m\u0101kslinieces gleznas, kur\u0101s pils\u0113t\u0101 sastopamie dz\u012bvnieki sav\u0101 starp\u0101 mijiedarbojas visda\u017e\u0101d\u0101kaj\u0101s kombin\u0101cij\u0101s.<\/p>\n<p class=\"wp-block-paragraph\">Foruma idejas pamat\u0101 ir pils\u0113tas atv\u0113r\u0161ana laikmet\u012bg\u0101s m\u0101kslas aktivit\u0101t\u0113m vienas nakts garum\u0101, pied\u0101v\u0101jot pla\u0161u un daudzveid\u012bgu kult\u016bras programmu. \u201cBalt\u0101s nakts\u201d trad\u012bcija s\u0101k\u0101s Par\u012bz\u0113 2002. gad\u0101.<\/p>\n","protected":false},"excerpt":{"rendered":"\u0160odien un nakt\u012b uz sv\u0113tdienu R\u012bg\u0101 norisin\u0101sies m\u016bsdienu kult\u016bras forums \u201cBalt\u0101 nakts\u201d, a\u0123ent\u016bru LETA inform\u0113ja R\u012bgas domes \u0100r\u0113j\u0101s&hellip;\n","protected":false},"author":2,"featured_media":286207,"comment_status":"","ping_status":"","sticky":false,"template":"","format":"standard","meta":{"footnotes":"","_share_on_mastodon":"0"},"categories":[12],"tags":[23,28,29,32,33,22,30,31,35,39,38,36,37,34,40,20,26,27,24,25,21],"class_list":["post-286206","post","type-post","status-publish","format-standard","has-post-thumbnail","category-latvija","tag-aktualitates","tag-breaking-news","tag-breakingnews","tag-featured-news","tag-featurednews","tag-headlines","tag-latest-news","tag-latestnews","tag-latvia","tag-latvian","tag-latviesu","tag-latviesu-valoda","tag-latviesuvaloda","tag-latvija","tag-lv","tag-news","tag-popularakas-zinas","tag-popularakaszinas","tag-top-stories","tag-topstories","tag-zinas"],"share_on_mastodon":{"url":"https:\/\/pubeurope.com\/@lv\/117216101806684538","error":""},"_links":{"self":[{"href":"https:\/\/www.europesays.com\/lv\/wp-json\/wp\/v2\/posts\/286206","targetHints":{"allow":["GET"]}}],"collection":[{"href":"https:\/\/www.europesays.com\/lv\/wp-json\/wp\/v2\/posts"}],"about":[{"href":"https:\/\/www.europesays.com\/lv\/wp-json\/wp\/v2\/types\/post"}],"author":[{"embeddable":true,"href":"https:\/\/www.europesays.com\/lv\/wp-json\/wp\/v2\/users\/2"}],"replies":[{"embeddable":true,"href":"https:\/\/www.europesays.com\/lv\/wp-json\/wp\/v2\/comments?post=286206"}],"version-history":[{"count":0,"href":"https:\/\/www.europesays.com\/lv\/wp-json\/wp\/v2\/posts\/286206\/revisions"}],"wp:featuredmedia":[{"embeddable":true,"href":"https:\/\/www.europesays.com\/lv\/wp-json\/wp\/v2\/media\/286207"}],"wp:attachment":[{"href":"https:\/\/www.europesays.com\/lv\/wp-json\/wp\/v2\/media?parent=286206"}],"wp:term":[{"taxonomy":"category","embeddable":true,"href":"https:\/\/www.europesays.com\/lv\/wp-json\/wp\/v2\/categories?post=286206"},{"taxonomy":"post_tag","embeddable":true,"href":"https:\/\/www.europesays.com\/lv\/wp-json\/wp\/v2\/tags?post=286206"}],"curies":[{"name":"wp","href":"https:\/\/api.w.org\/{rel}","templated":true}]}}