{"id":286208,"date":"2026-09-05T02:35:13","date_gmt":"2026-09-05T02:35:13","guid":{"rendered":"https:\/\/www.europesays.com\/lv\/286208\/"},"modified":"2026-09-05T02:35:13","modified_gmt":"2026-09-05T02:35:13","slug":"krievija-ar-dronu-megina-nogalinat-ukrainas-sbu-vaditaju-video","status":"publish","type":"post","link":"https:\/\/www.europesays.com\/lv\/286208\/","title":{"rendered":"Krievija ar dronu m\u0113\u0123ina nogalin\u0101t Ukrainas SBU vad\u012bt\u0101ju. VIDEO"},"content":{"rendered":"<p>Ukrainas \u0101rlietu ministrs Andrijs Sibiha pazi\u0146oja, ka Krievijas veiktais uzbrukums ir nopietna eskal\u0101cija, kas prasa izl\u0113m\u012bgu atbildi.\u00a0&#8220;Maskava veica \u0161o uzbrukumu br\u012bd\u012b, kad tika ats\u0101kti centieni pan\u0101kt mieru, t\u0101d\u0113j\u0101di par\u0101dot, ka paties\u012bb\u0101 t\u0101 noraida diplom\u0101tiju. Apdraud\u0113ts ir ar\u012b net\u0101lu eso\u0161ais UNESCO Pasaules mantojuma objekts &#8211; Sofijas katedr\u0101le,&#8221; vi\u0146\u0161 rakst\u012bja soci\u0101laj\u0101 t\u012bkl\u0101 &#8220;X&#8221;.\u00a0&#8220;M\u0113s aicin\u0101m starptautiskos partnerus bez ierun\u0101m nosod\u012bt \u0161\u012bs darb\u012bbas un pastiprin\u0101t spiedienu uz Putina re\u017e\u012bmu. M\u0113s ar\u012b stingri aicin\u0101m UNESCO r\u012bkoties izl\u0113m\u012bgi un pastiprin\u0101t centienus, lai aizsarg\u0101tu apdraud\u0113tos Ukrainas kult\u016bras mantojuma objektus,&#8221; piebilda ministrs.<\/p>\n","protected":false},"excerpt":{"rendered":"Ukrainas \u0101rlietu ministrs Andrijs Sibiha pazi\u0146oja, ka Krievijas veiktais uzbrukums ir nopietna eskal\u0101cija, kas prasa izl\u0113m\u012bgu atbildi.\u00a0&#8220;Maskava veica&hellip;\n","protected":false},"author":2,"featured_media":286209,"comment_status":"","ping_status":"","sticky":false,"template":"","format":"standard","meta":{"footnotes":"","_share_on_mastodon":"0"},"categories":[5],"tags":[23,28,29,32,33,22,30,31,35,39,38,36,37,34,40,20,26,27,24,25,21],"class_list":["post-286208","post","type-post","status-publish","format-standard","has-post-thumbnail","category-aktualitates","tag-aktualitates","tag-breaking-news","tag-breakingnews","tag-featured-news","tag-featurednews","tag-headlines","tag-latest-news","tag-latestnews","tag-latvia","tag-latvian","tag-latviesu","tag-latviesu-valoda","tag-latviesuvaloda","tag-latvija","tag-lv","tag-news","tag-popularakas-zinas","tag-popularakaszinas","tag-top-stories","tag-topstories","tag-zinas"],"share_on_mastodon":{"url":"https:\/\/pubeurope.com\/@lv\/117216105151264236","error":""},"_links":{"self":[{"href":"https:\/\/www.europesays.com\/lv\/wp-json\/wp\/v2\/posts\/286208","targetHints":{"allow":["GET"]}}],"collection":[{"href":"https:\/\/www.europesays.com\/lv\/wp-json\/wp\/v2\/posts"}],"about":[{"href":"https:\/\/www.europesays.com\/lv\/wp-json\/wp\/v2\/types\/post"}],"author":[{"embeddable":true,"href":"https:\/\/www.europesays.com\/lv\/wp-json\/wp\/v2\/users\/2"}],"replies":[{"embeddable":true,"href":"https:\/\/www.europesays.com\/lv\/wp-json\/wp\/v2\/comments?post=286208"}],"version-history":[{"count":0,"href":"https:\/\/www.europesays.com\/lv\/wp-json\/wp\/v2\/posts\/286208\/revisions"}],"wp:featuredmedia":[{"embeddable":true,"href":"https:\/\/www.europesays.com\/lv\/wp-json\/wp\/v2\/media\/286209"}],"wp:attachment":[{"href":"https:\/\/www.europesays.com\/lv\/wp-json\/wp\/v2\/media?parent=286208"}],"wp:term":[{"taxonomy":"category","embeddable":true,"href":"https:\/\/www.europesays.com\/lv\/wp-json\/wp\/v2\/categories?post=286208"},{"taxonomy":"post_tag","embeddable":true,"href":"https:\/\/www.europesays.com\/lv\/wp-json\/wp\/v2\/tags?post=286208"}],"curies":[{"name":"wp","href":"https:\/\/api.w.org\/{rel}","templated":true}]}}