{"id":286210,"date":"2026-09-05T02:39:16","date_gmt":"2026-09-05T02:39:16","guid":{"rendered":"https:\/\/www.europesays.com\/lv\/286210\/"},"modified":"2026-09-05T02:39:16","modified_gmt":"2026-09-05T02:39:16","slug":"arlietu-ministre-italija-uzstajas-ar-lekciju-nato-aizsardzibas-koledza","status":"publish","type":"post","link":"https:\/\/www.europesays.com\/lv\/286210\/","title":{"rendered":"\u0100rlietu ministre It\u0101lij\u0101 uzst\u0101jas ar lekciju NATO Aizsardz\u012bbas koled\u017e\u0101"},"content":{"rendered":"<p>2026. gada 3. septembr\u012b \u0101rlietu ministre Baiba Bra\u017ee darba viz\u012bt\u0113 It\u0101lij\u0101 uzst\u0101j\u0101s ar lekciju NATO Aizsardz\u012bbas koled\u017e\u0101, sniedza intervijas It\u0101lijas medijiem \u2013 zi\u0146u a\u0123ent\u016brai \u201cAgenzia Nova\u201d un It\u0101lijas telev\u012bzijas kan\u0101liem \u201cSKY\u201d un \u201cTG2POST\u201d. Ministre ar\u012b tik\u0101s ar It\u0101lijas Sen\u0101ta 3. past\u0101v\u012bg\u0101s \u0100rlietu un aizsardz\u012bbas komisijas prezidentu Maur\u012bcio Gasparri (Maurizio Gasparri). Savuk\u0101rt 4. septembr\u012b ministre piedal\u012bj\u0101s Latvijas Valsts prezidenta Edgara Rink\u0113vi\u010da viz\u012bt\u0113 pie Sv\u0113t\u0101 Kr\u0113sla.<\/p>\n<p>Sarun\u0101 Sen\u0101t\u0101 amatpersonas p\u0101rrun\u0101ja Latvijas un It\u0101lijas sadarb\u012bbu dro\u0161\u012bb\u0101 un aizsardz\u012bb\u0101. Ministre pateic\u0101s par It\u0101lijas milit\u0101ro kl\u0101tb\u016btni Latvij\u0101 un dal\u012bbu NATO Baltijas gaisa telpas patrul\u0113\u0161anas misij\u0101. B. Bra\u017ee \u012bpa\u0161i uzsv\u0113ra It\u0101lijas \u201cEurofighter\u201d izn\u012bcin\u0101t\u0101ju efekt\u012bvo darbu, 14. august\u0101 Latvijas gaisa telp\u0101 notriecot no Baltkrievijas ielidoju\u0161u bezpilota lidapar\u0101tu. Ministre ar\u012b inform\u0113ja par dro\u0161\u012bbas situ\u0101ciju re\u0123ion\u0101, Krievijas hibr\u012bdagresiju un Baltkrievijas \u012bstenoto migr\u0101cijas instrumentaliz\u0101ciju.<\/p>\n<p>B. Bra\u017ee pauda gandar\u012bjumu par It\u0101lijas sniegto atbalstu Ukrainai un aicin\u0101ja saglab\u0101t fokusu uz visaptvero\u0161u pal\u012bdz\u012bbu Ukrainai. Ministre uzsv\u0113ra nepiecie\u0161am\u012bbu turpin\u0101t Krievijas, kas rada ilgtermi\u0146a draudus Eiropai, starptautisko izol\u0101ciju un nodro\u0161in\u0101t t\u0101s atbild\u012bbu par agresijas karu Ukrain\u0101.<\/p>\n<p>P\u0101rrun\u0101jot Eiropas aizsardz\u012bbas sp\u0113ju stiprin\u0101\u0161anu un ES daudzgadu bud\u017eetu, ministre uzsv\u0113ra vajadz\u012bbu nodro\u0161in\u0101t pietiekamu finans\u0113jumu ES austrumu robe\u017eas stiprin\u0101\u0161anai \u2013 t\u0101 ir kop\u012bga NATO un ES atbild\u012bba. Sarunas partneri bija vienispr\u0101tis, ka stabilit\u0101te austrumos un dienvidos ir vienl\u012bdz svar\u012bga. Ministre pauda solidarit\u0101ti It\u0101lijai saist\u012bb\u0101 ar migr\u0101cijas izaicin\u0101jumiem. Puses apmain\u012bj\u0101s viedok\u013ciem ar\u012b par Izra\u0113las\u2013Palest\u012bnas konfliktu un starptautisko r\u012bc\u012bbu ku\u0123o\u0161anas br\u012bv\u012bbas atjauno\u0161anai Hormuza \u0161aurum\u0101.<\/p>\n<p>Lekcij\u0101 NATO Aizsardz\u012bbas koled\u017e\u0101 ministre dal\u012bj\u0101s Latvijas skat\u012bjum\u0101 uz Alianses n\u0101kotni, Krievijas rad\u012btajiem draudiem un Latvijas ieguld\u012bjumu valsts aizsardz\u012bbas stiprin\u0101\u0161an\u0101 kop\u0161 Krievijas iebrukuma Ukrain\u0101. T\u0101pat ministre tik\u0101s ar koled\u017eas vad\u012bbu \u2013 komandantu \u0123ener\u0101lleitnantu \u017deromu Guasku (J\u00e9r\u00f4me Goisque) un dek\u0101ni, komandanta vietnieci S\u016bzenu N\u012blsenu (Suzanne Nielsen). B. Bra\u017ee ir pirm\u0101 \u0101rlietu ministre, kuru koled\u017e\u0101 kop\u0161 st\u0101\u0161an\u0101s amat\u0101 \u0161. g. j\u016blij\u0101 uz\u0146\u0113mis komandants \u017d. Guasks.<\/p>\n<p>Viz\u012btes ietvaros ministre sniedza tr\u012bs intervijas \u2013 zi\u0146u a\u0123ent\u016brai \u201cAgenzia Nova\u201d un It\u0101lijas telev\u012bzijas kan\u0101liem \u201cSKY\u201d un \u201cTG2POST\u201d \u2013, ieskic\u0113jot Latvijas un It\u0101lijas divpus\u0113j\u0101s sadarb\u012bbas aktualit\u0101tes, dro\u0161\u012bbas situ\u0101ciju Baltijas re\u0123ion\u0101, ar \u012bpa\u0161u uzsvaru uz izaicin\u0101jumiem Austrumu pierobe\u017e\u0101, k\u0101 ar\u012b sniedza Latvijas skat\u012bjumu uz ES papla\u0161in\u0101\u0161an\u0101s politiku un Eiropas aizsardz\u012bbas sp\u0113ju stiprin\u0101\u0161anu.<\/p>\n<p>Savuk\u0101rt 4. septembr\u012b B. Bra\u017ee piedal\u012bj\u0101s Latvijas Valsts prezidenta Edgara Rink\u0113vi\u010da viz\u012bt\u0113 pie Sv\u0113t\u0101 Kr\u0113sla, kur norisin\u0101j\u0101s audience pie Vi\u0146a Sv\u0113t\u012bbas p\u0101vesta Leona XIV un tik\u0161an\u0101s ar Vi\u0146a Eminenci Sv\u0113t\u0101 Kr\u0113sla Valsts sekret\u0101ru kardin\u0101lu Pjetro Parolinu (Pietro Parolin). Tik\u0161an\u0101s laik\u0101 ar kardin\u0101lu P. Parolinu ministre p\u0101rrun\u0101ja Vatik\u0101na diplom\u0101tijas lomu ce\u013c\u0101 uz taisn\u012bgu un ilgsto\u0161u mieru Ukrain\u0101.<\/p>\n<p>Foto galerija no \u0101rlietu ministres darba viz\u012btes It\u0101lij\u0101 pieejama <a href=\"https:\/\/flickr.com\/photos\/latvianmfa\/albums\/72177720335441640\/\" target=\"_blank\" rel=\"nofollow noopener\">\u0161eit<\/a> (foto autors: \u0100rlietu ministrija; NATO Aizsardz\u012bbas koled\u017ea).<\/p>\n<p>          <img decoding=\"async\" src=\"https:\/\/www.europesays.com\/lv\/wp-content\/uploads\/2026\/09\/1788575956_211_logo-lv.png\" alt=\"\"\/><\/p>\n<p>                  \u0160\u012b inform\u0101cija ir publisks pazi\u0146ojums un neatspogu\u013co LV port\u0101la viedokli. Par t\u0101s saturu atbild ies\u016bt\u012bt\u0101js. <a data-popup=\"rules\">Public\u0113\u0161anas noteikumi<\/a><\/p>\n","protected":false},"excerpt":{"rendered":"2026. gada 3. septembr\u012b \u0101rlietu ministre Baiba Bra\u017ee darba viz\u012bt\u0113 It\u0101lij\u0101 uzst\u0101j\u0101s ar lekciju NATO Aizsardz\u012bbas koled\u017e\u0101, sniedza&hellip;\n","protected":false},"author":2,"featured_media":286211,"comment_status":"","ping_status":"","sticky":false,"template":"","format":"standard","meta":{"footnotes":"","_share_on_mastodon":"0"},"categories":[14],"tags":[23,57,28,29,32,33,22,30,31,35,39,38,36,37,34,40,20,26,27,24,25,54,55,56,21,58],"class_list":["post-286210","post","type-post","status-publish","format-standard","has-post-thumbnail","category-zinas-no-arvalstim","tag-aktualitates","tag-arvalstim","tag-breaking-news","tag-breakingnews","tag-featured-news","tag-featurednews","tag-headlines","tag-latest-news","tag-latestnews","tag-latvia","tag-latvian","tag-latviesu","tag-latviesu-valoda","tag-latviesuvaloda","tag-latvija","tag-lv","tag-news","tag-popularakas-zinas","tag-popularakaszinas","tag-top-stories","tag-topstories","tag-world","tag-world-news","tag-worldnews","tag-zinas","tag-zinas-no-arvalstim"],"share_on_mastodon":{"url":"https:\/\/pubeurope.com\/@lv\/117216121204827029","error":""},"_links":{"self":[{"href":"https:\/\/www.europesays.com\/lv\/wp-json\/wp\/v2\/posts\/286210","targetHints":{"allow":["GET"]}}],"collection":[{"href":"https:\/\/www.europesays.com\/lv\/wp-json\/wp\/v2\/posts"}],"about":[{"href":"https:\/\/www.europesays.com\/lv\/wp-json\/wp\/v2\/types\/post"}],"author":[{"embeddable":true,"href":"https:\/\/www.europesays.com\/lv\/wp-json\/wp\/v2\/users\/2"}],"replies":[{"embeddable":true,"href":"https:\/\/www.europesays.com\/lv\/wp-json\/wp\/v2\/comments?post=286210"}],"version-history":[{"count":0,"href":"https:\/\/www.europesays.com\/lv\/wp-json\/wp\/v2\/posts\/286210\/revisions"}],"wp:featuredmedia":[{"embeddable":true,"href":"https:\/\/www.europesays.com\/lv\/wp-json\/wp\/v2\/media\/286211"}],"wp:attachment":[{"href":"https:\/\/www.europesays.com\/lv\/wp-json\/wp\/v2\/media?parent=286210"}],"wp:term":[{"taxonomy":"category","embeddable":true,"href":"https:\/\/www.europesays.com\/lv\/wp-json\/wp\/v2\/categories?post=286210"},{"taxonomy":"post_tag","embeddable":true,"href":"https:\/\/www.europesays.com\/lv\/wp-json\/wp\/v2\/tags?post=286210"}],"curies":[{"name":"wp","href":"https:\/\/api.w.org\/{rel}","templated":true}]}}