{"id":286212,"date":"2026-09-05T03:12:23","date_gmt":"2026-09-05T03:12:23","guid":{"rendered":"https:\/\/www.europesays.com\/lv\/286212\/"},"modified":"2026-09-05T03:12:23","modified_gmt":"2026-09-05T03:12:23","slug":"man-tas-nepatika-tramps-komente-harija-un-meganas-ricibu-pret-karalisko-gimeni","status":"publish","type":"post","link":"https:\/\/www.europesays.com\/lv\/286212\/","title":{"rendered":"\u201cMan tas nepatika,\u201d Tramps koment\u0113 Harija un Meganas r\u012bc\u012bbu pret karalisko \u0123imeni"},"content":{"rendered":"<p>    <img decoding=\"async\" src=\"https:\/\/www.europesays.com\/lv\/wp-content\/uploads\/2026\/09\/20230916_zaa_ap2_007-1-1-800x534.jpg\" alt=\"&#10;Princis Harijs un Megana M\u0101rkla.&#10;\"\/><\/p>\n<p>Princis Harijs un Megana M\u0101rkla.<\/p>\n<p>Foto: ZUMAPRESS.com\/SCANPIX\n<\/p>\n<p>                                                <a href=\"https:\/\/news.google.com\/publications\/CAAqHQgKIhdDQklTQ3dnTWFnY0tCV3hoTG14MktBQVAB?hl=lv&amp;gl=LV&amp;ceid=LV%3Alv\" target=\"_blank\" style=\"font-family:SF Pro Display, Roboto, serif;font-size:12px;font-weight:bold;text-transform:uppercase;color:#000;text-decoration:none;line-height:34px;height:32px;display:block\" rel=\"nofollow noopener\"><br \/>\n                            Pievieno LA.LV<br \/>\n                            <img loading=\"lazy\" decoding=\"async\" src=\"https:\/\/www.la.lv\/assets\/images\/icon\/logo-google.svg\" style=\"margin-left:4px;vertical-align: -5px;\" width=\"18\" height=\"18\"\/><br \/>\n                        <\/a><br \/>\n                                                                        <a href=\"https:\/\/whatsapp.com\/channel\/0029VbCMJEF2v1IwTt54UN0u\" target=\"_blank\" class=\"whatsapp-channel-follow\" rel=\"nofollow noopener\"><br \/>\n                            Seko WhatsApp<\/p>\n<p>                        <\/a><\/p>\n<p>18:01, 4. septembris 2026<\/p>\n<p>Donalds Tramps izteicies par Saseksas hercoga un hercogienes p\u0101rcel\u0161anos atpaka\u013c uz Lielbrit\u0101niju, pazi\u0146ojot: \u201cEs par to priec\u0101jos.\u201d<\/p>\n<p>        Las\u012bt\u0101kie<br \/>\n        <a data-imagesrc=\"{&quot;300&quot;:&quot;https:\\\/\\\/lastatic.ams3.cdn.digitaloceanspaces.com\\\/2026\\\/02\\\/FotoJet-2026-02-17T150528.163-300x200.jpg&quot;,&quot;1024&quot;:&quot;https:\\\/\\\/lastatic.ams3.cdn.digitaloceanspaces.com\\\/2026\\\/02\\\/FotoJet-2026-02-17T150528.163-1024x683.jpg&quot;,&quot;1536&quot;:&quot;https:\\\/\\\/lastatic.ams3.cdn.digitaloceanspaces.com\\\/2026\\\/02\\\/FotoJet-2026-02-17T150528.163-1536x1024.jpg&quot;,&quot;500&quot;:&quot;https:\\\/\\\/lastatic.ams3.cdn.digitaloceanspaces.com\\\/2026\\\/02\\\/FotoJet-2026-02-17T150528.163-500x333.jpg&quot;,&quot;800&quot;:&quot;https:\\\/\\\/lastatic.ams3.cdn.digitaloceanspaces.com\\\/2026\\\/02\\\/FotoJet-2026-02-17T150528.163-800x533.jpg&quot;,&quot;1800&quot;:&quot;https:\\\/\\\/lastatic.ams3.cdn.digitaloceanspaces.com\\\/2026\\\/02\\\/FotoJet-2026-02-17T150528.163.jpg&quot;}\" data-focuspoint=\"&quot;&quot;\" data-p=\"2603474\" href=\"https:\/\/www.la.lv\/sesas-davanas-kuras-nevajadzetu-pienemt-ja-tas-davina-viramate-tas-nesis-nelaimi-un-nepatiksanas\" class=\"content-item lazy-load\" wp_automatic_readability=\"27.5\" rel=\"nofollow noopener\" target=\"_blank\"><\/p>\n<p>                                <img decoding=\"async\" src=\"\" alt=\"\" style=\"\" data-imageid=\"\"\/><\/p>\n<p>                                Kokteilis<\/p>\n<p>\n                                                                                Se\u0161as d\u0101vanas, kuras nevajadz\u0113tu pie\u0146emt, ja t\u0101s d\u0101vina v\u012bram\u0101te \u2013 t\u0101s nes\u012bs nelaimi un nepatik\u0161anas\n                            <\/p>\n<p><\/a><a data-imagesrc=\"{&quot;300&quot;:&quot;https:\\\/\\\/lastatic.ams3.cdn.digitaloceanspaces.com\\\/2026\\\/09\\\/FotoJet-2026-09-04T081134.998-300x200.jpg&quot;,&quot;1024&quot;:&quot;https:\\\/\\\/lastatic.ams3.cdn.digitaloceanspaces.com\\\/2026\\\/09\\\/FotoJet-2026-09-04T081134.998-1024x683.jpg&quot;,&quot;1536&quot;:&quot;https:\\\/\\\/lastatic.ams3.cdn.digitaloceanspaces.com\\\/2026\\\/09\\\/FotoJet-2026-09-04T081134.998-1536x1024.jpg&quot;,&quot;500&quot;:&quot;https:\\\/\\\/lastatic.ams3.cdn.digitaloceanspaces.com\\\/2026\\\/09\\\/FotoJet-2026-09-04T081134.998-500x333.jpg&quot;,&quot;800&quot;:&quot;https:\\\/\\\/lastatic.ams3.cdn.digitaloceanspaces.com\\\/2026\\\/09\\\/FotoJet-2026-09-04T081134.998-800x533.jpg&quot;,&quot;1800&quot;:&quot;https:\\\/\\\/lastatic.ams3.cdn.digitaloceanspaces.com\\\/2026\\\/09\\\/FotoJet-2026-09-04T081134.998.jpg&quot;}\" data-focuspoint=\"&quot;&quot;\" data-p=\"2603674\" href=\"https:\/\/www.la.lv\/video-sahs-un-mats-guntis-bojars-ar-viltigu-manevru-iedzen-sturi-partijas-stabilitatei-parstavi-soctikli-burtiski-mutulo\" class=\"content-item lazy-load\" wp_automatic_readability=\"26.5\" rel=\"nofollow noopener\" target=\"_blank\"><\/p>\n<p>                                <img decoding=\"async\" src=\"\" alt=\"\" style=\"\" data-imageid=\"\"\/><\/p>\n<p>                                                                            VIDEO. \u201c\u0160ahs un mats!\u201d Guntis Boj\u0101rs ar vilt\u012bgu manevru iedzen st\u016br\u012b partijas \u201cStabilit\u0101tei\u201d p\u0101rst\u0101vi \u2013 soct\u012bkli burtiski mutu\u013co<\/p>\n<p><\/a><a data-imagesrc=\"{&quot;300&quot;:&quot;https:\\\/\\\/lastatic.ams3.cdn.digitaloceanspaces.com\\\/2026\\\/08\\\/pexels-freestockpro-12932395-300x200.jpg&quot;,&quot;1024&quot;:&quot;https:\\\/\\\/lastatic.ams3.cdn.digitaloceanspaces.com\\\/2026\\\/08\\\/pexels-freestockpro-12932395-1024x683.jpg&quot;,&quot;1536&quot;:&quot;https:\\\/\\\/lastatic.ams3.cdn.digitaloceanspaces.com\\\/2026\\\/08\\\/pexels-freestockpro-12932395-1536x1024.jpg&quot;,&quot;500&quot;:&quot;https:\\\/\\\/lastatic.ams3.cdn.digitaloceanspaces.com\\\/2026\\\/08\\\/pexels-freestockpro-12932395-500x333.jpg&quot;,&quot;800&quot;:&quot;https:\\\/\\\/lastatic.ams3.cdn.digitaloceanspaces.com\\\/2026\\\/08\\\/pexels-freestockpro-12932395-800x533.jpg&quot;,&quot;2560&quot;:&quot;https:\\\/\\\/lastatic.ams3.cdn.digitaloceanspaces.com\\\/2026\\\/08\\\/pexels-freestockpro-12932395-scaled.jpg&quot;}\" data-focuspoint=\"&quot;&quot;\" data-p=\"2599955\" href=\"https:\/\/www.la.lv\/9-lietas-ko-par-cilveku-var-uzzinat-pabraucot-kopa-ar-vinu-automasina\" class=\"content-item lazy-load\" wp_automatic_readability=\"27\" rel=\"nofollow noopener\" target=\"_blank\"><\/p>\n<p>                                <img decoding=\"async\" src=\"\" alt=\"\" style=\"\" data-imageid=\"\"\/><\/p>\n<p>                                Kokteilis<\/p>\n<p>\n                                                                                9 lietas, ko par cilv\u0113ku var uzzin\u0101t, pabraucot kop\u0101 ar vi\u0146u automa\u0161\u012bn\u0101\n                            <\/p>\n<p><\/a><br \/>\n        <a class=\"read-more\" href=\"https:\/\/www.la.lv\/top\" rel=\"nofollow noopener\" target=\"_blank\">Las\u012bt citas zi\u0146as<\/a><\/p>\n<p>\u201cEs nebiju vi\u0146u fans,\u201d ASV prezidents tre\u0161dien sac\u012bja \u017eurn\u0101listiem jaut\u0101jumu un atbil\u017eu sesij\u0101 p\u0113c preses konferences ar t\u016brisma nozares vad\u012bt\u0101jiem.<\/p>\n<p>\u201cMan bija \u013coti labas attiec\u012bbas ar karalieni, patie\u0161\u0101m labas. Es vi\u0146u \u013coti labi pazinu. Man bija \u013coti labas attiec\u012bbas ar karali \u010c\u0101rlzu \u2013 es vi\u0146u pazinu gan k\u0101 princi \u010c\u0101rlzu, gan k\u0101 karali \u010c\u0101rlzu. Es vi\u0146u paz\u012bstu jau ilgu laiku,\u201d sac\u012bja Tramps.<\/p>\n<p>    CITI \u0160OBR\u012aD LASA<\/p>\n<p>K\u0101 v\u0113st\u012b \u201cThe Guardian\u201d, raksturojot \u010c\u0101rlzu k\u0101 \u201clielisku, lielisku cilv\u0113ku\u201d, Tramps nor\u0101d\u012bja, ka, vi\u0146apr\u0101t, Harijs un Megana \u201ciztur\u0113j\u0101s pret karalisko \u0123imeni ar lielu necie\u0146u\u201d.<\/p>\n<blockquote><p>\u201cMan tas nepatika,\u201d vi\u0146\u0161 sac\u012bja, piebilstot: \u201cJa es b\u016btu karalisk\u0101 \u0123imene, es vi\u0146us neb\u016btu pie\u0146\u0113mis atpaka\u013c.\u201d<\/p><\/blockquote>\n<p>P\u0101ris pag\u0101ju\u0161aj\u0101 ned\u0113\u013c\u0101 p\u0101rc\u0113l\u0101s atpaka\u013c uz Lielbrit\u0101niju \u2013 se\u0161us gadus p\u0113c aizbrauk\u0161anas uz ASV. Kop\u0161 2020. gada vi\u0146i bija dz\u012bvoju\u0161i Kalifornij\u0101. Harijs un Megana v\u0113l nav publiski pazi\u0146oju\u0161i par saviem n\u0101kotnes pl\u0101niem. Tiek zi\u0146ots, ka vi\u0146i Lielbrit\u0101nij\u0101 pl\u0101no uztur\u0113ties \u201cilg\u0101ku laiku\u201d, vienlaikus turpinoties spekul\u0101cij\u0101m par to, cik ilgi p\u0101ris paliks valst\u012b un kur dz\u012bvos.<\/p>\n<p>Trampam jau ilgsto\u0161i ir interese un simp\u0101tijas pret britu karalisko \u0123imeni. Vi\u0146\u0161 to saista ar b\u0113rn\u012bbas atmi\u0146\u0101m, kad 1953. gad\u0101 kop\u0101 ar m\u0101ti M\u0113riju Annu Trampu, kura bija dzimusi Skotij\u0101, telev\u012bzij\u0101 v\u0113roja karalienes Elizabetes II kron\u0113\u0161anu.<\/p>\n<p>Tramps \u013coti cien\u012bja m\u016b\u017e\u012bb\u0101 aizg\u0101ju\u0161o karalieni, kuru raksturoja k\u0101 \u201clielisku sievieti\u201d, kas savas vald\u012b\u0161anas desmitgad\u0113s \u201cpatiesi nekad nebija k\u013c\u016bd\u012bjusies\u201d.<\/p>\n<p>Tiek zi\u0146ots, ka karalis \u010c\u0101rlzs v\u0113las vair\u0101k laika pavad\u012bt kop\u0101 ar hercogu un hercogieni jau priv\u0101t\u0101 status\u0101. Tom\u0113r 41 gadu vecais Harijs un 45 gadus vec\u0101 Megana ar\u012b turpm\u0101k b\u016bs priv\u0101tpersonas. Iepriek\u0161 vi\u0146i atteic\u0101s no ofici\u0101lajiem karaliskajiem pien\u0101kumiem.<\/p>\n<p>Nav sagaid\u0101ms, ka p\u0101rim tiks pied\u0101v\u0101ts t\u0101 d\u0113v\u0113tais \u201cpuse iek\u0161\u0101, puse \u0101r\u0101\u201d statuss, jo karaliene Elizabete II \u0161o iesp\u0113ju jau iepriek\u0161 kategoriski noraid\u012bja.<\/p>\n<p>Joproj\u0101m nav skaidrs ar\u012b tas, vai p\u0113c Harija un Meganas atgrie\u0161an\u0101s Lielbrit\u0101nij\u0101 vi\u0146u apsardzes izmaksas segs Lielbrit\u0101nijas nodok\u013cu maks\u0101t\u0101ji.<\/p>\n<p>T\u0113mas<\/p>\n<p>    SAIST\u012aTIE RAKSTI<\/p>\n","protected":false},"excerpt":{"rendered":"Princis Harijs un Megana M\u0101rkla. Foto: ZUMAPRESS.com\/SCANPIX Pievieno LA.LV Seko WhatsApp 18:01, 4. septembris 2026 Donalds Tramps izteicies&hellip;\n","protected":false},"author":2,"featured_media":286213,"comment_status":"","ping_status":"","sticky":false,"template":"","format":"standard","meta":{"footnotes":"","_share_on_mastodon":"0"},"categories":[19],"tags":[89,90,35,39,38,36,37,34,40],"class_list":["post-286212","post","type-post","status-publish","format-standard","has-post-thumbnail","category-izklaide","tag-entertainment","tag-izklaide","tag-latvia","tag-latvian","tag-latviesu","tag-latviesu-valoda","tag-latviesuvaloda","tag-latvija","tag-lv"],"share_on_mastodon":{"url":"https:\/\/pubeurope.com\/@lv\/117216251098801696","error":""},"_links":{"self":[{"href":"https:\/\/www.europesays.com\/lv\/wp-json\/wp\/v2\/posts\/286212","targetHints":{"allow":["GET"]}}],"collection":[{"href":"https:\/\/www.europesays.com\/lv\/wp-json\/wp\/v2\/posts"}],"about":[{"href":"https:\/\/www.europesays.com\/lv\/wp-json\/wp\/v2\/types\/post"}],"author":[{"embeddable":true,"href":"https:\/\/www.europesays.com\/lv\/wp-json\/wp\/v2\/users\/2"}],"replies":[{"embeddable":true,"href":"https:\/\/www.europesays.com\/lv\/wp-json\/wp\/v2\/comments?post=286212"}],"version-history":[{"count":0,"href":"https:\/\/www.europesays.com\/lv\/wp-json\/wp\/v2\/posts\/286212\/revisions"}],"wp:featuredmedia":[{"embeddable":true,"href":"https:\/\/www.europesays.com\/lv\/wp-json\/wp\/v2\/media\/286213"}],"wp:attachment":[{"href":"https:\/\/www.europesays.com\/lv\/wp-json\/wp\/v2\/media?parent=286212"}],"wp:term":[{"taxonomy":"category","embeddable":true,"href":"https:\/\/www.europesays.com\/lv\/wp-json\/wp\/v2\/categories?post=286212"},{"taxonomy":"post_tag","embeddable":true,"href":"https:\/\/www.europesays.com\/lv\/wp-json\/wp\/v2\/tags?post=286212"}],"curies":[{"name":"wp","href":"https:\/\/api.w.org\/{rel}","templated":true}]}}