{"id":286214,"date":"2026-09-05T03:18:29","date_gmt":"2026-09-05T03:18:29","guid":{"rendered":"https:\/\/www.europesays.com\/lv\/286214\/"},"modified":"2026-09-05T03:18:29","modified_gmt":"2026-09-05T03:18:29","slug":"dziedosais-policists-nikolajs-puzikovs-kluvis-par-teti","status":"publish","type":"post","link":"https:\/\/www.europesays.com\/lv\/286214\/","title":{"rendered":"Dziedo\u0161ais policists Nikolajs Puzikovs k\u013cuvis par t\u0113ti"},"content":{"rendered":"<p style=\"text-align: justify;\">Tre\u0161dien, 2.septembr\u012b pasaul\u0113 n\u0101cis par dziedo\u0161o policistu d\u0113v\u0113t\u0101 Nikolaja Puzikova un vi\u0146a m\u012b\u013cot\u0101s sievas Gitas Hertas d\u0113li\u0146\u0161.<\/p>\n<p style=\"text-align: justify;\">\u201cLaim\u012bgi pazi\u0146ojam, ka 02.09.2026 n\u0101ca pasaul\u0113 m\u016bsu d\u0113li\u0146\u0161.\u00a0Tagad esam par vienu sirsni\u0146u vair\u0101k,\u201d soci\u0101laj\u0101 t\u012bkl\u0101 \u201cInstagram\u201d ar priec\u012bgo zi\u0146u padal\u012bjies jaunais t\u0113tis.<\/p>\n<p style=\"text-align: justify;\">Latvij\u0101 pla\u0161i paz\u012bstamais m\u016bzi\u0137is un biju\u0161ais policists Nikolajs Puzikovs, kur\u0161 sabiedr\u012bb\u0101 iemantojis \u201cdziedo\u0161\u0101 policista\u201d titulu, p\u0113rn\u0101 gada s\u0101kum\u0101\u00a0apprec\u0113jies ar savu m\u012b\u013coto Gitu Hertu Magaznieci.<\/p>\n<p style=\"text-align: justify;\">Abi iepazin\u0101s bazn\u012bc\u0101 Gitai tuva notikuma laik\u0101 \u2013 vi\u0146as m\u0101sas k\u0101z\u0101s, kur Puzikovs uzst\u0101j\u0101s k\u0101 m\u016bzi\u0137is.<\/p>\n<p style=\"text-align: justify;\">Lasiet ar\u012b:\u00a0<\/p>\n<p style=\"text-align: justify;\"><a href=\"https:\/\/bnn.lv\/ar-kosiem-raksturiem-un-milzu-ambicijam-zinami-lauku-setas-jaunie-dalibnieki\/\" target=\"_blank\" rel=\"noopener nofollow\">Ar ko\u0161iem raksturiem un milzu amb\u012bcij\u0101m \u2013 zin\u0101mi \u201cLauku s\u0113tas\u201d jaunie dal\u012bbnieki<\/a><\/p>\n<p style=\"text-align: justify;\"><a style=\"color: #800000;\" href=\"https:\/\/bnn.lv\/dombrava-atklaj-kura-klase-macisies-vina-septingadiga-meita-tas-ir-parsteidzosi\/\" target=\"_blank\" rel=\"noopener nofollow\">Dombrava atkl\u0101j, kur\u0101 klas\u0113 m\u0101c\u012bsies vi\u0146a septi\u0146gad\u012bg\u0101 meita \u2013 tas ir p\u0101rsteidzo\u0161i<\/a><\/p>\n<p style=\"text-align: justify;\"><a style=\"color: #800000;\" href=\"https:\/\/bnn.lv\/dzive-nav-nejausibu-nepala-pazuduso-latviesu-meita-publice-skaudru-vestijumu\/\" target=\"_blank\" rel=\"noopener nofollow\">\u201cDz\u012bv\u0113 nav nejau\u0161\u012bbu,\u201d \u2013 Nep\u0101l\u0101 pazudu\u0161o latvie\u0161u meita public\u0113 skaudru v\u0113st\u012bjumu<\/a><\/p>\n<p style=\"text-align: justify;\"><a style=\"color: #800000;\" href=\"https:\/\/bnn.lv\/krievija-draud-vacijai-ar-vdr-atjaunosanu-strauji-pasliktinoties-abu-valstu-attiecibam\/\" target=\"_blank\" rel=\"noopener nofollow\">Krievij\u0101 draud V\u0101cijai ar VDR atjauno\u0161anu, strauji pasliktinoties abu valstu attiec\u012bb\u0101m<\/a><\/p>\n<p style=\"text-align: justify;\"><a style=\"color: #800000;\" href=\"https:\/\/bnn.lv\/tris-zodiaka-zimju-dzive-atversies-jauna-nodala-kas-ilgs-septinus-gadus\/\" target=\"_blank\" rel=\"noopener nofollow\">Tr\u012bs zodiaka z\u012bmju dz\u012bv\u0113 atv\u0113rsies jauna noda\u013ca, kas ilgs septi\u0146us gadus<\/a><\/p>\n","protected":false},"excerpt":{"rendered":"Tre\u0161dien, 2.septembr\u012b pasaul\u0113 n\u0101cis par dziedo\u0161o policistu d\u0113v\u0113t\u0101 Nikolaja Puzikova un vi\u0146a m\u012b\u013cot\u0101s sievas Gitas Hertas d\u0113li\u0146\u0161. \u201cLaim\u012bgi&hellip;\n","protected":false},"author":2,"featured_media":286215,"comment_status":"","ping_status":"","sticky":false,"template":"","format":"standard","meta":{"footnotes":"","_share_on_mastodon":"0"},"categories":[19],"tags":[89,90,35,39,38,36,37,34,40,42393],"class_list":["post-286214","post","type-post","status-publish","format-standard","has-post-thumbnail","category-izklaide","tag-entertainment","tag-izklaide","tag-latvia","tag-latvian","tag-latviesu","tag-latviesu-valoda","tag-latviesuvaloda","tag-latvija","tag-lv","tag-nikolajs-puzikovs"],"share_on_mastodon":{"url":"https:\/\/pubeurope.com\/@lv\/117216274194558832","error":""},"_links":{"self":[{"href":"https:\/\/www.europesays.com\/lv\/wp-json\/wp\/v2\/posts\/286214","targetHints":{"allow":["GET"]}}],"collection":[{"href":"https:\/\/www.europesays.com\/lv\/wp-json\/wp\/v2\/posts"}],"about":[{"href":"https:\/\/www.europesays.com\/lv\/wp-json\/wp\/v2\/types\/post"}],"author":[{"embeddable":true,"href":"https:\/\/www.europesays.com\/lv\/wp-json\/wp\/v2\/users\/2"}],"replies":[{"embeddable":true,"href":"https:\/\/www.europesays.com\/lv\/wp-json\/wp\/v2\/comments?post=286214"}],"version-history":[{"count":0,"href":"https:\/\/www.europesays.com\/lv\/wp-json\/wp\/v2\/posts\/286214\/revisions"}],"wp:featuredmedia":[{"embeddable":true,"href":"https:\/\/www.europesays.com\/lv\/wp-json\/wp\/v2\/media\/286215"}],"wp:attachment":[{"href":"https:\/\/www.europesays.com\/lv\/wp-json\/wp\/v2\/media?parent=286214"}],"wp:term":[{"taxonomy":"category","embeddable":true,"href":"https:\/\/www.europesays.com\/lv\/wp-json\/wp\/v2\/categories?post=286214"},{"taxonomy":"post_tag","embeddable":true,"href":"https:\/\/www.europesays.com\/lv\/wp-json\/wp\/v2\/tags?post=286214"}],"curies":[{"name":"wp","href":"https:\/\/api.w.org\/{rel}","templated":true}]}}