{"id":286262,"date":"2026-09-05T06:28:28","date_gmt":"2026-09-05T06:28:28","guid":{"rendered":"https:\/\/www.europesays.com\/lv\/286262\/"},"modified":"2026-09-05T06:28:28","modified_gmt":"2026-09-05T06:28:28","slug":"atklas-jauna-teatra-festivalu-homo-novus","status":"publish","type":"post","link":"https:\/\/www.europesays.com\/lv\/286262\/","title":{"rendered":"Atkl\u0101s jaun\u0101 te\u0101tra festiv\u0101lu &#8220;Homo Novus&#8221;"},"content":{"rendered":"<p class=\"lead\">\n                                    Piektdien, 4. septembr\u012b, plkst. 17 Latvijas Nacion\u0101laj\u0101 m\u0101kslas muzej\u0101 ar \u010cehijas m\u0101kslinieku Sodjas Zupancas Lotkeres un Tadea\u0161a R\u017e\u012bhas te\u0101tra izst\u0101di &#8220;Meitenes pa labi, z\u0113ni pa kreisi&#8221; atkl\u0101s starptautisko jaun\u0101 te\u0101tra festiv\u0101lu &#8220;Homo Novus&#8221;, kas l\u012bdz 12. septembrim R\u012bg\u0101 un citviet Latvij\u0101 pulc\u0113s Latvijas un \u0101rvalstu m\u0101ksliniekus, piev\u0113r\u0161oties savstarp\u0113j\u0101m r\u016bp\u0113m, kop\u0101 b\u016b\u0161anai un cilv\u0113c\u012bg\u0101m attiec\u012bb\u0101m.\n                                <\/p>\n<p>&#8220;Meitenes pa labi, z\u0113ni pa kreisi&#8221; ir te\u0101tra izst\u0101de par identit\u0101ti, pieder\u012bbu un to, k\u0101 m\u016bsu pieredzi veido citu cilv\u0113ku v\u0113rt\u0113jo\u0161ie skatieni un kritiskie izteikumi. T\u0101 piev\u0113r\u0161as bulinga t\u0113mai, ko cilv\u0113ki nereti pirmoreiz piedz\u012bvo jau skolas gados sava izskata, fizisko sp\u0113ju vai identit\u0101tes d\u0113\u013c. Vienlaikus \u0161is m\u0101kslas darbs run\u0101 ar\u012b par drosmi pie\u0146emt sevi, atrast atbalstu, ieg\u016bt cie\u0146u un pieder\u012bbas saj\u016btu.<\/p>\n<p>&#8220;\u0160\u0137ita b\u016btiski festiv\u0101lu s\u0101kt tie\u0161i ar \u0161o darbu, jo tas \u013coti prec\u012bzi run\u0101 par to, kas \u0161ogad ir svar\u012bgs ar\u012b vis\u0101 &#8220;Homo Novus&#8221; programm\u0101 \u2013 par sp\u0113ju ieraudz\u012bt otru cilv\u0113ku, nenov\u0113rsties no vi\u0146a pieredzes un rad\u012bt telpu, kur\u0101 varam b\u016bt kop\u0101 ar\u012b tad, ja m\u016bsu st\u0101sti ir at\u0161\u0137ir\u012bgi. Tas atg\u0101dina, ka r\u016bpes ne vienm\u0113r s\u0101kas ar akt\u012bvu r\u012bc\u012bbu \u2013 reiz\u0113m tie\u0161i ieklaus\u012b\u0161an\u0101s un kop\u0101 pavad\u012bts laiks ir pirmais solis ce\u013c\u0101 uz izpratni un risin\u0101jumu,&#8221; saka festiv\u0101la &#8220;Homo Novus&#8221; kuratore Santa Remere.<\/p>\n<p>Te\u0101tra izst\u0101d\u0113 ierastie m\u0113rogi apzin\u0101ti deform\u0113ti. Gandr\u012bz se\u0161us metrus augst\u0101s lelles att\u0113lo cilv\u0113kus, kuru pieredze dzirdama dokument\u0101los st\u0101stos. Katrai lellei ir v\u0101rds un st\u0101sts.<\/p>\n<p>Izst\u0101des pirm\u0101 versija tapusi, Pr\u0101gas pils\u0113tas muzejam sadarbojoties ar Pr\u0101gas praidu, savuk\u0101rt Latvijas ekspoz\u012bciju veido Starptautiskais jaun\u0101 te\u0101tra festiv\u0101ls &#8220;Homo Novus&#8221;. Latvij\u0101 instal\u0101ciju papildina viet\u0113jie apcel\u0161anas pieredzes st\u0101sti, kas apkopoti sadarb\u012bb\u0101 ar interneta \u017eurn\u0101lu &#8220;Satori.lv&#8221;. &#8220;M\u016bsu aicin\u0101jumam dal\u012bties ar st\u0101stiem par piedz\u012bvoto izsmie\u0161anu atsauc\u0101s vair\u0101k nek\u0101 60 da\u017e\u0101da vecuma cilv\u0113ki, st\u0101stot par piedz\u012bvoto vardarb\u012bbu sava izskata, dzimuma, seksu\u0101l\u0101s orient\u0101cijas un citu apst\u0101k\u013cu d\u0113\u013c,&#8221; saka &#8220;Satori.lv&#8221; galvenais redaktors Andrejs Viksna. Izst\u0101de b\u016bs apskat\u0101ma no 5. l\u012bdz 20. septembrim Latvijas Nacion\u0101laj\u0101 m\u0101kslas muzej\u0101, ieg\u0101d\u0101joties bi\u013ceti muzeja apmekl\u0113jumam.<\/p>\n<p>Savuk\u0101rt sestdien, 5. septembr\u012b, m\u016bsdienu kult\u016bras foruma &#8220;Balt\u0101 nakts&#8221; laik\u0101 \u010dehu un slov\u0113\u0146u apvien\u012bba &#8220;Dimanta rite\u0146i&#8221; un viet\u0113j\u0101 &#8220;ripot\u0101ju&#8221; kopiena skv\u0113r\u0101 aiz Latvijas Nacion\u0101l\u0101 m\u0101kslas muzeja aicina rati\u0146kr\u0113slu lietot\u0101jus, skeiterus un skritu\u013cot\u0101jus uz kop\u012bgu ball\u012bti, atg\u0101dinot, ka \u0161\u0137ietami \u013coti at\u0161\u0137ir\u012bg\u0101m kopien\u0101m bie\u017ei vien ir vair\u0101k kop\u012bga, nek\u0101 s\u0101kum\u0101 var\u0113tu \u0161\u0137ist, un ka m\u0113s varam past\u0101v\u0113t l\u012bdz\u0101s. Tas b\u016bs performat\u012bvs notikums, kur\u0101 kop\u012bga svin\u0113\u0161ana k\u013c\u016bs par m\u0101kslas darbu. M\u016bzika, kust\u012bba, karaoke, performances un negaid\u012btas satik\u0161an\u0101s aicin\u0101s ikvienu iesaist\u012bties un iepaz\u012bt pils\u0113tu no citas perspekt\u012bvas.<\/p>\n<p>Starptautisk\u0101 jaun\u0101 te\u0101tra festiv\u0101la notikumi \u0161ogad b\u016bs v\u0113rojami Daugavas krastos no Kr\u0101slavas l\u012bdz R\u012bgai, te\u0101tra namos, Latvijas Nacion\u0101laj\u0101 m\u0101kslas muzej\u0101, rado\u0161\u0101s r\u016bpn\u012bcas &#8220;Veldze&#8221; kvart\u0101l\u0101, Lielajos kapos, ce\u013cu b\u016bves uz\u0146\u0113muma teritorij\u0101, dz\u012bvojamaj\u0101 treiler\u0101 un citviet. Festiv\u0101la programma aicin\u0101s piev\u0113rst uzman\u012bbu savstarp\u0113j\u0101m r\u016bp\u0113m, kop\u0101 b\u016b\u0161anai un cilv\u0113c\u012bg\u0101m attiec\u012bb\u0101m laik\u0101, kad sabiedr\u012bb\u0101 arvien bie\u017e\u0101k domin\u0113 steiga, spriedze un inform\u0101cijas pies\u0101tin\u0101jums.<\/p>\n<p>Starptautisko jaun\u0101 te\u0101tra festiv\u0101lu &#8220;Homo Novus&#8221; produc\u0113 biedr\u012bba &#8220;Latvijas Jaun\u0101 te\u0101tra instit\u016bts&#8221; \u2013 nevalstiska organiz\u0101cija, kas str\u0101d\u0101 ar laikmet\u012bgo te\u0101tri un cit\u0101m skatuves m\u0101kslas form\u0101m viet\u0113j\u0101 un starptautisk\u0101 l\u012bmen\u012b.<\/p>\n<p>Festiv\u0101lu finansi\u0101li atbalsta Valsts kult\u016brkapit\u0101la fonds, R\u012bgas pa\u0161vald\u012bba, ES programma &#8220;Rado\u0161\u0101 Eiropa&#8221;, Eiropas Re\u0123ion\u0101l\u0101s att\u012bst\u012bbas fonds, Sabiedr\u012bbas integr\u0101cijas fonds, Latvijas Republikas Kult\u016bras ministrija u. c.<\/p>\n<p class=\"paragraph-muted\">Izv\u0113lies savu soct\u012bklu platformu, lai sekotu LASI.LV: <a href=\"https:\/\/www.facebook.com\/portals.lasi.lv\" target=\"_blank\" rel=\"noopener noreferrer nofollow\">Facebook<\/a>, <a href=\"https:\/\/twitter.com\/lasilvportals\" target=\"_blank\" rel=\"noopener noreferrer nofollow\">X<\/a>, <a href=\"https:\/\/bsky.app\/profile\/lasilv.bsky.social\" target=\"_blank\" rel=\"noopener noreferrer nofollow\">Bluesky<\/a>, <a href=\"https:\/\/www.draugiem.lv\/lasilv\/?pg=4\" target=\"_blank\" rel=\"noopener noreferrer nofollow\">Draugiem<\/a>, <a href=\"https:\/\/www.threads.com\/@lasilv_zinas\" rel=\"nofollow noopener\" target=\"_blank\">Threads<\/a> vai ar\u012b <a href=\"https:\/\/www.instagram.com\/lasilv_zinas\/\" target=\"_blank\" rel=\"noopener noreferrer nofollow\">Instagram<\/a>. Pievienojies m\u016bsu las\u012bt\u0101ju pulkam, lai sa\u0146emtu \u012bpa\u0161i tev atlas\u012btu noder\u012bgu, praktisku un aktu\u0101lu saturu.\u00a0<\/p>\n<p style=\"margin-left:auto;\">Pieraksties LASI.LV redaktora v\u0113stkopai <a href=\"https:\/\/lasi.lv\/vestkopa\/lasi-lv-galvena-redaktora-vestkopa\" rel=\"nofollow noopener\" target=\"_blank\">\u0161eit<\/a>.<\/p>\n<p>Pieraksties v\u0113stkopai un divas reizes ned\u0113\u013c\u0101 sa\u0146em padzi\u013cin\u0101tu LASI.LV galven\u0101 redaktora aktu\u0101lo zi\u0146u, kompetentu viedok\u013cu un interesant\u0101ko interviju apkopojumu.<\/p>\n<p>Ko tu sa\u0146emsi:<\/p>\n<ul>\n<li>Daudzveid\u012bgus koment\u0101rus un kompetentus Latvijas Mediju \u017eurn\u0101listu un autoru viedok\u013cus par aktu\u0101lo<\/li>\n<li>Ekspertu koment\u0101rus par da\u017e\u0101diem praktiskiem, noder\u012bgiem tematiem<\/li>\n<li>Aizraujo\u0161us materi\u0101lus par v\u0113sturi, psiholo\u0123iju, kult\u016bru<\/li>\n<li>Gata \u0160\u013c\u016bkas karikat\u016bru<\/li>\n<li>Tav\u0101 e-pasta kast\u012bt\u0113 katru ceturtdienu<\/li>\n<\/ul>\n<p style=\"margin-left:auto;\">\u00a0<\/p>\n<p><script async src=\"https:\/\/platform.twitter.com\/widgets.js\" charset=\"utf-8\"><\/script><script async src=\"\/\/www.instagram.com\/embed.js\"><\/script><\/p>\n","protected":false},"excerpt":{"rendered":"Piektdien, 4. septembr\u012b, plkst. 17 Latvijas Nacion\u0101laj\u0101 m\u0101kslas muzej\u0101 ar \u010cehijas m\u0101kslinieku Sodjas Zupancas Lotkeres un Tadea\u0161a R\u017e\u012bhas&hellip;\n","protected":false},"author":2,"featured_media":286263,"comment_status":"","ping_status":"","sticky":false,"template":"","format":"standard","meta":{"footnotes":"","_share_on_mastodon":"0"},"categories":[12],"tags":[23,28,29,32,33,22,30,31,35,39,38,36,37,34,40,20,26,27,24,25,21],"class_list":["post-286262","post","type-post","status-publish","format-standard","has-post-thumbnail","category-latvija","tag-aktualitates","tag-breaking-news","tag-breakingnews","tag-featured-news","tag-featurednews","tag-headlines","tag-latest-news","tag-latestnews","tag-latvia","tag-latvian","tag-latviesu","tag-latviesu-valoda","tag-latviesuvaloda","tag-latvija","tag-lv","tag-news","tag-popularakas-zinas","tag-popularakaszinas","tag-top-stories","tag-topstories","tag-zinas"],"share_on_mastodon":{"url":"https:\/\/pubeurope.com\/@lv\/117217021498722325","error":""},"_links":{"self":[{"href":"https:\/\/www.europesays.com\/lv\/wp-json\/wp\/v2\/posts\/286262","targetHints":{"allow":["GET"]}}],"collection":[{"href":"https:\/\/www.europesays.com\/lv\/wp-json\/wp\/v2\/posts"}],"about":[{"href":"https:\/\/www.europesays.com\/lv\/wp-json\/wp\/v2\/types\/post"}],"author":[{"embeddable":true,"href":"https:\/\/www.europesays.com\/lv\/wp-json\/wp\/v2\/users\/2"}],"replies":[{"embeddable":true,"href":"https:\/\/www.europesays.com\/lv\/wp-json\/wp\/v2\/comments?post=286262"}],"version-history":[{"count":0,"href":"https:\/\/www.europesays.com\/lv\/wp-json\/wp\/v2\/posts\/286262\/revisions"}],"wp:featuredmedia":[{"embeddable":true,"href":"https:\/\/www.europesays.com\/lv\/wp-json\/wp\/v2\/media\/286263"}],"wp:attachment":[{"href":"https:\/\/www.europesays.com\/lv\/wp-json\/wp\/v2\/media?parent=286262"}],"wp:term":[{"taxonomy":"category","embeddable":true,"href":"https:\/\/www.europesays.com\/lv\/wp-json\/wp\/v2\/categories?post=286262"},{"taxonomy":"post_tag","embeddable":true,"href":"https:\/\/www.europesays.com\/lv\/wp-json\/wp\/v2\/tags?post=286262"}],"curies":[{"name":"wp","href":"https:\/\/api.w.org\/{rel}","templated":true}]}}