{"id":286264,"date":"2026-09-05T06:33:36","date_gmt":"2026-09-05T06:33:36","guid":{"rendered":"https:\/\/www.europesays.com\/lv\/286264\/"},"modified":"2026-09-05T06:33:36","modified_gmt":"2026-09-05T06:33:36","slug":"zelenskis-kritize-specdienestu-apsaudi","status":"publish","type":"post","link":"https:\/\/www.europesays.com\/lv\/286264\/","title":{"rendered":"Zelenskis kritiz\u0113 specdienestu ap\u0161audi"},"content":{"rendered":"<p>                                        <img decoding=\"async\" src=\"https:\/\/news.inbox.eu\/w\/img\/45\/b0\/45b080e6da294fba22-800x0.jpeg\" onerror=\"this.src=\" https:=\"\" onload=\"if(this.width &lt;= 1){this.src=\"\/><\/p>\n<p>Kijiv\u0101 tre\u0161dien notikus\u012b ap\u0161aude Ukrainas Dro\u0161\u012bbas dienesta (SBU) un Aizsardz\u012bbas ministrijas Galven\u0101s izl\u016bko\u0161anas p\u0101rvaldes (HUR) vien\u012bbu starp\u0101 ir absol\u016bti apkaunojo\u0161a situ\u0101cija, pazi\u0146ojum\u0101 tre\u0161dienas vakar\u0101 pauda Ukrainas prezidents Volodimirs Zelenskis. Vi\u0146\u0161 sol\u012bja saukt vain\u012bgos pie atbild\u012bbas, pie\u0146emt l\u0113mumus attiec\u012bb\u0101 uz person\u0101lu un veikt iek\u0161\u0113jo izmekl\u0113\u0161anu abos dienestos. Dr\u012bz p\u0113c tam valsts prezidenta t\u012bmek\u013ca vietn\u0113 par\u0101d\u012bj\u0101s r\u012bkojums par Oleha Hramova, SBU Valsts nosl\u0113puma aizsardz\u012bbas un licenc\u0113\u0161anas departamenta vad\u012bt\u0101ja, atlai\u0161anu. &#8220;\u0160eit, Ukrain\u0101, dr\u012bkst \u0161aut tikai uz Krievijas okupantiem, lai aizsarg\u0101tu Ukrainu. Nek\u0101da cita \u0161au\u0161ana nekad netiks uzskat\u012bta par kaut ko t\u0101du, kas k\u0101dam b\u016btu at\u013cauts,&#8221; uzsv\u0113ra Zelenskis. Otrdien Ukrainas Aizsardz\u012bbas sp\u0113ku Krievu br\u012bvpr\u0101t\u012bgo korpuss (RDK), kas ir pak\u013cauts HUR, pazi\u0146oja, ka neidentific\u0113ti cilv\u0113ki 23. august\u0101 Kijiv\u0101 nolaup\u012bju\u0161i RDK kaujas darb\u012bbas komandiera vietnieku Stepanu Kaplunovu. Savuk\u0101rt tre\u0161dienas r\u012bt\u0101 soci\u0101lajos medijos izplat\u012bj\u0101s inform\u0101cija par ap\u0161audi Kijivas D\u0146epras rajon\u0101 HUR un SBU p\u0101rst\u0101vju starp\u0101. T\u0101 bijusi saist\u012bta ar Kaplunova pazu\u0161anu.<\/p>\n","protected":false},"excerpt":{"rendered":"Kijiv\u0101 tre\u0161dien notikus\u012b ap\u0161aude Ukrainas Dro\u0161\u012bbas dienesta (SBU) un Aizsardz\u012bbas ministrijas Galven\u0101s izl\u016bko\u0161anas p\u0101rvaldes (HUR) vien\u012bbu starp\u0101 ir&hellip;\n","protected":false},"author":2,"featured_media":286265,"comment_status":"","ping_status":"","sticky":false,"template":"","format":"standard","meta":{"footnotes":"","_share_on_mastodon":"0"},"categories":[14],"tags":[23,57,28,29,32,33,22,30,31,35,39,38,36,37,34,40,20,26,27,24,25,54,55,56,21,58],"class_list":["post-286264","post","type-post","status-publish","format-standard","has-post-thumbnail","category-zinas-no-arvalstim","tag-aktualitates","tag-arvalstim","tag-breaking-news","tag-breakingnews","tag-featured-news","tag-featurednews","tag-headlines","tag-latest-news","tag-latestnews","tag-latvia","tag-latvian","tag-latviesu","tag-latviesu-valoda","tag-latviesuvaloda","tag-latvija","tag-lv","tag-news","tag-popularakas-zinas","tag-popularakaszinas","tag-top-stories","tag-topstories","tag-world","tag-world-news","tag-worldnews","tag-zinas","tag-zinas-no-arvalstim"],"share_on_mastodon":{"url":"https:\/\/pubeurope.com\/@lv\/117217041398700457","error":""},"_links":{"self":[{"href":"https:\/\/www.europesays.com\/lv\/wp-json\/wp\/v2\/posts\/286264","targetHints":{"allow":["GET"]}}],"collection":[{"href":"https:\/\/www.europesays.com\/lv\/wp-json\/wp\/v2\/posts"}],"about":[{"href":"https:\/\/www.europesays.com\/lv\/wp-json\/wp\/v2\/types\/post"}],"author":[{"embeddable":true,"href":"https:\/\/www.europesays.com\/lv\/wp-json\/wp\/v2\/users\/2"}],"replies":[{"embeddable":true,"href":"https:\/\/www.europesays.com\/lv\/wp-json\/wp\/v2\/comments?post=286264"}],"version-history":[{"count":0,"href":"https:\/\/www.europesays.com\/lv\/wp-json\/wp\/v2\/posts\/286264\/revisions"}],"wp:featuredmedia":[{"embeddable":true,"href":"https:\/\/www.europesays.com\/lv\/wp-json\/wp\/v2\/media\/286265"}],"wp:attachment":[{"href":"https:\/\/www.europesays.com\/lv\/wp-json\/wp\/v2\/media?parent=286264"}],"wp:term":[{"taxonomy":"category","embeddable":true,"href":"https:\/\/www.europesays.com\/lv\/wp-json\/wp\/v2\/categories?post=286264"},{"taxonomy":"post_tag","embeddable":true,"href":"https:\/\/www.europesays.com\/lv\/wp-json\/wp\/v2\/tags?post=286264"}],"curies":[{"name":"wp","href":"https:\/\/api.w.org\/{rel}","templated":true}]}}