{"id":286266,"date":"2026-09-05T06:48:17","date_gmt":"2026-09-05T06:48:17","guid":{"rendered":"https:\/\/www.europesays.com\/lv\/286266\/"},"modified":"2026-09-05T06:48:17","modified_gmt":"2026-09-05T06:48:17","slug":"kapec-pazuda-dziedataja-evija-vebere-tagad-vinai-ir-pavisam-cita-dzive-santa","status":"publish","type":"post","link":"https:\/\/www.europesays.com\/lv\/286266\/","title":{"rendered":"K\u0101p\u0113c pazuda dzied\u0101t\u0101ja Evija V\u0113bere? Tagad vi\u0146ai ir pavisam cita dz\u012bve \u2014 Santa"},"content":{"rendered":"<p>P\u0113d\u0113jais pla\u0161\u0101k izskan\u0113ju\u0161ais notikums, kur\u0101 piedal\u012bj\u0101s latvie\u0161u alternat\u012bv\u0101s m\u016bzikas zvaigzne Evija V\u0113bere bija Muzik\u0101l\u0101s bankas 2025\u00a0fin\u0101ls. Tur vi\u0146a ar grupu Carnival Youth piedal\u012bj\u0101s \u012bsi p\u0113c meiti\u0146as piedzim\u0161anas. \u00abViss k\u0101rt\u012bb\u0101, man kl\u0101jas \u013coti labi,\u00bb sarun\u0101 ar PDz teic Evija. \u00abAgr\u0101k biju vair\u0101k soci\u0101li akt\u012bva, ta\u010du tagad \u0161ie m\u0113ne\u0161i ir aizrit\u0113ju\u0161i t\u0101d\u0101 k\u0101 miera ost\u0101 kop\u0101 ar b\u0113rnu, v\u012bru un ka\u0137i,\u00bb par savu jaun\u0101s m\u0101mi\u0146as ikdienu st\u0101sta dzied\u0101t\u0101ja. Vi\u0146a nesp\u0113ju vien sagaid\u012bt, kad meita s\u0101ks tipin\u0101t un var\u0113s doties liel\u0101kos piedz\u012bvojumos pasaul\u0113.<\/p>\n<blockquote><p>&#13;<\/p>\n<p>\u00abEsmu tik laim\u012bga, ka varu piedz\u012bvot mazas dz\u012bv\u012bbi\u0146as br\u012bnumu.<\/p>\n<p>&#13;\n<\/p><\/blockquote>\n<p>Man ir dzi\u013ca pateic\u012bba, ka esam t\u0101das dievi\u0161\u0137as b\u016btnes, kas caur sevi var rad\u012bt dz\u012bv\u012bbi\u0146u.\u00bb Dzied\u0101t\u0101jas meitai, kas dzimusi attiec\u012bb\u0101s ar d\u017eeza pianistu Tomu Mik\u0101lu, dr\u012bz jau b\u016bs gads. Evija mazu\u013ca v\u0101rdu pagaid\u0101m grib patur nosl\u0113pum\u0101. \u00abProtams, man\u0101 rado\u0161aj\u0101 kalend\u0101r\u0101 koncerti un pas\u0101kumi vairs nav tik bie\u017ei k\u0101 pirms meitas piedzim\u0161anas, bet viss ir likumsakar\u012bgi, jo tagad svar\u012bgi b\u016bt kop\u0101 ar savu b\u0113rni\u0146u, un \u0161o laiku, cik vien iesp\u0113jams, velt\u012bt mazajai dz\u012bv\u012bbi\u0146ai,\u00bb saka V\u0113bere.<\/p>\n<p>Uzst\u0101joties kop\u0101 ar\u00a0Carnival Youth:<\/p>\n<p>        <a href=\"https:\/\/www.europesays.com\/lv\/wp-content\/uploads\/2026\/09\/bc5605af25a2.jpg\"><img decoding=\"async\" alt=\"\" class=\"no-convert\" src=\"https:\/\/www.europesays.com\/lv\/wp-content\/uploads\/2026\/09\/bc5605af25a2.jpg\"\/><\/a><\/p>\n<p> Foto: No personisk\u0101 arh\u012bva<\/p>\n<p>\u00a0<\/p>\n<p>C\u012bn\u0101s ar miegu un nogurumu<\/p>\n<p>Evija ir p\u0101rliecin\u0101jusies, ka nekas nevar b\u016bt skaist\u0101ks un svar\u012bg\u0101ks k\u0101 b\u016bt par m\u0101mi\u0146u, lai ar\u012b taj\u0101 pa\u0161\u0101 laik\u0101 tas nav viegli. \u00abProtams, negribu ar\u012b baigi visu romantiz\u0113t, bet \u0161is ir \u0101rk\u0101rt\u012bgi skaists un \u013coti izaicino\u0161s periods. Tom\u0113r liel\u0101kie izaicin\u0101jumi ir miegs un nogurums. Tagad lab\u0101k saprotu savus draugus un izj\u016btu v\u0113l liel\u0101ku cie\u0146u pret cilv\u0113kiem ar b\u0113rniem. Katru reizi, kad man pret\u012b n\u0101k mammas ar sav\u0101m atvas\u0113m, m\u0113s sasmaid\u0101mies.<\/p>\n<blockquote><p>&#13;<\/p>\n<p>B\u0113rns \u013coti izmaina dz\u012bvi, un \u0161\u012b ir visliel\u0101k\u0101 un jaud\u012bg\u0101k\u0101 transform\u0101cija, <\/p>\n<p>&#13;\n<\/p><\/blockquote>\n<p>k\u0101da jebkad man ir bijusi. \u0160\u0137iet, it k\u0101 veca, nevajadz\u012bga \u0101da nokr\u012bt nost. Kop\u0161 meitas ien\u0101k\u0161anas man\u0101 dz\u012bv\u0113 man\u012b ir maz\u0101k egoisma, l\u012bdz ar to j\u016btos viegl\u0101k un br\u012bv\u0101k,\u00bb par jauno pieredzi st\u0101sta V\u0113bere. Dzied\u0101t\u0101ja ar\u012b atkl\u0101j, kura meitai ir iem\u012b\u013cot\u0101 \u0161\u016bpu\u013cdziesma. \u00abMazajai m\u0113dzu dzied\u0101t Guli, guli, mazais \u0161muli. Vi\u0146ai tik \u013coti pat\u012bk klaus\u012bties gan mammas, gan t\u0113ta bals\u012b,\u00bb ar smaidu piebilst Evija.<\/p>\n<p>\u00a0<\/p>\n<p>P\u0101rsteidz, ka cilv\u0113ki atpaz\u012bst<\/p>\n<p>V\u0113bere atkl\u0101j\u00a0\u2013 lai ar\u012b pa\u0161laik k\u0101 m\u016bzi\u0137e ir pieklususi, t\u0101p\u0113c ir pat\u012bkams p\u0101rsteigums, ka cilv\u0113ki joproj\u0101m vi\u0146u uz ielas atpaz\u012bst. Slavena dzied\u0101t\u0101ja k\u013cuva 28\u00a0gadu vecum\u0101, izpildot dziesmu Mana sv\u0113tku diena, Latvijas simtgadei velt\u012btaj\u0101 koncert\u0101 M\u012blest\u012bbas v\u0101rd\u0101.18+. Kop\u0161 t\u0101 br\u012b\u017ea vi\u0146as dz\u012bve izmain\u012bj\u0101s par 180\u00a0gr\u0101diem.<\/p>\n<p>        <img decoding=\"async\" class=\"no-convert\" alt=\"\" data-init=\"lazy-image\" src=\"https:\/\/www.europesays.com\/lv\/wp-content\/uploads\/2026\/09\/b43032143126.jpg\"\/><a target=\"_self\" href=\"https:\/\/www.santa.lv\/raksts\/privatadzive\/dziedataja-evija-vebere-skaidro-vai-meiteniga-balss-vinai-dabas-dota-48820\/\" aria-label=\"Dzied\u0101t\u0101ja Evija V\u0113bere skaidro, vai meiten\u012bg\u0101 balss vi\u0146ai &lt;strong&gt;dabas dota&lt;\/strong&gt;\" rel=\"nofollow noopener\"><img decoding=\"async\" class=\"no-convert\" alt=\"\" data-init=\"lazy-image\" src=\"https:\/\/www.europesays.com\/lv\/wp-content\/uploads\/2026\/09\/39f1426a23a8.jpg\"\/><a target=\"_self\" href=\"https:\/\/www.santa.lv\/raksts\/privatadzive\/foto-krauze-atklaj-sava-slaida-auguma-un-nebeidzamas-energijas-noslepumu-80029\/\" aria-label=\"FOTO: Krauze atkl\u0101j sava slaid\u0101 auguma un nebeidzam\u0101s ener\u0123ijas nosl\u0113pumu\" rel=\"nofollow noopener\">    <\/p>\n<p>Tagad Evijai ir jau 35\u00a0gadi un vi\u0146a ir skaidri noformul\u0113jusi savas priorit\u0101tes. \u00abEs izbaudu \u0161o laiku ar mazuli\u00a0\u2013 aukl\u0113ju un sp\u0113l\u0113jos ar meitu,\u00a0 bet, kam\u0113r vi\u0146a gu\u013c, \u0137eros kl\u0101t m\u016bzikai vai ar\u012b t\u012bru m\u0101ju. \u0145emot v\u0113r\u0101, ka sabiedr\u012bb\u0101 san\u0101k par\u0101d\u012bties ret\u0101k,<\/p>\n<blockquote><p>&#13;<\/p>\n<p>aizvien p\u0101rsteidz, ka mani paz\u012bst un atceras. <\/p>\n<p>&#13;\n<\/p><\/blockquote>\n<p>Es to \u013coti nov\u0113rt\u0113ju un uztveru k\u0101 lielu d\u0101vanu. Tas noz\u012bm\u0113, ka mana <a data-id=\"122888\" href=\"https:\/\/www.santa.lv\/tema\/122888\/muzika?utm_source=internal&amp;utm_medium=article&amp;utm_campaign=theme_link\" target=\"_blank\" rel=\"nofollow noopener\">m\u016bzika<\/a> ir sp\u0113jusi aizkustin\u0101t,\u00bb ar patiku secina dzied\u0101t\u0101ja. Par saviem rado\u0161ajiem pl\u0101niem vi\u0146a pa\u010dukst: \u00abAr savu draudzeni El\u012bnu Silovu dr\u012bz jau klaj\u0101 laid\u012bsim albumu L\u012bla, kas sanskrit\u0101 noz\u012bm\u0113 dz\u012bve k\u0101 sp\u0113le un deja. T\u0101pat priec\u0101jos par sadarb\u012bbu ar horeogr\u0101fu Art\u016bru N\u012bgali, kas uztic\u0113jis sacer\u0113t m\u016bziku vi\u0146a \u013coti skaistajai laikmet\u012bg\u0101s dejas performancei.\u00bb<\/p>\n<p>        <img decoding=\"async\" class=\"no-convert\" alt=\"\" data-init=\"lazy-image\" src=\"https:\/\/www.europesays.com\/lv\/wp-content\/uploads\/2026\/09\/1788590896_692_9a0f54617f3e.jpg\"\/><a target=\"_self\" href=\"https:\/\/www.santa.lv\/raksts\/ievasveseliba\/ne-tikai-onkologijas-pacientiem-kam-pienakas-valsts-apmaksats-mediciniskais-papilduzturs-85015\/\" aria-label=\"Ne tikai onkolo\u0123ijas pacientiem: kam pien\u0101kas valsts apmaks\u0101ts medic\u012bniskais papilduzturs?\" rel=\"nofollow noopener\"><\/p>\n<p>Indra Ozoli\u0146a<\/p>\n<p><img decoding=\"async\" class=\"no-convert\" alt=\"\" data-init=\"lazy-image\" src=\"https:\/\/www.europesays.com\/lv\/wp-content\/uploads\/2026\/09\/1788590897_508_22a464db0b98.jpg\"\/><a target=\"_self\" href=\"https:\/\/www.santa.lv\/raksts\/ievasveseliba\/pamosties-pulksten-trijos-nakti-un-viss--miegs-neviena-aci-miega-arste-par-bezmiega-apburto-loku-85004\/\" aria-label=\"Pamosties pulksten trijos nakt\u012b, un viss \u2013 miegs nevien\u0101 ac\u012b! Miega \u0101rste par bezmiega apburto loku\" rel=\"nofollow noopener\">    <\/p>\n<p>\t\t\t\t\t\t\tPadalies ar draugiem<\/p>\n","protected":false},"excerpt":{"rendered":"P\u0113d\u0113jais pla\u0161\u0101k izskan\u0113ju\u0161ais notikums, kur\u0101 piedal\u012bj\u0101s latvie\u0161u alternat\u012bv\u0101s m\u016bzikas zvaigzne Evija V\u0113bere bija Muzik\u0101l\u0101s bankas 2025\u00a0fin\u0101ls. Tur vi\u0146a&hellip;\n","protected":false},"author":2,"featured_media":286267,"comment_status":"","ping_status":"","sticky":false,"template":"","format":"standard","meta":{"footnotes":"","_share_on_mastodon":"0"},"categories":[19],"tags":[89,90,35,39,38,36,37,34,40],"class_list":["post-286266","post","type-post","status-publish","format-standard","has-post-thumbnail","category-izklaide","tag-entertainment","tag-izklaide","tag-latvia","tag-latvian","tag-latviesu","tag-latviesu-valoda","tag-latviesuvaloda","tag-latvija","tag-lv"],"share_on_mastodon":{"url":"https:\/\/pubeurope.com\/@lv\/117217100716118754","error":""},"_links":{"self":[{"href":"https:\/\/www.europesays.com\/lv\/wp-json\/wp\/v2\/posts\/286266","targetHints":{"allow":["GET"]}}],"collection":[{"href":"https:\/\/www.europesays.com\/lv\/wp-json\/wp\/v2\/posts"}],"about":[{"href":"https:\/\/www.europesays.com\/lv\/wp-json\/wp\/v2\/types\/post"}],"author":[{"embeddable":true,"href":"https:\/\/www.europesays.com\/lv\/wp-json\/wp\/v2\/users\/2"}],"replies":[{"embeddable":true,"href":"https:\/\/www.europesays.com\/lv\/wp-json\/wp\/v2\/comments?post=286266"}],"version-history":[{"count":0,"href":"https:\/\/www.europesays.com\/lv\/wp-json\/wp\/v2\/posts\/286266\/revisions"}],"wp:featuredmedia":[{"embeddable":true,"href":"https:\/\/www.europesays.com\/lv\/wp-json\/wp\/v2\/media\/286267"}],"wp:attachment":[{"href":"https:\/\/www.europesays.com\/lv\/wp-json\/wp\/v2\/media?parent=286266"}],"wp:term":[{"taxonomy":"category","embeddable":true,"href":"https:\/\/www.europesays.com\/lv\/wp-json\/wp\/v2\/categories?post=286266"},{"taxonomy":"post_tag","embeddable":true,"href":"https:\/\/www.europesays.com\/lv\/wp-json\/wp\/v2\/tags?post=286266"}],"curies":[{"name":"wp","href":"https:\/\/api.w.org\/{rel}","templated":true}]}}