{"id":286268,"date":"2026-09-05T06:51:13","date_gmt":"2026-09-05T06:51:13","guid":{"rendered":"https:\/\/www.europesays.com\/lv\/286268\/"},"modified":"2026-09-05T06:51:13","modified_gmt":"2026-09-05T06:51:13","slug":"putins-pirmo-reizi-dod-ceribu-uz-mieru-krievijas-lideris-nak-klaja-ar-negaiditu-pazinojumu","status":"publish","type":"post","link":"https:\/\/www.europesays.com\/lv\/286268\/","title":{"rendered":"Putins pirmo reizi dod cer\u012bbu uz mieru? Krievijas l\u012bderis n\u0101k klaj\u0101 ar negaid\u012btu pazi\u0146ojumu"},"content":{"rendered":"<p>    <img decoding=\"async\" src=\"https:\/\/www.europesays.com\/lv\/wp-content\/uploads\/2026\/09\/zelenskis-putins-1024x688.jpg\" alt=\"&#10;\"\/><\/p>\n<p>Foto: SIPA\/ZUMAPRESS.com\/Scanpix\n<\/p>\n<p>                                                <a href=\"https:\/\/news.google.com\/publications\/CAAqHQgKIhdDQklTQ3dnTWFnY0tCV3hoTG14MktBQVAB?hl=lv&amp;gl=LV&amp;ceid=LV%3Alv\" target=\"_blank\" style=\"font-family:SF Pro Display, Roboto, serif;font-size:12px;font-weight:bold;text-transform:uppercase;color:#000;text-decoration:none;line-height:34px;height:32px;display:block\" rel=\"nofollow noopener\"><br \/>\n                            Pievieno LA.LV<br \/>\n                            <img loading=\"lazy\" decoding=\"async\" src=\"https:\/\/www.la.lv\/assets\/images\/icon\/logo-google.svg\" style=\"margin-left:4px;vertical-align: -5px;\" width=\"18\" height=\"18\"\/><br \/>\n                        <\/a><br \/>\n                                                                        <a href=\"https:\/\/whatsapp.com\/channel\/0029VbCMJEF2v1IwTt54UN0u\" target=\"_blank\" class=\"whatsapp-channel-follow\" rel=\"nofollow noopener\"><br \/>\n                            Seko WhatsApp<\/p>\n<p>                        <\/a><\/p>\n<p>Krievijas prezidents Vladimirs Putins n\u0101cis klaj\u0101 ar pazi\u0146ojumu par iesp\u0113j\u0101m izbeigt karu Ukrain\u0101, atz\u012bstot, ka past\u0101v iesp\u0113ja pan\u0101kt miera vieno\u0161anos. Putins par to ceturtdien, 3. septembr\u012b, run\u0101ja Austrumu ekonomikas forum\u0101 Vladivostok\u0101, vienlaikus uzsverot, ka galvenais jaut\u0101jums j\u0101atrisina pa\u0161ai Krievijai un Ukrainai.<\/p>\n<p>        Las\u012bt\u0101kie<br \/>\n        <a data-imagesrc=\"{&quot;300&quot;:&quot;https:\\\/\\\/lastatic.ams3.cdn.digitaloceanspaces.com\\\/2025\\\/03\\\/dessert-352475_1280-300x200.jpg&quot;,&quot;1024&quot;:&quot;https:\\\/\\\/lastatic.ams3.cdn.digitaloceanspaces.com\\\/2025\\\/03\\\/dessert-352475_1280-1024x682.jpg&quot;,&quot;768&quot;:&quot;https:\\\/\\\/lastatic.ams3.cdn.digitaloceanspaces.com\\\/2025\\\/03\\\/dessert-352475_1280-768x512.jpg&quot;,&quot;200&quot;:&quot;https:\\\/\\\/lastatic.ams3.cdn.digitaloceanspaces.com\\\/2025\\\/03\\\/dessert-352475_1280-200x133.jpg&quot;,&quot;400&quot;:&quot;https:\\\/\\\/lastatic.ams3.cdn.digitaloceanspaces.com\\\/2025\\\/03\\\/dessert-352475_1280-400x267.jpg&quot;,&quot;500&quot;:&quot;https:\\\/\\\/lastatic.ams3.cdn.digitaloceanspaces.com\\\/2025\\\/03\\\/dessert-352475_1280-500x333.jpg&quot;,&quot;800&quot;:&quot;https:\\\/\\\/lastatic.ams3.cdn.digitaloceanspaces.com\\\/2025\\\/03\\\/dessert-352475_1280-800x533.jpg&quot;,&quot;1000&quot;:&quot;https:\\\/\\\/lastatic.ams3.cdn.digitaloceanspaces.com\\\/2025\\\/03\\\/dessert-352475_1280-1000x666.jpg&quot;,&quot;1280&quot;:&quot;https:\\\/\\\/lastatic.ams3.cdn.digitaloceanspaces.com\\\/2025\\\/03\\\/dessert-352475_1280.jpg&quot;}\" data-focuspoint=\"&quot;&quot;\" data-p=\"2604213\" href=\"https:\/\/www.la.lv\/8-veseligi-saldumi-kurus-var-un-pat-vajadzetu-est-ieverojot-dietu\" class=\"content-item lazy-load\" wp_automatic_readability=\"27\" rel=\"nofollow noopener\" target=\"_blank\"><\/p>\n<p>                                <img decoding=\"async\" src=\"\" alt=\"\" style=\"\" data-imageid=\"\"\/><\/p>\n<p>                                Veselam<\/p>\n<p>\n                                                                                8 vesel\u012bgi saldumi, kurus var un pat vajadz\u0113tu \u0113st, iev\u0113rojot di\u0113tu\n                            <\/p>\n<p><\/a><a data-imagesrc=\"{&quot;300&quot;:&quot;https:\\\/\\\/lastatic.ams3.cdn.digitaloceanspaces.com\\\/2026\\\/09\\\/FotoJet-2026-09-04T210141.048-300x200.jpg&quot;,&quot;1024&quot;:&quot;https:\\\/\\\/lastatic.ams3.cdn.digitaloceanspaces.com\\\/2026\\\/09\\\/FotoJet-2026-09-04T210141.048-1024x683.jpg&quot;,&quot;1536&quot;:&quot;https:\\\/\\\/lastatic.ams3.cdn.digitaloceanspaces.com\\\/2026\\\/09\\\/FotoJet-2026-09-04T210141.048-1536x1024.jpg&quot;,&quot;500&quot;:&quot;https:\\\/\\\/lastatic.ams3.cdn.digitaloceanspaces.com\\\/2026\\\/09\\\/FotoJet-2026-09-04T210141.048-500x333.jpg&quot;,&quot;800&quot;:&quot;https:\\\/\\\/lastatic.ams3.cdn.digitaloceanspaces.com\\\/2026\\\/09\\\/FotoJet-2026-09-04T210141.048-800x533.jpg&quot;,&quot;1800&quot;:&quot;https:\\\/\\\/lastatic.ams3.cdn.digitaloceanspaces.com\\\/2026\\\/09\\\/FotoJet-2026-09-04T210141.048.jpg&quot;}\" data-focuspoint=\"&quot;&quot;\" data-p=\"2604236\" href=\"https:\/\/www.la.lv\/video-publiskots-neliels-video-no-carnikavas-redzams-ka-suni-uzbruk-bet-kads-vienkarsi-filme\" class=\"content-item lazy-load\" wp_automatic_readability=\"27.5\" rel=\"nofollow noopener\" target=\"_blank\"><\/p>\n<p>                                <img decoding=\"async\" src=\"\" alt=\"\" style=\"\" data-imageid=\"\"\/><\/p>\n<p>                                Krimin\u0101ls<\/p>\n<p>                                                                            VIDEO. Publiskots neliels video no Carnikavas. Redzams, k\u0101 su\u0146i uzbr\u016bk, bet k\u0101ds vienk\u0101r\u0161i film\u0113\u2026<\/p>\n<p><\/a><a data-imagesrc=\"{&quot;300&quot;:&quot;https:\\\/\\\/lastatic.ams3.cdn.digitaloceanspaces.com\\\/2026\\\/02\\\/FotoJet-2026-02-17T150528.163-300x200.jpg&quot;,&quot;1024&quot;:&quot;https:\\\/\\\/lastatic.ams3.cdn.digitaloceanspaces.com\\\/2026\\\/02\\\/FotoJet-2026-02-17T150528.163-1024x683.jpg&quot;,&quot;1536&quot;:&quot;https:\\\/\\\/lastatic.ams3.cdn.digitaloceanspaces.com\\\/2026\\\/02\\\/FotoJet-2026-02-17T150528.163-1536x1024.jpg&quot;,&quot;500&quot;:&quot;https:\\\/\\\/lastatic.ams3.cdn.digitaloceanspaces.com\\\/2026\\\/02\\\/FotoJet-2026-02-17T150528.163-500x333.jpg&quot;,&quot;800&quot;:&quot;https:\\\/\\\/lastatic.ams3.cdn.digitaloceanspaces.com\\\/2026\\\/02\\\/FotoJet-2026-02-17T150528.163-800x533.jpg&quot;,&quot;1800&quot;:&quot;https:\\\/\\\/lastatic.ams3.cdn.digitaloceanspaces.com\\\/2026\\\/02\\\/FotoJet-2026-02-17T150528.163.jpg&quot;}\" data-focuspoint=\"&quot;&quot;\" data-p=\"2603474\" href=\"https:\/\/www.la.lv\/sesas-davanas-kuras-nevajadzetu-pienemt-ja-tas-davina-viramate-tas-nesis-nelaimi-un-nepatiksanas\" class=\"content-item lazy-load\" wp_automatic_readability=\"27.5\" rel=\"nofollow noopener\" target=\"_blank\"><\/p>\n<p>                                <img decoding=\"async\" src=\"\" alt=\"\" style=\"\" data-imageid=\"\"\/><\/p>\n<p>                                Kokteilis<\/p>\n<p>\n                                                                                Se\u0161as d\u0101vanas, kuras nevajadz\u0113tu pie\u0146emt, ja t\u0101s d\u0101vina v\u012bram\u0101te \u2013 t\u0101s nes\u012bs nelaimi un nepatik\u0161anas\n                            <\/p>\n<p><\/a><br \/>\n        <a class=\"read-more\" href=\"https:\/\/www.la.lv\/top\" rel=\"nofollow noopener\" target=\"_blank\">Las\u012bt citas zi\u0146as<\/a><\/p>\n<blockquote><p>\u201cVai ir iesp\u0113ja [pan\u0101kt mieru]? Manupr\u0101t, j\u0101, t\u0101da ir,\u201d sac\u012bja Putins.<\/p><\/blockquote>\n<p>Krievijas l\u012bderis nor\u0101d\u012bja, ka vair\u0101kas valstis, tostarp ASV un \u0136\u012bna, ir gatavas pal\u012bdz\u0113t pan\u0101kt miera izl\u012bgumu. Tom\u0113r vi\u0146\u0161 uzsv\u0113ra, ka gal\u012bgais risin\u0101jums b\u016bs j\u0101atrod ab\u0101m konflikta pus\u0113m \u2013 Krievijai un Ukrainai.<\/p>\n<p>    CITI \u0160OBR\u012aD LASA<\/p>\n<p>Putina pazi\u0146ojums izskan\u0113jis laik\u0101, kad atkal aktiviz\u0113ju\u0161ies diplom\u0101tiskie centieni pan\u0101kt kara izbeig\u0161anu.<\/p>\n<p>Ukrainas prezidents Volodimirs Zelenskis ceturtdien pazi\u0146oja, ka tuv\u0101kaj\u0101s dien\u0101s Ukrainu un Krieviju apmekl\u0113s ASV prezidenta Donalda Trampa p\u0101rst\u0101vji. Vi\u0146\u0161 sac\u012bja, ka ASV s\u016bt\u0146iem paredz\u0113tas tik\u0161an\u0101s gan Maskav\u0101, gan Kijiv\u0101.<\/p>\n<blockquote><p>\u201cM\u0113s sagaid\u0101m, ka \u0161eit, Kijiv\u0101, ierad\u012bsies ASV prezidenta p\u0101rst\u0101vji. Ar vi\u0146iem notiks tik\u0161an\u0101s Maskav\u0101 un Kijiv\u0101. M\u0113s sagaid\u0101m tik\u0161anos ar vi\u0146iem tuv\u0101kaj\u0101s dien\u0101s. Tas ir \u013coti svar\u012bgi. Ir svar\u012bgi, lai Amerika turpina b\u016bt akt\u012bva,\u201d sac\u012bja Zelenskis.<\/p><\/blockquote>\n<p>Ar\u012b Tramps ceturtdien pauda v\u0113lmi pan\u0101kt kara beigas. Intervij\u0101 GB News vi\u0146\u0161 sac\u012bja: \u201cEs vienk\u0101r\u0161i gribu redz\u0113t, ka tas beidzas. Es dom\u0101ju, ka m\u0113s to pan\u0101ksim.\u201d<\/p>\n<p>Vienlaikus nav paz\u012bmju, ka b\u016btu pan\u0101kta konkr\u0113ta vieno\u0161an\u0101s par miera sarunu ats\u0101k\u0161anu. P\u0113d\u0113j\u0101s ASV starpniec\u012bb\u0101 notiku\u0161\u0101s sarunas starp Krieviju un Ukrainu norisin\u0101j\u0101s febru\u0101r\u012b, ta\u010du t\u0101s nebeidz\u0101s ar vieno\u0161anos.<\/p>\n<p>Putins vienlaikus izvirza p\u0101rmetumus Ukrainai<\/p>\n<p>Lai gan Putins atzina miera iesp\u0113jam\u012bbu, vi\u0146a izteikumi nebija tikai pozit\u012bvi. Vi\u0146\u0161 nor\u0101d\u012bja, ka Ukrainas uzbrukumi civilajiem ku\u0123iem un izteikumi par iesp\u0113jamiem draudiem civilaj\u0101m lidma\u0161\u012bn\u0101m apgr\u016btinot divpus\u0113jo miera sarunu perspekt\u012bvas.<\/p>\n<p>Putins \u0161\u0101du r\u012bc\u012bbu nod\u0113v\u0113ja par \u201cvalsts terorismu\u201d.<\/p>\n<p>Ukraina savuk\u0101rt \u0161oned\u0113\u013c br\u012bdin\u0101jusi aviokomp\u0101nijas un apdro\u0161in\u0101t\u0101jus par riskiem, kas saist\u012bti ar Krievijas gaisa telpu. Kijiva nor\u0101d\u012bjusi, ka t\u0101s bezpilota lidapar\u0101tu oper\u0101cijas v\u0113rstas pret Krievijas milit\u0101rajiem objektiem, nevis civilaj\u0101m lidma\u0161\u012bn\u0101m.<\/p>\n<p>Putins ar\u012b sac\u012bja, ka Krievija turpina uztur\u0113t kontaktus ar ASV administr\u0101ciju un v\u0113las atjaunot pilnv\u0113rt\u012bgas attiec\u012bbas ar Va\u0161ingtonu. Vi\u0146\u0161 nor\u0101d\u012bja, ka sazi\u0146a notiek ar\u012b caur izl\u016bkdienestu kan\u0101liem.<\/p>\n<p>Pag\u0101ju\u0161aj\u0101 ned\u0113\u013c\u0101 Maskavu apmekl\u0113ja ASV Centr\u0101l\u0101s izl\u016bko\u0161anas p\u0101rvaldes direktors D\u017eons Retklifs, kur\u0161 tik\u0101s ar Krievijas izl\u016bkdienestu p\u0101rst\u0101vjiem. Par sarunu saturu pla\u0161\u0101ka inform\u0101cija netika public\u0113ta.<\/p>\n<p>T\u0101d\u0113j\u0101di Putina jaun\u0101kie izteikumi iez\u012bm\u0113 piesardz\u012bgi pozit\u012bv\u0101ku retoriku par iesp\u0113j\u0101m izbeigt karu, tom\u0113r konkr\u0113ta miera pl\u0101na vai vieno\u0161an\u0101s pagaid\u0101m nav. Krievijas un Ukrainas nost\u0101jas vair\u0101kos b\u016btiskos jaut\u0101jumos joproj\u0101m b\u016btiski at\u0161\u0137iras.<\/p>\n<p>T\u0113mas<\/p>\n<p>    SAIST\u012aTIE RAKSTI<\/p>\n","protected":false},"excerpt":{"rendered":"Foto: SIPA\/ZUMAPRESS.com\/Scanpix Pievieno LA.LV Seko WhatsApp Krievijas prezidents Vladimirs Putins n\u0101cis klaj\u0101 ar pazi\u0146ojumu par iesp\u0113j\u0101m izbeigt karu&hellip;\n","protected":false},"author":2,"featured_media":286269,"comment_status":"","ping_status":"","sticky":false,"template":"","format":"standard","meta":{"footnotes":"","_share_on_mastodon":"0"},"categories":[14],"tags":[23,57,28,29,32,33,22,30,31,35,39,38,36,37,34,40,20,26,27,24,25,54,55,56,21,58],"class_list":["post-286268","post","type-post","status-publish","format-standard","has-post-thumbnail","category-zinas-no-arvalstim","tag-aktualitates","tag-arvalstim","tag-breaking-news","tag-breakingnews","tag-featured-news","tag-featurednews","tag-headlines","tag-latest-news","tag-latestnews","tag-latvia","tag-latvian","tag-latviesu","tag-latviesu-valoda","tag-latviesuvaloda","tag-latvija","tag-lv","tag-news","tag-popularakas-zinas","tag-popularakaszinas","tag-top-stories","tag-topstories","tag-world","tag-world-news","tag-worldnews","tag-zinas","tag-zinas-no-arvalstim"],"share_on_mastodon":{"url":"https:\/\/pubeurope.com\/@lv\/117217112253327959","error":""},"_links":{"self":[{"href":"https:\/\/www.europesays.com\/lv\/wp-json\/wp\/v2\/posts\/286268","targetHints":{"allow":["GET"]}}],"collection":[{"href":"https:\/\/www.europesays.com\/lv\/wp-json\/wp\/v2\/posts"}],"about":[{"href":"https:\/\/www.europesays.com\/lv\/wp-json\/wp\/v2\/types\/post"}],"author":[{"embeddable":true,"href":"https:\/\/www.europesays.com\/lv\/wp-json\/wp\/v2\/users\/2"}],"replies":[{"embeddable":true,"href":"https:\/\/www.europesays.com\/lv\/wp-json\/wp\/v2\/comments?post=286268"}],"version-history":[{"count":0,"href":"https:\/\/www.europesays.com\/lv\/wp-json\/wp\/v2\/posts\/286268\/revisions"}],"wp:featuredmedia":[{"embeddable":true,"href":"https:\/\/www.europesays.com\/lv\/wp-json\/wp\/v2\/media\/286269"}],"wp:attachment":[{"href":"https:\/\/www.europesays.com\/lv\/wp-json\/wp\/v2\/media?parent=286268"}],"wp:term":[{"taxonomy":"category","embeddable":true,"href":"https:\/\/www.europesays.com\/lv\/wp-json\/wp\/v2\/categories?post=286268"},{"taxonomy":"post_tag","embeddable":true,"href":"https:\/\/www.europesays.com\/lv\/wp-json\/wp\/v2\/tags?post=286268"}],"curies":[{"name":"wp","href":"https:\/\/api.w.org\/{rel}","templated":true}]}}