{"id":286270,"date":"2026-09-05T06:57:13","date_gmt":"2026-09-05T06:57:13","guid":{"rendered":"https:\/\/www.europesays.com\/lv\/286270\/"},"modified":"2026-09-05T06:57:13","modified_gmt":"2026-09-05T06:57:13","slug":"zelenskis-rosina-krievijai-abpuseji-apturet-gaisa-triecienus-vitkofa-un-kusnera-vizites-laika-delfi","status":"publish","type":"post","link":"https:\/\/www.europesays.com\/lv\/286270\/","title":{"rendered":"Zelenskis rosina Krievijai abpus\u0113ji aptur\u0113t gaisa triecienus Vitkofa un Ku\u0161nera viz\u012btes laik\u0101 &#8211; DELFI"},"content":{"rendered":"<ol>\n<li><a href=\"https:\/\/news.google.com\/rss\/articles\/CBMi2AFBVV95cUxOM0s3U2ZxYTRaRUF4TDdaUWpjRzBZR3NyRHExTkFJZ0tzcjhEUzZVdTFXZmJDb1BXVUhxaExIV1VIdERHbTBYZVRQcUxDTWFfb1ZfQ0oydThkcDYwam9NSmRFSFdUSVVGNlBnOFZFX3FJdk1aOENPUHZiWG9Va241QXhXMjBQdFBtMDkxd1NvbXdpZ1I1NldNLWRYMW1tUU5nbnE4UE1JQktMb2hrYUxGODhnTEtTVUltVkNiQTgwS2llZ2ZvZUtINXBvMEFWSUJvVjE4b3BaM1Q?oc=5\" target=\"_blank\" rel=\"nofollow noopener\">Zelenskis rosina Krievijai abpus\u0113ji aptur\u0113t gaisa triecienus Vitkofa un Ku\u0161nera viz\u012btes laik\u0101<\/a>&nbsp;&nbsp;DELFI<\/li>\n<li><a href=\"https:\/\/news.google.com\/rss\/articles\/CBMi2AFBVV95cUxNVGFFd05iVnV2REI2R1d3THZybG9xMkwwU1hQalJLOFJ2QzlxbjRUWW1nX3lRdDlhZ2hoWVdwUWlHLVhxcWt2dWUyTDNZaGpGYVRGWmo0TVVLdndJTmRvM1d6WmhfcmNGLU4xaGw5ajBIUVphaFRiSFlmX2dJb3BiZzJoazY0cnBKY2xLcVctNUxDVWNIT2szVmY3b2lLMU85RGwyVWJCNkNscUlyTUxfMW5Ybzh0Q2VvSzZpaFVnOEhqS2RRTlJ2bXAxV3gwSDZaSmVFcXZtZzY?oc=5\" target=\"_blank\" rel=\"nofollow noopener\">Neskaidr\u012bba par pamieru Ukrain\u0101: armija nav sa\u0146\u0113musi pav\u0113li p\u0101rtraukt uguni front\u0113 \/ Raksts<\/a>&nbsp;&nbsp;LSM<\/li>\n<li><a href=\"https:\/\/news.google.com\/rss\/articles\/CBMirwFBVV95cUxNdDg4TGtjR0Z2dGtwVTlMLXlpMkF5emh1Tzhqal96Rk9fYThTQldOTEtOUUczRHBRN05oWUVFaDREbVh5V3Zfdnk2U3N0ZnFNQlh1Vzh4bEdhcFppVTNVcmpDaGgta0tPdnlodzF5RUVHa1hhZEgzVzRrMzMtT3EzRjlqWElFN3hMeVVHcTRtc3I2V0VENVNsVDNwS3ZNWWdEeFk3dHk5R0VrYll5R2Zr?oc=5\" target=\"_blank\" rel=\"nofollow noopener\">&#8220;Kyiv Independent&#8221;: Trampa s\u016btnis Vitkofs baid\u0101s braukt uz Kijivu<\/a>&nbsp;&nbsp;DELFI<\/li>\n<li><a href=\"https:\/\/news.google.com\/rss\/articles\/CBMioAFBVV95cUxNZUFOc09IeG5vOGlnTEhZN2M0TjRyRHlxMEVBVDNHWmVHYkpxbmZWRmtkRmNEYm1jSXlnUWF4UHVmUkx2bmo2S2pJUkdXb1NMdDZwNG9LdDdzcTR2VE1UX0pFdG1QSzlkWFUyWkZXWV9jSm52RVZyMEV1dUhnVUtxWGZYQlVRREhVSEhFTXNwWFNEdmtMblVEX0daTmh5bDkt?oc=5\" target=\"_blank\" rel=\"nofollow noopener\">Trampa s\u016bt\u0146u viz\u012bte Kijiv\u0101 var\u0113tu nenotikt Vitkofa &#8220;bai\u013cu&#8221; d\u0113\u013c<\/a>&nbsp;&nbsp;jauns.lv<\/li>\n<li><a href=\"https:\/\/news.google.com\/rss\/articles\/CBMi4wFBVV95cUxOQWJlQTVtZ0cxWWhOc0tUMHctTU5NWVRpT1BqMGpCNTZ1YTVZb25UQzBDRGNkYk1GR0VUdEpsZDFJYmI0dnhMRlJwaklyQTQ5emhuNXZoRzlwYkQ1NTBtX3FVN01SZDFlOUd5Mi1XdjM2VEVLWl91RGtYNG80X3V5Rkh6RVVja1F5RzU5Z3ZrVWpCWWZnRkF3OU5hUGZYWm5lMmdmUzV6eTNvdTMwVXZBVGJuUXM3R3ZhdlZrY3V5V1lSc0JtNkZlY2JLQjMzZUdHZE1fMDJjakt1TkJ5U0ktQlVYdw?oc=5\" target=\"_blank\" rel=\"nofollow noopener\">Zelenskis ierosina Krievijai abpus\u0113ji aptur\u0113t gaisa triecienus Vitkofa un Ku\u0161nera viz\u012b\u0161u laik\u0101<\/a>&nbsp;&nbsp;liepajniekiem.lv<\/li>\n<\/ol>\n","protected":false},"excerpt":{"rendered":"Zelenskis rosina Krievijai abpus\u0113ji aptur\u0113t gaisa triecienus Vitkofa un Ku\u0161nera viz\u012btes laik\u0101&nbsp;&nbsp;DELFI Neskaidr\u012bba par pamieru Ukrain\u0101: armija nav&hellip;\n","protected":false},"author":2,"featured_media":286271,"comment_status":"","ping_status":"","sticky":false,"template":"","format":"standard","meta":{"footnotes":"","_share_on_mastodon":"0"},"categories":[14],"tags":[23,57,292,28,29,32,33,22,234,74,30,31,35,39,38,36,37,34,40,20,26,27,24,25,178,54,55,56,21,58],"class_list":["post-286270","post","type-post","status-publish","format-standard","has-post-thumbnail","category-zinas-no-arvalstim","tag-aktualitates","tag-arvalstim","tag-asv","tag-breaking-news","tag-breakingnews","tag-featured-news","tag-featurednews","tag-headlines","tag-krievija","tag-krievijas-iebrukums-ukraina","tag-latest-news","tag-latestnews","tag-latvia","tag-latvian","tag-latviesu","tag-latviesu-valoda","tag-latviesuvaloda","tag-latvija","tag-lv","tag-news","tag-popularakas-zinas","tag-popularakaszinas","tag-top-stories","tag-topstories","tag-volodimirs-zelenskis","tag-world","tag-world-news","tag-worldnews","tag-zinas","tag-zinas-no-arvalstim"],"share_on_mastodon":{"url":"https:\/\/pubeurope.com\/@lv\/117217135411185194","error":""},"_links":{"self":[{"href":"https:\/\/www.europesays.com\/lv\/wp-json\/wp\/v2\/posts\/286270","targetHints":{"allow":["GET"]}}],"collection":[{"href":"https:\/\/www.europesays.com\/lv\/wp-json\/wp\/v2\/posts"}],"about":[{"href":"https:\/\/www.europesays.com\/lv\/wp-json\/wp\/v2\/types\/post"}],"author":[{"embeddable":true,"href":"https:\/\/www.europesays.com\/lv\/wp-json\/wp\/v2\/users\/2"}],"replies":[{"embeddable":true,"href":"https:\/\/www.europesays.com\/lv\/wp-json\/wp\/v2\/comments?post=286270"}],"version-history":[{"count":0,"href":"https:\/\/www.europesays.com\/lv\/wp-json\/wp\/v2\/posts\/286270\/revisions"}],"wp:featuredmedia":[{"embeddable":true,"href":"https:\/\/www.europesays.com\/lv\/wp-json\/wp\/v2\/media\/286271"}],"wp:attachment":[{"href":"https:\/\/www.europesays.com\/lv\/wp-json\/wp\/v2\/media?parent=286270"}],"wp:term":[{"taxonomy":"category","embeddable":true,"href":"https:\/\/www.europesays.com\/lv\/wp-json\/wp\/v2\/categories?post=286270"},{"taxonomy":"post_tag","embeddable":true,"href":"https:\/\/www.europesays.com\/lv\/wp-json\/wp\/v2\/tags?post=286270"}],"curies":[{"name":"wp","href":"https:\/\/api.w.org\/{rel}","templated":true}]}}