{"id":286274,"date":"2026-09-05T07:08:09","date_gmt":"2026-09-05T07:08:09","guid":{"rendered":"https:\/\/www.europesays.com\/lv\/286274\/"},"modified":"2026-09-05T07:08:09","modified_gmt":"2026-09-05T07:08:09","slug":"lebedevs-ar-stelmet-falubaz-nodrosina-vietu-ekstraliga-motoru-sports-sportacentrs-com","status":"publish","type":"post","link":"https:\/\/www.europesays.com\/lv\/286274\/","title":{"rendered":"\u013bebedevs ar \u201cStelmet Falubaz\u201d nodro\u0161ina vietu Ekstral\u012bg\u0101 \u2013 Motoru sports \u2013 Sportacentrs.com"},"content":{"rendered":"<p>Go\u017euv\u0101 gandr\u012bz visu dienu lija lietus, sp\u012bdveja stadiona celi\u0146\u0161 tika savlaic\u012bgi nosegts, ta\u010du tik t\u0101 ma\u010du var\u0113ja s\u0101kt stundu v\u0113l\u0101k nek\u0101 tika paredz\u0113ts. Viesi pirmaj\u0101 braucien\u0101 uzvar\u0113ja ar 5:1 (Dominiks Kubera un Leons Madsens), ta\u010du p\u0113c se\u0161iem braucieniem m\u0101jinieki pan\u0101ca 22:14 un pirmo reizi izvirz\u012bj\u0101s vad\u012bb\u0101 divu ma\u010du summ\u0101. Svar\u012bgi bija ne\u013caut vi\u0146iem palielin\u0101t p\u0101rsvaru un tas ar\u012b viesiem izdev\u0101s \u2013 ar div\u0101m \u013bebedeva uzvar\u0101m braucienos un ar Kuberas un Madsena v\u0113l vienu 5:1 uzvaru. Savuk\u0101rt Madsena un P\u017eemislava Pav\u013cicka uzvara 11. braucien\u0101 ar 5:1 \u013c\u0101va \u201cStelmet Falubaz\u201d komandai pan\u0101kt neiz\u0161\u0137irtu \u2013 33:33. \u013boti liel\u0101 m\u0113r\u0101 iz\u0161\u0137ir\u012bga bija \u013bebedeva un Kuberas uzvara 13. braucien\u0101 ar 4:2 \u2013 And\u017eejs apsteidza Andersu Tomsenu un fini\u0161\u0113ja pirmais, bet Kubera bija tre\u0161ais. Rezult\u0101ts k\u013cuva 40:38 viesu lab\u0101 un divu ma\u010du summ\u0101 \u2013 88:80. Tas noz\u012bm\u0113ja, ka Ze\u013cona Guras komandai vajadz\u0113ja v\u0113l divus punktus, lai uzvar\u0113tu divu ma\u010du summ\u0101. Madsens priek\u0161p\u0113d\u0113j\u0101 braucien\u0101 fini\u0161\u0113ja otrais aiz \u010deha Adama \u201cBubbas\u201d Bedn\u0101r\u017ea un l\u012bdz ar to p\u0113d\u0113jam braucienam vairs nebija iz\u0161\u0137ir\u012bgas noz\u012bmes.<br \/>\u201cStelmet Falubaz\u201d ie\u0146\u0113ma 6. vietu un nodro\u0161in\u0101ja vietu pasaules sp\u0113c\u012bg\u0101kaj\u0101 klubu sp\u012bdveja l\u012bg\u0101 ar\u012b n\u0101kamsezon (\u013bebedevam ir l\u012bgums ar Ze\u013cona Guras komandu ar\u012b uz n\u0101kamaj\u0101m div\u0101m sezon\u0101m). Pa 11 punktiem Ze\u013cona Guras komand\u0101 guva Kubera un \u013bebedevs, 10 punkti \u2013 Madsenam. Savuk\u0101rt Go\u017euvas \u201cGezet Stal\u201d aizvad\u012bs v\u0113l divus ma\u010du ar otra \u201cplay-down\u201d p\u0101ra zaud\u0113t\u0101ju \u010censtohovas komandu un jau \u0161\u0101 due\u013ca uzvar\u0113t\u0101ji divos ma\u010dos ar 2. Ekstral\u012bgas vice\u010dempioniem sacent\u012bsies par vietas saglab\u0101\u0161anu Ekstral\u012bga.<br \/>Jau sestdien And\u017eejam \u013bebedevam Eiropas \u010dempion\u0101ta (SEC) otrais fin\u0101lposms Gistrovas mototrek\u0101 V\u0101cij\u0101. Pirmaj\u0101 posm\u0101 daugavpilietis ieguva tikai 6 punktus un tagad cent\u012bsies pak\u0101pties augst\u0101k kopv\u0113rt\u0113jum\u0101 \u2013 Gistrovas mototrek\u0101 \u013bebedevs parasti brauca sekm\u012bgi. Sav\u0101 pirmaj\u0101 braucien\u0101 And\u017eejs tiksies ar pa\u0161reiz\u0113jo titula \u012bpa\u0161nieku poli Patriku Dudeku, \u010dehu Janu Kvjehu un V\u0101cijas sp\u012bdveja jauno cer\u012bbu, 16 gadus veco T\u012bleru Hauptu, kur\u0161 \u0161aj\u0101 posm\u0101 start\u0113 ar \u201cwild card\u201d jeb \u012bpa\u0161o iel\u016bgumu (t\u0101ds ir paredz\u0113ts posma r\u012bkot\u0101jiem). Sacens\u012bbu s\u0101kums \u2013 plkst. 20.<\/p>\n","protected":false},"excerpt":{"rendered":"Go\u017euv\u0101 gandr\u012bz visu dienu lija lietus, sp\u012bdveja stadiona celi\u0146\u0161 tika savlaic\u012bgi nosegts, ta\u010du tik t\u0101 ma\u010du var\u0113ja s\u0101kt&hellip;\n","protected":false},"author":2,"featured_media":286275,"comment_status":"","ping_status":"","sticky":false,"template":"","format":"standard","meta":{"footnotes":"","_share_on_mastodon":"0"},"categories":[17],"tags":[35,39,38,36,37,34,40,165,67],"class_list":["post-286274","post","type-post","status-publish","format-standard","has-post-thumbnail","category-sports","tag-latvia","tag-latvian","tag-latviesu","tag-latviesu-valoda","tag-latviesuvaloda","tag-latvija","tag-lv","tag-motoru-sports","tag-sports"],"share_on_mastodon":{"url":"https:\/\/pubeurope.com\/@lv\/117217178728555395","error":""},"_links":{"self":[{"href":"https:\/\/www.europesays.com\/lv\/wp-json\/wp\/v2\/posts\/286274","targetHints":{"allow":["GET"]}}],"collection":[{"href":"https:\/\/www.europesays.com\/lv\/wp-json\/wp\/v2\/posts"}],"about":[{"href":"https:\/\/www.europesays.com\/lv\/wp-json\/wp\/v2\/types\/post"}],"author":[{"embeddable":true,"href":"https:\/\/www.europesays.com\/lv\/wp-json\/wp\/v2\/users\/2"}],"replies":[{"embeddable":true,"href":"https:\/\/www.europesays.com\/lv\/wp-json\/wp\/v2\/comments?post=286274"}],"version-history":[{"count":0,"href":"https:\/\/www.europesays.com\/lv\/wp-json\/wp\/v2\/posts\/286274\/revisions"}],"wp:featuredmedia":[{"embeddable":true,"href":"https:\/\/www.europesays.com\/lv\/wp-json\/wp\/v2\/media\/286275"}],"wp:attachment":[{"href":"https:\/\/www.europesays.com\/lv\/wp-json\/wp\/v2\/media?parent=286274"}],"wp:term":[{"taxonomy":"category","embeddable":true,"href":"https:\/\/www.europesays.com\/lv\/wp-json\/wp\/v2\/categories?post=286274"},{"taxonomy":"post_tag","embeddable":true,"href":"https:\/\/www.europesays.com\/lv\/wp-json\/wp\/v2\/tags?post=286274"}],"curies":[{"name":"wp","href":"https:\/\/api.w.org\/{rel}","templated":true}]}}