{"id":286276,"date":"2026-09-05T07:10:12","date_gmt":"2026-09-05T07:10:12","guid":{"rendered":"https:\/\/www.europesays.com\/lv\/286276\/"},"modified":"2026-09-05T07:10:12","modified_gmt":"2026-09-05T07:10:12","slug":"putins-pazino-par-miera-iespejam-zelenskis-gaida-asv-delegatus","status":"publish","type":"post","link":"https:\/\/www.europesays.com\/lv\/286276\/","title":{"rendered":"Putins pazi\u0146o par miera iesp\u0113j\u0101m. Zelenskis gaida ASV deleg\u0101tus"},"content":{"rendered":"<p class=\"descr\">Krievijas prezidents Vladimirs Putins ir p\u0101rliecin\u0101ts, ka past\u0101v iesp\u0113ja pan\u0101kt mieru Ukrain\u0101 diplom\u0101tisk\u0101 ce\u013c\u0101, ta\u010du tas esot j\u0101risina tie\u0161i starp karojo\u0161aj\u0101m pus\u0113m, savuk\u0101rt cit\u0101m valst\u012bm ir j\u0101atbalsta \u0161is process, raksta DW. Krievijas l\u012bderis ceturtdien, 3. septembr\u012b, Austrumu ekonomikas foruma (EEF) laik\u0101 sniedza vair\u0101kus pazi\u0146ojumus par Krievijas karu pret Ukrainu.<\/p>\n<p>&#8220;Krievijai un <a href=\"https:\/\/nra.lv\/birka\/kars-ukraina\/\" target=\"_blank\" rel=\"noopener nofollow\">Ukrainai<\/a> vispirms ir j\u0101pan\u0101k vieno\u0161an\u0101s. Un visas p\u0101r\u0113j\u0101s valstis ir gatavas atbalst\u012bt un pal\u012bdz\u0113t. [&#8230;] \u0160\u012b ir pareiz\u0101 pieeja. Ta\u010du m\u0113s esam pateic\u012bgi ikvienam, kur\u0161 cen\u0161as dot savu ieguld\u012bjumu \u0161\u012b jaut\u0101juma risin\u0101\u0161an\u0101. Vai ir iesp\u0113ja? Manupr\u0101t, j\u0101, ir,&#8221; sac\u012bja Putins.<\/p>\n<p>Vi\u0146\u0161 ar\u012b pazi\u0146oja, ka Maskava un Kijiva uztur\u0113s kontaktus, izmantojot savus izl\u016bkdienestus, ta\u010du nevar\u0113ja pateikt, cik liel\u0101 m\u0113r\u0101 tas var\u0113tu veicin\u0101t miera sasnieg\u0161anu. Tom\u0113r <a href=\"https:\/\/nra.lv\/birka\/vladimirs-putins\/\" target=\"_blank\" rel=\"noopener nofollow\">Putins<\/a> piemin\u0113ja Ukrainas uzbrukumus transporta ku\u0123iem Melnaj\u0101 j\u016br\u0101 un Kijivas pazi\u0146ojumus par Krievijas gaisa telpas nedro\u0161\u012bbu. P\u0113c Krievijas prezidenta teikt\u0101, \u0161\u0101di faktori &#8220;sare\u017e\u0123\u012b divpus\u0113ju miera sarunu r\u012bko\u0161anas iesp\u0113jas&#8221;.<\/p>\n<p>Zelenskis: M\u0113s sagaid\u0101m sarunu ats\u0101k\u0161anu ar ASV starpniec\u012bbu<\/p>\n<p>V\u0113l\u0101k taj\u0101 pa\u0161\u0101 dien\u0101 Ukrainas prezidents <a href=\"https:\/\/nra.lv\/birka\/volodimirs-zelenskis\/\" target=\"_blank\" rel=\"noopener nofollow\">Volodimirs Zelenskis<\/a> pazi\u0146oja par sarunu ats\u0101k\u0161anas iesp\u0113ju ar Krieviju. Vi\u0146\u0161 teica, ka ASV p\u0101rst\u0101vji dr\u012bz apmekl\u0113s Kijivu un Maskavu, un \u0161o tik\u0161anos laik\u0101 tiks apspriests iesp\u0113jamais miera l\u012bgums.<\/p>\n<blockquote><p>Ir provizoriski datumi. M\u0113s sagaid\u0101m, ka ASV prezidenta p\u0101rst\u0101vji ierad\u012bsies \u0161eit, Kijiv\u0101. Vi\u0146i jau ir apstiprin\u0101ju\u0161i &#8211; tik\u0161an\u0101s notiks gan Maskav\u0101, gan Kijiv\u0101,&#8221; Zelenskis teica sav\u0101 ikdienas vakara video uzrun\u0101 Ukrainas tautai.<\/p><\/blockquote>\n<p>Vi\u0146\u0161 piebilda, ka Ukraina past\u0101v\u012bgi sazin\u0101s ar Amerikas komandu. Da\u017eas dienas iepriek\u0161 Zelenskis zi\u0146oja par telefonsarunu ar prezidenta<a href=\"https:\/\/nra.lv\/birka\/donalds-tramps\/\" target=\"_blank\" rel=\"noopener nofollow\"> Donalda Trampa<\/a> \u012bpa\u0161ajiem s\u016bt\u0146iem St\u012bvenu Vitkofu un D\u017earedu Ku\u0161neru, kur\u0101 vi\u0146\u0161 ASV p\u0101rst\u0101vjiem teica, ka Krievijas pan\u0101kumi kaujas lauk\u0101 ir &#8220;nenoz\u012bm\u012bgi&#8221;.<\/p>\n<p> Tramps ir gatavs tikties ar Putinu tikai tad, kad vi\u0146\u0161 b\u016bs gatavs mieram <\/p>\n<p>Diskusijas par miera sarunu iesp\u0113jam\u012bbu starp Krieviju un Ukrainu ats\u0101k\u0101s neilgi p\u0113c CIP direktora <a href=\"https:\/\/nra.lv\/birka\/dzons-retklifs\/\" target=\"_blank\" rel=\"noopener nofollow\">D\u017eona Retklifa<\/a> negaid\u012bt\u0101s viz\u012btes Maskav\u0101 augusta beig\u0101s. Saska\u0146\u0101 ar Axios zi\u0146\u0101m, Trampa administr\u0101cijas amatpersona cita starp\u0101 ierosin\u0101ja Krievijas pusei ideju par tr\u012bspus\u0113ju tik\u0161anos starp Amerikas Savienoto Valstu, Krievijas un Ukrainas prezidentiem, lai apspriestu kara izbeig\u0161anu diplom\u0101tijas ce\u013c\u0101.<\/p>\n<p>P\u0113c pla\u0161sazi\u0146as l\u012bdzek\u013cu zi\u0146ojumiem Donalds Tramps sarun\u0101 ar \u017eurn\u0101listiem noraid\u012bja ideju par tr\u012bspus\u0113jas samita r\u012bko\u0161anu tuv\u0101kaj\u0101 n\u0101kotn\u0113. P\u0113c Amerikas l\u012bdera teikt\u0101, Putins piekristu \u0161\u0101dai tik\u0161an\u0101s reizei, ja Tramps to v\u0113l\u0113tos, un Va\u0161ingtona var\u0113tu samitu organiz\u0113t &#8220;nekav\u0113joties&#8221;. &#8220;Bet es v\u0113los tikties, kad b\u016bsim gatavi nosl\u0113gt miera l\u012bgumu,&#8221; uzsv\u0113ra Balt\u0101 nama vad\u012bt\u0101js.<\/p>\n<p>Tramps ar\u012b piebilda, ka &#8220;Putinam un Zelenskim ir j\u0101p\u0101rtrauc \u0161is mu\u013c\u0137\u012bgais kar\u0161&#8221;, atkal vainojot notieko\u0161aj\u0101 karadarb\u012bb\u0101 gan Maskavu, gan Kijivu. P\u0113c Trampa teikt\u0101, probl\u0113ma ce\u013c\u0101 uz mieru Ukrain\u0101 ir person\u012bg\u0101s nesaska\u0146as starp Zelenski un Putinu, t\u0101p\u0113c konflikts, kuru <a href=\"https:\/\/nra.lv\/birka\/asv\/\" target=\"_blank\" rel=\"noopener nofollow\">ASV<\/a> prezidents sol\u012bja &#8220;izbeigt 24 stundu laik\u0101&#8221;, ir izr\u0101d\u012bjies sare\u017e\u0123\u012bt\u0101ks nek\u0101 &#8220;asto\u0146i kari&#8221;, kurus, p\u0113c Trampa teikt\u0101, vi\u0146am sav\u0101 amat\u0101 izdev\u0101s izbeigt maz\u0101k nek\u0101 divu gadu laik\u0101.<\/p>\n<p>\t\t\t\t\t\tinfo<\/p>\n<p>Uzzini pirmais<br \/>kas interesants noticis Latvij\u0101 un pasaul\u0113,<br \/>pievienojoties mums <a href=\"https:\/\/t.me\/neatkariga\" rel=\"nofollow\">Telegram<\/a> vai <a href=\"https:\/\/whatsapp.com\/channel\/0029VaMLFUH5K3zLU5s4wm3y\" rel=\"nofollow noopener\" target=\"_blank\">Whatsapp<\/a> kan\u0101l\u0101<\/p>\n","protected":false},"excerpt":{"rendered":"Krievijas prezidents Vladimirs Putins ir p\u0101rliecin\u0101ts, ka past\u0101v iesp\u0113ja pan\u0101kt mieru Ukrain\u0101 diplom\u0101tisk\u0101 ce\u013c\u0101, ta\u010du tas esot j\u0101risina&hellip;\n","protected":false},"author":2,"featured_media":286277,"comment_status":"","ping_status":"","sticky":false,"template":"","format":"standard","meta":{"footnotes":"","_share_on_mastodon":"0"},"categories":[14],"tags":[23,57,28,29,32,33,22,30,31,35,39,38,36,37,34,40,20,26,27,24,25,54,55,56,21,58],"class_list":["post-286276","post","type-post","status-publish","format-standard","has-post-thumbnail","category-zinas-no-arvalstim","tag-aktualitates","tag-arvalstim","tag-breaking-news","tag-breakingnews","tag-featured-news","tag-featurednews","tag-headlines","tag-latest-news","tag-latestnews","tag-latvia","tag-latvian","tag-latviesu","tag-latviesu-valoda","tag-latviesuvaloda","tag-latvija","tag-lv","tag-news","tag-popularakas-zinas","tag-popularakaszinas","tag-top-stories","tag-topstories","tag-world","tag-world-news","tag-worldnews","tag-zinas","tag-zinas-no-arvalstim"],"share_on_mastodon":{"url":"https:\/\/pubeurope.com\/@lv\/117217186481461539","error":""},"_links":{"self":[{"href":"https:\/\/www.europesays.com\/lv\/wp-json\/wp\/v2\/posts\/286276","targetHints":{"allow":["GET"]}}],"collection":[{"href":"https:\/\/www.europesays.com\/lv\/wp-json\/wp\/v2\/posts"}],"about":[{"href":"https:\/\/www.europesays.com\/lv\/wp-json\/wp\/v2\/types\/post"}],"author":[{"embeddable":true,"href":"https:\/\/www.europesays.com\/lv\/wp-json\/wp\/v2\/users\/2"}],"replies":[{"embeddable":true,"href":"https:\/\/www.europesays.com\/lv\/wp-json\/wp\/v2\/comments?post=286276"}],"version-history":[{"count":0,"href":"https:\/\/www.europesays.com\/lv\/wp-json\/wp\/v2\/posts\/286276\/revisions"}],"wp:featuredmedia":[{"embeddable":true,"href":"https:\/\/www.europesays.com\/lv\/wp-json\/wp\/v2\/media\/286277"}],"wp:attachment":[{"href":"https:\/\/www.europesays.com\/lv\/wp-json\/wp\/v2\/media?parent=286276"}],"wp:term":[{"taxonomy":"category","embeddable":true,"href":"https:\/\/www.europesays.com\/lv\/wp-json\/wp\/v2\/categories?post=286276"},{"taxonomy":"post_tag","embeddable":true,"href":"https:\/\/www.europesays.com\/lv\/wp-json\/wp\/v2\/tags?post=286276"}],"curies":[{"name":"wp","href":"https:\/\/api.w.org\/{rel}","templated":true}]}}