{"id":286280,"date":"2026-09-05T07:15:10","date_gmt":"2026-09-05T07:15:10","guid":{"rendered":"https:\/\/www.europesays.com\/lv\/286280\/"},"modified":"2026-09-05T07:15:10","modified_gmt":"2026-09-05T07:15:10","slug":"masks-sola-ka-tesla-masinas-drizuma-spes-automatiski-apbraukt-cela-bedres","status":"publish","type":"post","link":"https:\/\/www.europesays.com\/lv\/286280\/","title":{"rendered":"Masks sola, ka \u201cTesla\u201d ma\u0161\u012bnas dr\u012bzum\u0101 sp\u0113s autom\u0101tiski apbraukt ce\u013ca bedres"},"content":{"rendered":"<p>Tesla vad\u012bt\u0101js \u012alons Masks soci\u0101lajos t\u012bklos k\u0101rt\u0113jo reizi pazi\u0146ojis, ka uz\u0146\u0113muma autonom\u0101s vad\u012bbas sist\u0113ma FSD (Full Self-Driving) \u201cdr\u012bzum\u0101\u201d ieg\u016bs sp\u0113ju paman\u012bt un apbraukt bedres uz ce\u013ca. Lai gan autovad\u012bt\u0101jiem \u0161\u0101ds jaunin\u0101jums b\u016btu \u0101rk\u0101rt\u012bgi noder\u012bgs, skepti\u0137i atg\u0101dina, ka tie\u0161i \u0161\u0101du sol\u012bjumu Masks izteica jau 2019. gad\u0101.\n<\/p>\n<p><a href=\"https:\/\/www.europesays.com\/lv\/wp-content\/uploads\/2026\/09\/musk-potholes.webp\"><img fetchpriority=\"high\" decoding=\"async\" class=\"aligncenter size-full wp-image-367464\" src=\"https:\/\/www.europesays.com\/lv\/wp-content\/uploads\/2026\/09\/musk-potholes.webp\" alt=\"\" width=\"1202\" height=\"1058\"  \/><\/a>\n<\/p>\n<p>Gadu gait\u0101 Tesla ir b\u016btiski uzlabojusi savu programmat\u016bru un kamer\u0101s balst\u012bto redzes sist\u0113mu. M\u016bsdien\u0101s FSD sp\u0113j diezgan p\u0101rliecino\u0161i orient\u0113ties gan uz \u0161osej\u0101m, gan pils\u0113tas iel\u0101s, k\u0101 ar\u012b patst\u0101v\u012bgi novietot auto st\u0101vviet\u0101. Tom\u0113r par sp\u012bti miljardiem kilometru datu un uz\u0146\u0113muma apgalvojumiem par l\u012bder\u012bbu fizisk\u0101 MI jom\u0101, bedres joproj\u0101m ir neatrisin\u0101ta probl\u0113ma. T\u0101s rada riepu boj\u0101jumus, saliec d\u0101rgus diskus vai pat izraisa av\u0101rijas, bet Tesla sist\u0113ma l\u012bdz \u0161im t\u0101s liel\u0101koties ignor\u0113 un necen\u0161as pat nedaudz main\u012bt trajektoriju brauk\u0161anas joslas ietvaros. J\u0101saka, ka t\u0101 ir diezgan stulba sist\u0113ma.\n<\/p>\n<p>Masks atkal publiski prognoz\u0113 neticamu MI att\u012bst\u012bbas l\u0113cienu. \u0160is jaut\u0101jums k\u013c\u016bst \u012bpa\u0161i aktu\u0101ls, \u0146emot v\u0113r\u0101 Tesla pl\u0101nus par Cybercab robotaksometru, kam visp\u0101r neb\u016bs st\u016bres un ped\u0101\u013cu. Ja piln\u012bb\u0101 autonomam transportl\u012bdzeklim neb\u016bs vad\u012bt\u0101ja, kas sp\u0113j p\u0101r\u0146emt kontroli pirms \u0161\u0137\u0113r\u0161\u013ca, ietriek\u0161an\u0101s dzi\u013c\u0101 bedr\u0113 liel\u0101 \u0101trum\u0101 var rad\u012bt nopietnus boj\u0101jumus vai pat apdraud\u0113t citus satiksmes dal\u012bbniekus.\n<\/p>\n<p>Tikai laiks r\u0101d\u012bs p\u0113c cik gadiem pien\u0101ks \u0161is Maska izteiktais \u201cdr\u012bz\u201d. Pieciem, septi\u0146iem vai desmit. Bet cer\u012bba mirst p\u0113d\u0113j\u0101.<\/p>\n","protected":false},"excerpt":{"rendered":"Tesla vad\u012bt\u0101js \u012alons Masks soci\u0101lajos t\u012bklos k\u0101rt\u0113jo reizi pazi\u0146ojis, ka uz\u0146\u0113muma autonom\u0101s vad\u012bbas sist\u0113ma FSD (Full Self-Driving) \u201cdr\u012bzum\u0101\u201d&hellip;\n","protected":false},"author":2,"featured_media":286281,"comment_status":"","ping_status":"","sticky":false,"template":"","format":"standard","meta":{"footnotes":"","_share_on_mastodon":"0"},"categories":[16],"tags":[77,76,35,39,38,36,37,34,40],"class_list":["post-286280","post","type-post","status-publish","format-standard","has-post-thumbnail","category-bizness","tag-bizness","tag-business","tag-latvia","tag-latvian","tag-latviesu","tag-latviesu-valoda","tag-latviesuvaloda","tag-latvija","tag-lv"],"share_on_mastodon":{"url":"https:\/\/pubeurope.com\/@lv\/117217206554112013","error":""},"_links":{"self":[{"href":"https:\/\/www.europesays.com\/lv\/wp-json\/wp\/v2\/posts\/286280","targetHints":{"allow":["GET"]}}],"collection":[{"href":"https:\/\/www.europesays.com\/lv\/wp-json\/wp\/v2\/posts"}],"about":[{"href":"https:\/\/www.europesays.com\/lv\/wp-json\/wp\/v2\/types\/post"}],"author":[{"embeddable":true,"href":"https:\/\/www.europesays.com\/lv\/wp-json\/wp\/v2\/users\/2"}],"replies":[{"embeddable":true,"href":"https:\/\/www.europesays.com\/lv\/wp-json\/wp\/v2\/comments?post=286280"}],"version-history":[{"count":0,"href":"https:\/\/www.europesays.com\/lv\/wp-json\/wp\/v2\/posts\/286280\/revisions"}],"wp:featuredmedia":[{"embeddable":true,"href":"https:\/\/www.europesays.com\/lv\/wp-json\/wp\/v2\/media\/286281"}],"wp:attachment":[{"href":"https:\/\/www.europesays.com\/lv\/wp-json\/wp\/v2\/media?parent=286280"}],"wp:term":[{"taxonomy":"category","embeddable":true,"href":"https:\/\/www.europesays.com\/lv\/wp-json\/wp\/v2\/categories?post=286280"},{"taxonomy":"post_tag","embeddable":true,"href":"https:\/\/www.europesays.com\/lv\/wp-json\/wp\/v2\/tags?post=286280"}],"curies":[{"name":"wp","href":"https:\/\/api.w.org\/{rel}","templated":true}]}}