{"id":286284,"date":"2026-09-05T07:28:34","date_gmt":"2026-09-05T07:28:34","guid":{"rendered":"https:\/\/www.europesays.com\/lv\/286284\/"},"modified":"2026-09-05T07:28:34","modified_gmt":"2026-09-05T07:28:34","slug":"eiropas-savieniba-stajies-speka-aizliegums-ievest-galu-no-brazilijas-raksts","status":"publish","type":"post","link":"https:\/\/www.europesays.com\/lv\/286284\/","title":{"rendered":"Eiropas Savien\u012bb\u0101 st\u0101jies sp\u0113k\u0101 aizliegums ievest ga\u013cu no Braz\u012blijas \/ Raksts"},"content":{"rendered":"<p>Eiropas Savien\u012bba (ES) no \u0161odienas ir p\u0101rtraukusi ga\u013cas un citu dz\u012bvnieku izcelsmes produktu importu no Braz\u012blijas. L\u0113mums ir saist\u012bts ar ba\u017e\u0101m par antibiotiku lieto\u0161anu un produktu neatbilst\u012bbu ES standartiem.\u00a0<\/p>\n<p>ES importa aizliegums attiecas uz Braz\u012blij\u0101 audz\u0113tu liellopu un m\u0101jputnu ga\u013cu, k\u0101 ar\u012b ol\u0101m un medu.\u00a0<\/p>\n<blockquote>\n<p>Eiropas Komisija (EK) apgalvo, ka Braz\u012blija nav sp\u0113jusi apliecin\u0101t \u0161o produktu atbilst\u012bbu ES fitosanit\u0101raj\u0101m un p\u0101rtikas nekait\u012bguma pras\u012bb\u0101m.\u00a0<\/p>\n<\/blockquote>\n<p>Da\u017eu produktu imports var\u0113tu ats\u0101kties p\u0113c m\u0101jputnu ga\u013cas un medus p\u0101rbaud\u0113m, ko uzs\u0101ka, pamatojoties uz Braz\u012blijas sniegtaj\u0101m garantij\u0101m. P\u0101rbaudes ilgs l\u012bdz ned\u0113\u013cas beig\u0101m, ta\u010du secin\u0101jumu izdar\u012b\u0161anai b\u016bs nepiecie\u0161ams ilg\u0101ks laiks.<\/p>\n<p>Attiec\u012bb\u0101 uz liellopu ga\u013cu Braz\u012blija nav apliecin\u0101jusi, ka t\u0101 atbilst ES standartiem.<\/p>\n<p>                    Valodas k\u013c\u016bda rakst\u0101?<\/p>\n<p class=\"d-none d-md-block\">Iez\u012bm\u0113jiet tekstu un spiediet Ctrl+Enter, lai nos\u016bt\u012btu labojamo teksta fragmentu redaktoram! Par faktu k\u013c\u016bd\u0101m l\u016bdzam zi\u0146ot e-past\u0101 redakcija@lsm.lv.<\/p>\n<p class=\"d-md-none\">Iez\u012bm\u0113jiet tekstu un spiediet uz Zi\u0146ot par k\u013c\u016bdu pogas, lai nos\u016bt\u012btu labojamo teksta fragmentu redaktoram!<\/p>\n<p>\n                    Zi\u0146ot par k\u013c\u016bdu\n                <\/p>\n","protected":false},"excerpt":{"rendered":"Eiropas Savien\u012bba (ES) no \u0161odienas ir p\u0101rtraukusi ga\u013cas un citu dz\u012bvnieku izcelsmes produktu importu no Braz\u012blijas. L\u0113mums ir&hellip;\n","protected":false},"author":2,"featured_media":286285,"comment_status":"","ping_status":"","sticky":false,"template":"","format":"standard","meta":{"footnotes":"","_share_on_mastodon":"0"},"categories":[14],"tags":[23,57,28,29,32,33,22,30,31,35,39,38,36,37,34,40,20,26,27,24,25,54,55,56,21,58],"class_list":["post-286284","post","type-post","status-publish","format-standard","has-post-thumbnail","category-zinas-no-arvalstim","tag-aktualitates","tag-arvalstim","tag-breaking-news","tag-breakingnews","tag-featured-news","tag-featurednews","tag-headlines","tag-latest-news","tag-latestnews","tag-latvia","tag-latvian","tag-latviesu","tag-latviesu-valoda","tag-latviesuvaloda","tag-latvija","tag-lv","tag-news","tag-popularakas-zinas","tag-popularakaszinas","tag-top-stories","tag-topstories","tag-world","tag-world-news","tag-worldnews","tag-zinas","tag-zinas-no-arvalstim"],"share_on_mastodon":{"url":"https:\/\/pubeurope.com\/@lv\/117217257364400332","error":""},"_links":{"self":[{"href":"https:\/\/www.europesays.com\/lv\/wp-json\/wp\/v2\/posts\/286284","targetHints":{"allow":["GET"]}}],"collection":[{"href":"https:\/\/www.europesays.com\/lv\/wp-json\/wp\/v2\/posts"}],"about":[{"href":"https:\/\/www.europesays.com\/lv\/wp-json\/wp\/v2\/types\/post"}],"author":[{"embeddable":true,"href":"https:\/\/www.europesays.com\/lv\/wp-json\/wp\/v2\/users\/2"}],"replies":[{"embeddable":true,"href":"https:\/\/www.europesays.com\/lv\/wp-json\/wp\/v2\/comments?post=286284"}],"version-history":[{"count":0,"href":"https:\/\/www.europesays.com\/lv\/wp-json\/wp\/v2\/posts\/286284\/revisions"}],"wp:featuredmedia":[{"embeddable":true,"href":"https:\/\/www.europesays.com\/lv\/wp-json\/wp\/v2\/media\/286285"}],"wp:attachment":[{"href":"https:\/\/www.europesays.com\/lv\/wp-json\/wp\/v2\/media?parent=286284"}],"wp:term":[{"taxonomy":"category","embeddable":true,"href":"https:\/\/www.europesays.com\/lv\/wp-json\/wp\/v2\/categories?post=286284"},{"taxonomy":"post_tag","embeddable":true,"href":"https:\/\/www.europesays.com\/lv\/wp-json\/wp\/v2\/tags?post=286284"}],"curies":[{"name":"wp","href":"https:\/\/api.w.org\/{rel}","templated":true}]}}