{"id":286286,"date":"2026-09-05T07:29:12","date_gmt":"2026-09-05T07:29:12","guid":{"rendered":"https:\/\/www.europesays.com\/lv\/286286\/"},"modified":"2026-09-05T07:29:12","modified_gmt":"2026-09-05T07:29:12","slug":"sodien-vietam-gaidamas-stipras-lietusgazes-izsludinats-dzeltenais-bridinajums","status":"publish","type":"post","link":"https:\/\/www.europesays.com\/lv\/286286\/","title":{"rendered":"\u0160odien viet\u0101m gaid\u0101mas stipras lietusg\u0101zes; izsludin\u0101ts dzeltenais br\u012bdin\u0101jums"},"content":{"rendered":"<p>                        <img fetchpriority=\"high\" decoding=\"async\" width=\"1536\" height=\"1152\" src=\"https:\/\/www.europesays.com\/lv\/wp-content\/uploads\/2026\/09\/791453808_2322997695141861_4356534805987900261_n-edited-1.jpg\" alt=\"\" class=\"wp-image-1122111\"  \/><\/p>\n<p class=\"wp-block-paragraph\">Sestdien, 5. septembr\u012b, viet\u0101m Latvij\u0101 gaid\u0101mas stipras lietusg\u0101zes. Vis\u0101 Latvijas teritorij\u0101 izsludin\u0101ts dzelten\u0101s pak\u0101pes lietus br\u012bdin\u0101jums, inform\u0113 Latvijas Vides \u0123eolo\u0123ijas un meteorolo\u0123ijas centrs.<\/p>\n<p class=\"wp-block-paragraph\">Br\u012bdin\u0101jums ir sp\u0113k\u0101 no 5. septembra pulksten 9 l\u012bdz 6. septembra pulksten 2. J\u0101\u0146em v\u0113r\u0101, ka br\u012bdin\u0101juma pak\u0101pe un t\u0101s teritorija var tikt main\u012bta, vadoties p\u0113c prognoz\u0113m. Vienm\u0113r aktu\u0101lajiem br\u012bdin\u0101jumiem var sekot l\u012bdzi vietn\u0113\u00a0<a href=\"https:\/\/bridinajumi.meteo.lv\/\" rel=\"nofollow noopener\" target=\"_blank\">https:\/\/bridinajumi.meteo.lv\/<\/a>.<\/p>\n<p class=\"wp-block-paragraph\">Stipra lietus ietekm\u0113 augsne k\u013c\u016bs mitra un var nesp\u0113t uzs\u016bkt \u016bdeni, lietus \u016bde\u0146u kanaliz\u0101cijas sist\u0113mas var b\u016bt p\u0101rslogotas. Past\u0101v risks, ka atsevi\u0161\u0137\u0101s viet\u0101s appl\u016bd\u012bs palienes un zem\u0101k\u0101s vietas, transporta infrastrukt\u016bra. Liel\u0101 mitruma apst\u0101k\u013cos past\u0101v risks, ka tiks boj\u0101ti pret mitrumu j\u016bt\u012bgi kult\u016braugi.<\/p>\n<p class=\"wp-block-paragraph\">Pasliktin\u0101ti brauk\u0161anas apst\u0101k\u013ci rad\u012bsies uz ce\u013ca samazin\u0101tas redzam\u012bbas un akvaplan\u0113\u0161anas d\u0113\u013c. J\u0101r\u0113\u0137in\u0101s, ka braucieniem nepiecie\u0161ams iepl\u0101not ilg\u0101ku laiku. P\u0101rvietojoties pl\u016bdu riskam visvair\u0101k pak\u013cautaj\u0101s teritorij\u0101s, ir j\u0101b\u016bt piesardz\u012bgam.<\/p>\n<p><img loading=\"lazy\" decoding=\"async\" width=\"1024\" height=\"1024\" src=\"https:\/\/www.europesays.com\/lv\/wp-content\/uploads\/2026\/09\/1788593352_126_796388534_1555084005697844_963359035118420780_n-1024x1024.jpg\" alt=\"\" class=\"wp-image-1122107\"  \/>                    <\/p>\n","protected":false},"excerpt":{"rendered":"Sestdien, 5. septembr\u012b, viet\u0101m Latvij\u0101 gaid\u0101mas stipras lietusg\u0101zes. Vis\u0101 Latvijas teritorij\u0101 izsludin\u0101ts dzelten\u0101s pak\u0101pes lietus br\u012bdin\u0101jums, inform\u0113 Latvijas&hellip;\n","protected":false},"author":2,"featured_media":286287,"comment_status":"","ping_status":"","sticky":false,"template":"","format":"standard","meta":{"footnotes":"","_share_on_mastodon":"0"},"categories":[12],"tags":[23,28,29,32,33,22,30,31,35,39,38,36,37,34,40,20,26,27,24,25,21],"class_list":["post-286286","post","type-post","status-publish","format-standard","has-post-thumbnail","category-latvija","tag-aktualitates","tag-breaking-news","tag-breakingnews","tag-featured-news","tag-featurednews","tag-headlines","tag-latest-news","tag-latestnews","tag-latvia","tag-latvian","tag-latviesu","tag-latviesu-valoda","tag-latviesuvaloda","tag-latvija","tag-lv","tag-news","tag-popularakas-zinas","tag-popularakaszinas","tag-top-stories","tag-topstories","tag-zinas"],"share_on_mastodon":{"url":"https:\/\/pubeurope.com\/@lv\/117217261791203129","error":""},"_links":{"self":[{"href":"https:\/\/www.europesays.com\/lv\/wp-json\/wp\/v2\/posts\/286286","targetHints":{"allow":["GET"]}}],"collection":[{"href":"https:\/\/www.europesays.com\/lv\/wp-json\/wp\/v2\/posts"}],"about":[{"href":"https:\/\/www.europesays.com\/lv\/wp-json\/wp\/v2\/types\/post"}],"author":[{"embeddable":true,"href":"https:\/\/www.europesays.com\/lv\/wp-json\/wp\/v2\/users\/2"}],"replies":[{"embeddable":true,"href":"https:\/\/www.europesays.com\/lv\/wp-json\/wp\/v2\/comments?post=286286"}],"version-history":[{"count":0,"href":"https:\/\/www.europesays.com\/lv\/wp-json\/wp\/v2\/posts\/286286\/revisions"}],"wp:featuredmedia":[{"embeddable":true,"href":"https:\/\/www.europesays.com\/lv\/wp-json\/wp\/v2\/media\/286287"}],"wp:attachment":[{"href":"https:\/\/www.europesays.com\/lv\/wp-json\/wp\/v2\/media?parent=286286"}],"wp:term":[{"taxonomy":"category","embeddable":true,"href":"https:\/\/www.europesays.com\/lv\/wp-json\/wp\/v2\/categories?post=286286"},{"taxonomy":"post_tag","embeddable":true,"href":"https:\/\/www.europesays.com\/lv\/wp-json\/wp\/v2\/tags?post=286286"}],"curies":[{"name":"wp","href":"https:\/\/api.w.org\/{rel}","templated":true}]}}