{"id":286290,"date":"2026-09-05T07:32:10","date_gmt":"2026-09-05T07:32:10","guid":{"rendered":"https:\/\/www.europesays.com\/lv\/286290\/"},"modified":"2026-09-05T07:32:10","modified_gmt":"2026-09-05T07:32:10","slug":"sietinai-vienigai-no-baltijas-valstu-vieglatletem-tas-ir-izdevies","status":"publish","type":"post","link":"https:\/\/www.europesays.com\/lv\/286290\/","title":{"rendered":"Sieti\u0146ai vien\u012bgai no Baltijas valstu vieglatl\u0113t\u0113m tas ir izdevies"},"content":{"rendered":"<p class=\"descr\">Anete Sieti\u0146a kvalific\u0113jusies \u201cWorld Athletics Ultimate Championship\u201d, zi\u0146o &#8220;Sporta studija&#8221;.<\/p>\n<p>\t\t\t\t\t\t\t\t\t\t\t\t\t\t\t\tLatvijas \u0161\u0137\u0113pmet\u0113ja<a href=\"https:\/\/nra.lv\/dzivesstils\/cilveki-kas-iedvesmo\/502675-latvijas-skepa-meteja-sietina-labakais-karjeras-posms-un-sudraba-medala.htm\" data-item-link=\"true\" data-item-id=\"502675\" rel=\"nofollow noopener\" target=\"_blank\"> Anete Sieti\u0146a <\/a>izc\u012bn\u012bjusi vietu presti\u017eaj\u0101s \u201cWorld Athletics Ultimate Championship\u201d sacens\u012bb\u0101s, kas no 11. l\u012bdz 13. septembrim norisin\u0101sies Budape\u0161t\u0101, Ung\u0101rij\u0101. <\/p>\n<blockquote><p>Sieti\u0146a k\u013cuvusi par vien\u012bgo Latvijas un Baltijas valstu vieglatl\u0113ti, kura start\u0113s \u0161aj\u0101s elites sacens\u012bb\u0101s.<\/p><\/blockquote>\n<p>P\u0113c kvalifik\u0101cijas perioda nosl\u0113guma 1. septembr\u012b vi\u0146a pasaules rang\u0101 ie\u0146em 5. vietu, kas \u013c\u0101vusi nodro\u0161in\u0101t dal\u012bbu sacens\u012bb\u0101s.<\/p>\n<p>Sievie\u0161u \u0161\u0137\u0113pme\u0161anas sacens\u012bb\u0101s kopum\u0101 start\u0113s asto\u0146as sportistes. Anetes starts paredz\u0113ts 12. septembr\u012b plkst. 19:25 p\u0113c Latvijas laika.<\/p>\n<p>  P\u0113rn Latvijas sportiste <a href=\"https:\/\/nra.lv\/sports\/502172-anete-sietina-izcina-sudraba-medalu-pasaules-vieglatletikas-cempionata.htm\" data-item-link=\"true\" data-item-id=\"502172\" rel=\"nofollow noopener\" target=\"_blank\">Anete Sieti\u0146a Tokij\u0101<\/a> pasaules vieglatl\u0113tikas \u010dempion\u0101t\u0101 ie\u0146\u0113ma otro vietu \u0161\u0137\u0113pa me\u0161an\u0101, atk\u0101rtojot Latvijas vieglatl\u0113tu lab\u0101ko sasniegumu pasaules meistarsac\u012bkst\u0113s.  <\/p>\n","protected":false},"excerpt":{"rendered":"Anete Sieti\u0146a kvalific\u0113jusies \u201cWorld Athletics Ultimate Championship\u201d, zi\u0146o &#8220;Sporta studija&#8221;. Latvijas \u0161\u0137\u0113pmet\u0113ja Anete Sieti\u0146a izc\u012bn\u012bjusi vietu presti\u017eaj\u0101s \u201cWorld&hellip;\n","protected":false},"author":2,"featured_media":286291,"comment_status":"","ping_status":"","sticky":false,"template":"","format":"standard","meta":{"footnotes":"","_share_on_mastodon":"0"},"categories":[17],"tags":[35,39,38,36,37,34,40,67],"class_list":["post-286290","post","type-post","status-publish","format-standard","has-post-thumbnail","category-sports","tag-latvia","tag-latvian","tag-latviesu","tag-latviesu-valoda","tag-latviesuvaloda","tag-latvija","tag-lv","tag-sports"],"share_on_mastodon":{"url":"https:\/\/pubeurope.com\/@lv\/117217273096375556","error":""},"_links":{"self":[{"href":"https:\/\/www.europesays.com\/lv\/wp-json\/wp\/v2\/posts\/286290","targetHints":{"allow":["GET"]}}],"collection":[{"href":"https:\/\/www.europesays.com\/lv\/wp-json\/wp\/v2\/posts"}],"about":[{"href":"https:\/\/www.europesays.com\/lv\/wp-json\/wp\/v2\/types\/post"}],"author":[{"embeddable":true,"href":"https:\/\/www.europesays.com\/lv\/wp-json\/wp\/v2\/users\/2"}],"replies":[{"embeddable":true,"href":"https:\/\/www.europesays.com\/lv\/wp-json\/wp\/v2\/comments?post=286290"}],"version-history":[{"count":0,"href":"https:\/\/www.europesays.com\/lv\/wp-json\/wp\/v2\/posts\/286290\/revisions"}],"wp:featuredmedia":[{"embeddable":true,"href":"https:\/\/www.europesays.com\/lv\/wp-json\/wp\/v2\/media\/286291"}],"wp:attachment":[{"href":"https:\/\/www.europesays.com\/lv\/wp-json\/wp\/v2\/media?parent=286290"}],"wp:term":[{"taxonomy":"category","embeddable":true,"href":"https:\/\/www.europesays.com\/lv\/wp-json\/wp\/v2\/categories?post=286290"},{"taxonomy":"post_tag","embeddable":true,"href":"https:\/\/www.europesays.com\/lv\/wp-json\/wp\/v2\/tags?post=286290"}],"curies":[{"name":"wp","href":"https:\/\/api.w.org\/{rel}","templated":true}]}}