{"id":286294,"date":"2026-09-05T07:35:11","date_gmt":"2026-09-05T07:35:11","guid":{"rendered":"https:\/\/www.europesays.com\/lv\/286294\/"},"modified":"2026-09-05T07:35:11","modified_gmt":"2026-09-05T07:35:11","slug":"foto-pasniegti-latvijas-zurnalistikas-oskari-lza-izcilibas-balvas-delfi-lv","status":"publish","type":"post","link":"https:\/\/www.europesays.com\/lv\/286294\/","title":{"rendered":"Foto: Pasniegti Latvijas \u017eurn\u0101listikas &quot;Oskari&quot; \u2013 L\u017dA Izcil\u012bbas balvas &#8211; delfi.lv"},"content":{"rendered":"<ol>\n<li><a href=\"https:\/\/news.google.com\/rss\/articles\/CBMirgFBVV95cUxOU0M3TG55eVhLRDNBRWxZMHBVdkl0YVRRUHI5c3BjQ0V3WUxVRFVrc3ZqbHJ4cVc4RTUzTlkwTEEyRnduRVpxTE1DX2dqRGZWeTFVYTQ4QkljbklLTExmNV9ERFlDeWNDd29zNUtPYnlmYW0xalpjZG1nLWlycHQ4bFljN0VQRUkwN2o1NUVibGZHVW13dkNmVldWdTRibzFOSWVJVWw5U3hSbnV5TWc?oc=5\" target=\"_blank\" rel=\"nofollow noopener\">Foto: Pasniegti Latvijas \u017eurn\u0101listikas &#8220;Oskari&#8221; \u2013 L\u017dA Izcil\u012bbas balvas<\/a>&nbsp;&nbsp;delfi.lv<\/li>\n<li><a href=\"https:\/\/news.google.com\/rss\/articles\/CBMinwFBVV95cUxNeHNRNzdXTDR4TzFfemdqWml5TEx4X0pHbFJBMlZiX3RjTUJFOWRCd0N6b2xFRm4tS2VnSTNxN1ZtcnNMNFdDM1hYNnM1aGdlSkNGeTd5YTZQM1pJY0dLOVF6QnZHWW5rVmV6T1BqZEdtY0M2VVBJTjJRTGxiOV92V3EwRk1lSTE0ZkpxYk85VklubGtDWlNfa1pJMnFLTXM?oc=5\" target=\"_blank\" rel=\"nofollow noopener\">&#8220;Delfi&#8221; \u017eurn\u0101liste Anna Ap\u012bne ieg\u016bst L\u017dA Izcil\u012bbas balvu<\/a>&nbsp;&nbsp;delfi.lv<\/li>\n<li><a href=\"https:\/\/news.google.com\/rss\/articles\/CBMi2gFBVV95cUxOTkNKTHB6blFkQjR0eFRlb21xZEg2UEVoZlhySWlGOFVDeDlBZklidTAxajFvSHd6clJuQnZWWFI5ams1R2dhYTc2MVhnUF8yRUl5VkVnR3F1N0JUY09YUG5OLVlHaTB4OWkwVTlxa1V5WDVGMTBuYXRPNmd4aEt1NFRjOXZ6T0NIZGZFaWY4cHhYRnNSdEpiemx0TzlKQmtVZGV1YVVYY1NrS2dtNFhrM1ZPR3BBQ2VvLXl6Q0N6NkxQbDF2QVlic1Q2NWdjZEV5WlduNHNMNGhOUQ?oc=5\" target=\"_blank\" rel=\"nofollow noopener\">Vair\u0101ki Latvijas Sabiedrisk\u0101 medija \u017eurn\u0101listi sa\u0146em \u017eurn\u0101listikas \u00abIzcil\u012bbas balvu\u00bb \/ Raksts<\/a>&nbsp;&nbsp;lsm.lv<\/li>\n<li><a href=\"https:\/\/news.google.com\/rss\/articles\/CBMiugFBVV95cUxOUVhpdVJMTkJZaDZ1ZnV0azVNX2xIUVdnYXU5eXZRb2FlTlhubnJFTzRpZnRQeU1mUTdrQkZWSUJobEJNSml0NlFnQlZwSEYwR0hkOTQ4OGVsc3J4OHNfNGxXYkc0aUhNUk5QYXhkQVl5Z3ZVdHktNVhuY041WFBWZmltQm52Rnh1QkJMOVBBYlBYUllEN0htX2QyLXBOOW1sTVM5VWEwdnJFQjV2QUw5Uy1LS3QzNXJJb2c?oc=5\" target=\"_blank\" rel=\"nofollow noopener\">VIDEO \u27e9 Norisin\u0101s konference par aktu\u0101liem jaut\u0101jumiem Latvijas \u017eurn\u0101listik\u0101 un mediju vid\u0113<\/a>&nbsp;&nbsp;TVNET<\/li>\n<li><a href=\"https:\/\/news.google.com\/rss\/articles\/CBMizwFBVV95cUxNSnoxWFBpUXZnWVNrVG1tZEFLVTI0R2tVTWxpcEE2Zjg1UmVXU2h3SjgwN0x1alN1Sjg3dWdGNzNDcUhtRnYxblgzZmdPbkFiaDd4YURvQlc5Xy02SUdEUTFKRXNuRHllMFZVNnFLMjROdDBTZ0RSOE9nVGJCSFRiaC1jZnhEanpPVzNRQjBfVWItRnRIa2cwT2d5UERDVnRNaEFVSlVMMVVVUkVPNG94SFhVY3Rza09DVkdnZlZxem55RTJHMnlDeXJVT0QwMU0?oc=5\" target=\"_blank\" rel=\"nofollow noopener\">\u201cKokr\u016bpnieku lietas\u201d si\u017eeti nomin\u0113ti Izcil\u012bbas balvai &#8211; cik \u0113tiski tas ir, ja v\u0113l nav tiesas sprieduma?<\/a>&nbsp;&nbsp;Jauns.lv<\/li>\n<\/ol>\n","protected":false},"excerpt":{"rendered":"Foto: Pasniegti Latvijas \u017eurn\u0101listikas &#8220;Oskari&#8221; \u2013 L\u017dA Izcil\u012bbas balvas&nbsp;&nbsp;delfi.lv &#8220;Delfi&#8221; \u017eurn\u0101liste Anna Ap\u012bne ieg\u016bst L\u017dA Izcil\u012bbas balvu&nbsp;&nbsp;delfi.lv Vair\u0101ki&hellip;\n","protected":false},"author":2,"featured_media":286295,"comment_status":"","ping_status":"","sticky":false,"template":"","format":"standard","meta":{"footnotes":"","_share_on_mastodon":"0"},"categories":[12],"tags":[23,28,29,32,33,22,30,31,35,39,38,36,37,34,40,20,26,27,172,24,25,21,13916],"class_list":["post-286294","post","type-post","status-publish","format-standard","has-post-thumbnail","category-latvija","tag-aktualitates","tag-breaking-news","tag-breakingnews","tag-featured-news","tag-featurednews","tag-headlines","tag-latest-news","tag-latestnews","tag-latvia","tag-latvian","tag-latviesu","tag-latviesu-valoda","tag-latviesuvaloda","tag-latvija","tag-lv","tag-news","tag-popularakas-zinas","tag-popularakaszinas","tag-riga","tag-top-stories","tag-topstories","tag-zinas","tag-zurnalistika"],"share_on_mastodon":{"url":"https:\/\/pubeurope.com\/@lv\/117217284913110590","error":""},"_links":{"self":[{"href":"https:\/\/www.europesays.com\/lv\/wp-json\/wp\/v2\/posts\/286294","targetHints":{"allow":["GET"]}}],"collection":[{"href":"https:\/\/www.europesays.com\/lv\/wp-json\/wp\/v2\/posts"}],"about":[{"href":"https:\/\/www.europesays.com\/lv\/wp-json\/wp\/v2\/types\/post"}],"author":[{"embeddable":true,"href":"https:\/\/www.europesays.com\/lv\/wp-json\/wp\/v2\/users\/2"}],"replies":[{"embeddable":true,"href":"https:\/\/www.europesays.com\/lv\/wp-json\/wp\/v2\/comments?post=286294"}],"version-history":[{"count":0,"href":"https:\/\/www.europesays.com\/lv\/wp-json\/wp\/v2\/posts\/286294\/revisions"}],"wp:featuredmedia":[{"embeddable":true,"href":"https:\/\/www.europesays.com\/lv\/wp-json\/wp\/v2\/media\/286295"}],"wp:attachment":[{"href":"https:\/\/www.europesays.com\/lv\/wp-json\/wp\/v2\/media?parent=286294"}],"wp:term":[{"taxonomy":"category","embeddable":true,"href":"https:\/\/www.europesays.com\/lv\/wp-json\/wp\/v2\/categories?post=286294"},{"taxonomy":"post_tag","embeddable":true,"href":"https:\/\/www.europesays.com\/lv\/wp-json\/wp\/v2\/tags?post=286294"}],"curies":[{"name":"wp","href":"https:\/\/api.w.org\/{rel}","templated":true}]}}