{"id":286296,"date":"2026-09-05T07:38:14","date_gmt":"2026-09-05T07:38:14","guid":{"rendered":"https:\/\/www.europesays.com\/lv\/286296\/"},"modified":"2026-09-05T07:38:14","modified_gmt":"2026-09-05T07:38:14","slug":"suninens-klust-par-jds-machinery-rali-ceredigion-rallija-lideri-motoru-sports-sportacentrs-com","status":"publish","type":"post","link":"https:\/\/www.europesays.com\/lv\/286296\/","title":{"rendered":"Suninens k\u013c\u016bst par &#8221;JDS Machinery Rali Ceredigion&#8221; rallija l\u012bderi \u2013 Motoru sports \u2013 Sportacentrs.com"},"content":{"rendered":"<p>Ar pirmajiem \u010detriem \u0101trumposmiem, no kuriem divi norisin\u0101j\u0101s tums\u0101, piektdien start\u0113ja sezonas priek\u0161p\u0113d\u0113jais Eiropas rallija \u010dempion\u0101ta (ER\u010c) posms, rallijs &#8221;JDS Machinery Rali Ceredigion&#8221;.<\/p>\n<p>Pirmie divi \u0101trumposmi norisin\u0101j\u0101s pils\u0113t\u0101, bet v\u0113l\u0101k 6 un 9 kilometrus gari posmi tika aizvad\u012bti tums\u0101. Atg\u0101din\u0101sim, ka \u0161is rallijs ir slavens ar saviem vilt\u012bgajiem, \u0101trajiem un \u0161aurajiem asfalta ce\u013ciem, kur katra maz\u0101k\u0101 k\u013c\u016bda var beigties ar av\u0101riju.<\/p>\n<p>P\u0113c diviem pils\u0113tas posmiem l\u012bderis bija Kris M\u012bke, bet abos n\u0101kamajos posmos tums\u0101 nep\u0101rsp\u0113ts palika ER\u010c kopv\u0113rt\u0113juma l\u012bderis Suninenes, kur\u0161 pirms starta atzina, ka \u0161aj\u0101 rallij\u0101 galvenais ir fini\u0161\u0113t un izc\u012bn\u012bt p\u0113c iesp\u0113jas v\u0113rt\u012bg\u0101kus punktus.<\/p>\n<p>Soms demonstr\u0113ja satrieco\u0161u sniegumu tie\u0161i tre\u0161aj\u0101 \u0101trumposm\u0101, kas norisin\u0101j\u0101s piln\u012bg\u0101 tums\u0101 pa \u013coti \u0161auriem, slideniem un l\u012bkumainiem Velsas ce\u013ciem. Suninens \u0161aj\u0101 posm\u0101 apsteidza savu tuv\u0101ko sekot\u0101ju un m\u0101jinieku favor\u012btu M\u012bki par 2,5 sekund\u0113m. P\u0113c tre\u0161\u0101 \u0101trumposma soms teica, ka vi\u0146am tr\u016bkstot v\u0101rdu, cik traks \u0161is posms esot bijis. Ar\u012b koment\u0113t\u0101ji (viens no vi\u0146iem rallija brauc\u0113js Eivinds Brinildsens) p\u0113c posma teica, ka kaut ko t\u0101du vi\u0146i sen nebija redz\u0113ju\u0161i, kur apm\u0113ram kilometru gar\u0101 posm\u0101 Suninens tums\u0101 liel\u0101 \u0101trum\u0101 trauc\u0101s pa nep\u0101rredzamajiem un \u0161aurajiem ce\u013ciem. Ar\u012b M\u012bke paslav\u0113ja Suninenu.<\/p>\n<blockquote class=\"twitter-tweet\">\n<p lang=\"et\" dir=\"ltr\">Teemu Suninen on SS3 \ud83e\udd2f\ud83e\udd2f\ud83e\udd2f<a href=\"https:\/\/x.com\/hashtag\/FIAERC?src=hash&amp;ref_src=twsrc%5Etfw\" rel=\"nofollow\">#FIAERC<\/a> | <a href=\"https:\/\/x.com\/hashtag\/RaliCeredigion?src=hash&amp;ref_src=twsrc%5Etfw\" rel=\"nofollow\">#RaliCeredigion<\/a>  <a href=\"https:\/\/t.co\/eD6wfYOUd5\" rel=\"nofollow\">pic.twitter.com\/eD6wfYOUd5<\/a><\/p>\n<p>\u2014 FIA European Rally Championship (@FIAERC) <a href=\"https:\/\/x.com\/FIAERC\/status\/2095975818174357581?ref_src=twsrc%5Etfw\" rel=\"nofollow\">September 4, 2026<\/a><\/p><\/blockquote>\n<p> beigt t\u012brs kods;L\u012bdz ar to p\u0113c pirm\u0101s dienas \u010detriem posmiem vad\u012bb\u0101 ir Suninens, kuram tikai 0,9 sekundes zaud\u0113 M\u012bke, bet tre\u0161ais ir Miko Mar\u010diks, kur\u0161 atpaliek nepilnas asto\u0146as sekundes.Sestdien sportistiem paredz\u0113ts veikt asto\u0146us posmus, bet sv\u0113tdien nosl\u0113dzo\u0161os \u010detrus.<img decoding=\"async\" src=\"https:\/\/www.europesays.com\/lv\/wp-content\/uploads\/2026\/09\/Clipboard_09-05-2026_02.jpg\" class=\"img-fluid\"\/><\/p>\n<p>                    <script async src=\"https:\/\/platform.twitter.com\/widgets.js\" charset=\"utf-8\"><\/script><\/p>\n","protected":false},"excerpt":{"rendered":"Ar pirmajiem \u010detriem \u0101trumposmiem, no kuriem divi norisin\u0101j\u0101s tums\u0101, piektdien start\u0113ja sezonas priek\u0161p\u0113d\u0113jais Eiropas rallija \u010dempion\u0101ta (ER\u010c) posms,&hellip;\n","protected":false},"author":2,"featured_media":286297,"comment_status":"","ping_status":"","sticky":false,"template":"","format":"standard","meta":{"footnotes":"","_share_on_mastodon":"0"},"categories":[17],"tags":[35,39,38,36,37,34,40,165,67],"class_list":["post-286296","post","type-post","status-publish","format-standard","has-post-thumbnail","category-sports","tag-latvia","tag-latvian","tag-latviesu","tag-latviesu-valoda","tag-latviesuvaloda","tag-latvija","tag-lv","tag-motoru-sports","tag-sports"],"share_on_mastodon":{"url":"https:\/\/pubeurope.com\/@lv\/117217296946622160","error":""},"_links":{"self":[{"href":"https:\/\/www.europesays.com\/lv\/wp-json\/wp\/v2\/posts\/286296","targetHints":{"allow":["GET"]}}],"collection":[{"href":"https:\/\/www.europesays.com\/lv\/wp-json\/wp\/v2\/posts"}],"about":[{"href":"https:\/\/www.europesays.com\/lv\/wp-json\/wp\/v2\/types\/post"}],"author":[{"embeddable":true,"href":"https:\/\/www.europesays.com\/lv\/wp-json\/wp\/v2\/users\/2"}],"replies":[{"embeddable":true,"href":"https:\/\/www.europesays.com\/lv\/wp-json\/wp\/v2\/comments?post=286296"}],"version-history":[{"count":0,"href":"https:\/\/www.europesays.com\/lv\/wp-json\/wp\/v2\/posts\/286296\/revisions"}],"wp:featuredmedia":[{"embeddable":true,"href":"https:\/\/www.europesays.com\/lv\/wp-json\/wp\/v2\/media\/286297"}],"wp:attachment":[{"href":"https:\/\/www.europesays.com\/lv\/wp-json\/wp\/v2\/media?parent=286296"}],"wp:term":[{"taxonomy":"category","embeddable":true,"href":"https:\/\/www.europesays.com\/lv\/wp-json\/wp\/v2\/categories?post=286296"},{"taxonomy":"post_tag","embeddable":true,"href":"https:\/\/www.europesays.com\/lv\/wp-json\/wp\/v2\/tags?post=286296"}],"curies":[{"name":"wp","href":"https:\/\/api.w.org\/{rel}","templated":true}]}}