{"id":286298,"date":"2026-09-05T07:41:16","date_gmt":"2026-09-05T07:41:16","guid":{"rendered":"https:\/\/www.europesays.com\/lv\/286298\/"},"modified":"2026-09-05T07:41:16","modified_gmt":"2026-09-05T07:41:16","slug":"macinu-naksies-atvert-plasak-kur-sosezon-sadardzinasies-siltumenergija-lasi-lv","status":"publish","type":"post","link":"https:\/\/www.europesays.com\/lv\/286298\/","title":{"rendered":"Maci\u0146u n\u0101ksies atv\u0113rt pla\u0161\u0101k: kur \u0161osezon sad\u0101rdzin\u0101sies siltumener\u0123ija? &#8211; Lasi.lv"},"content":{"rendered":"<ol>\n<li><a href=\"https:\/\/news.google.com\/rss\/articles\/CBMisgFBVV95cUxNdnZ0c3hHRE5SWDZ0eUs2Z0MtaE02eXg5Qy1Oam9YSUYtX0ZhOFRzOGNjSDV0dG9MZGFyRmZfZm5xWjgtcmlLYjBDZXRmc2ZiZFpyb0ZvcHh3S09lblpWdU9CaXc2VFZkMUgzMWtuN1hRUWpmd2trcFA3QWFGNnBJei1UOHNBMHdRMXBWMkkwSGdLOTVUNUp3VGN5RTZzOTBTTDNzM2VTM2JGSVF6Mk1YNWln?oc=5\" target=\"_blank\" rel=\"nofollow noopener\">Maci\u0146u n\u0101ksies atv\u0113rt pla\u0161\u0101k: kur \u0161osezon sad\u0101rdzin\u0101sies siltumener\u0123ija?<\/a>&nbsp;&nbsp;Lasi.lv<\/li>\n<li><a href=\"https:\/\/news.google.com\/rss\/articles\/CBMitAFBVV95cUxPcXlLQ252aEU2WEtGQ3ZBNUhnTW9zU205aDZHVnAwcGVKZnNkOVE4MVRJVVlCTkZqcnFnSDJKYnB6OUN5ZERMY1FTT3N1dTZ5X0wzckhuaEwxQTBTVVB1Y3R1S3ZfYnZ6S2xNVGM4YVFqb2tlZW8ya2RqQk9IWkNkdzBWaGtVTXJkVUJBZ1lqTTQ1QmlCX0ZCbVE5dnp4TFIwdHlqN04yNjFIWHBDTnNiTFRSNFI?oc=5\" target=\"_blank\" rel=\"nofollow noopener\">&#8220;Prei\u013cu saimnieka&#8221; siltumener\u0123ijas tarifs no oktobra pieaugs par 16,9 procentiem<\/a>&nbsp;&nbsp;Radio1.lv<\/li>\n<li><a href=\"https:\/\/news.google.com\/rss\/articles\/CBMimAFBVV95cUxNWHplTGdzZkVhbmxCajVVUVVmT0pzUGRlN19yQXlSZ3RDZ0cxRnBVVTA0VktFRjVaVkNVWHdfWE1kajBWQUNZM1FpMnFud25NNGtXM2lrTXBsRUxybU1HZFZISEd6T0g3WFhyWHBheFA5Q3luZ0xaYWIyNjdtUUVfNEdGRFd5TVdtUzY3VUtUbXZMOHVmcWN5VQ?oc=5\" target=\"_blank\" rel=\"nofollow noopener\">Jelgav\u0101 no 1. oktobra pl\u0101notas siltumener\u0123ijas tarifa izmai\u0146as<\/a>&nbsp;&nbsp;Jelgava<\/li>\n<li><a href=\"https:\/\/news.google.com\/rss\/articles\/CBMijwFBVV95cUxQXzh2c09iMHJ5dXFkMUQ0TkwtRU1tMTg3SVN1cEdtVUJNelMwdWJXSWtOSFcxZlRrd2E4Z21LNUJhN0toTFplNTNxd0FvUmk4MjZubW9ucmFyX3praEVIaGpKNE9VekNIUW5feGIzNnhiZlBpS3pfOS15UHliNDJfczF1dVJxdnN6RS1UQVVacw?oc=5\" target=\"_blank\" rel=\"nofollow noopener\">Vidzeme: Saulkrastos iev\u0113rojami pieaug siltuma tarifs<\/a>&nbsp;&nbsp;auseklis.lv<\/li>\n<\/ol>\n","protected":false},"excerpt":{"rendered":"Maci\u0146u n\u0101ksies atv\u0113rt pla\u0161\u0101k: kur \u0161osezon sad\u0101rdzin\u0101sies siltumener\u0123ija?&nbsp;&nbsp;Lasi.lv &#8220;Prei\u013cu saimnieka&#8221; siltumener\u0123ijas tarifs no oktobra pieaugs par 16,9 procentiem&nbsp;&nbsp;Radio1.lv&hellip;\n","protected":false},"author":2,"featured_media":286299,"comment_status":"","ping_status":"","sticky":false,"template":"","format":"standard","meta":{"footnotes":"","_share_on_mastodon":"0"},"categories":[12],"tags":[23,28,29,32,33,22,30,31,35,39,38,36,37,34,40,20,26,27,24,25,21],"class_list":["post-286298","post","type-post","status-publish","format-standard","has-post-thumbnail","category-latvija","tag-aktualitates","tag-breaking-news","tag-breakingnews","tag-featured-news","tag-featurednews","tag-headlines","tag-latest-news","tag-latestnews","tag-latvia","tag-latvian","tag-latviesu","tag-latviesu-valoda","tag-latviesuvaloda","tag-latvija","tag-lv","tag-news","tag-popularakas-zinas","tag-popularakaszinas","tag-top-stories","tag-topstories","tag-zinas"],"share_on_mastodon":{"url":"https:\/\/pubeurope.com\/@lv\/117217308439520646","error":""},"_links":{"self":[{"href":"https:\/\/www.europesays.com\/lv\/wp-json\/wp\/v2\/posts\/286298","targetHints":{"allow":["GET"]}}],"collection":[{"href":"https:\/\/www.europesays.com\/lv\/wp-json\/wp\/v2\/posts"}],"about":[{"href":"https:\/\/www.europesays.com\/lv\/wp-json\/wp\/v2\/types\/post"}],"author":[{"embeddable":true,"href":"https:\/\/www.europesays.com\/lv\/wp-json\/wp\/v2\/users\/2"}],"replies":[{"embeddable":true,"href":"https:\/\/www.europesays.com\/lv\/wp-json\/wp\/v2\/comments?post=286298"}],"version-history":[{"count":0,"href":"https:\/\/www.europesays.com\/lv\/wp-json\/wp\/v2\/posts\/286298\/revisions"}],"wp:featuredmedia":[{"embeddable":true,"href":"https:\/\/www.europesays.com\/lv\/wp-json\/wp\/v2\/media\/286299"}],"wp:attachment":[{"href":"https:\/\/www.europesays.com\/lv\/wp-json\/wp\/v2\/media?parent=286298"}],"wp:term":[{"taxonomy":"category","embeddable":true,"href":"https:\/\/www.europesays.com\/lv\/wp-json\/wp\/v2\/categories?post=286298"},{"taxonomy":"post_tag","embeddable":true,"href":"https:\/\/www.europesays.com\/lv\/wp-json\/wp\/v2\/tags?post=286298"}],"curies":[{"name":"wp","href":"https:\/\/api.w.org\/{rel}","templated":true}]}}