{"id":286302,"date":"2026-09-05T08:05:09","date_gmt":"2026-09-05T08:05:09","guid":{"rendered":"https:\/\/www.europesays.com\/lv\/286302\/"},"modified":"2026-09-05T08:05:09","modified_gmt":"2026-09-05T08:05:09","slug":"kops-migrantu-krizes-seuta-fiksetas-masveida-izvarosanas-starp-upurem-10-gadus-veca-meitene","status":"publish","type":"post","link":"https:\/\/www.europesays.com\/lv\/286302\/","title":{"rendered":"Kop\u0161 migrantu kr\u012bzes Seut\u0101 fiks\u0113tas masveida izvaro\u0161anas, starp upur\u0113m 10 gadus veca meitene"},"content":{"rendered":"<p class=\"descr\">Seksu\u0101las vardarb\u012bbas gad\u012bjumi Seut\u0101 notiek gandr\u012bz katru dienu, apgalvo prokurori. Sp\u0101nijas prokurori zi\u0146o, ka kop\u0161 masveida migrantu piepl\u016bduma Sp\u0101nijas ekskl\u0101v\u0101 j\u016blija beig\u0101s Seut\u0101 ir re\u0123istr\u0113ti 23 seksu\u0101las vardarb\u012bbas gad\u012bjumi, tostarp devi\u0146i pret b\u0113rniem, raksta &#8220;BBC&#8221;.<\/p>\n<p>\u0160is skaitlis noz\u012bm\u0113, ka katru dienu ir bijis gandr\u012bz viens gad\u012bjums, sac\u012bja Seutas galven\u0101 prokurore Silvija Rohasa.<\/p>\n<p>Vi\u0146a laikrakstam &#8220;El Pa\u00eds&#8221; past\u0101st\u012bja, ka migrantu meitenes ir &#8220;\u012bpa\u0161i neaizsarg\u0101tas vi\u0146u neleg\u0101l\u0101 statusa d\u0113\u013c teritorij\u0101&#8221;.<\/p>\n<p>Vismaz 72 000 migrantu 30. un 31. j\u016blij\u0101 \u0161\u0137\u0113rsoja Seutas robe\u017eu no Marokas, un, lai gan liel\u0101k\u0101 da\u013ca ir atgriezu\u0161ies, v\u0113l 5000 paliek, kas izrais\u012bjis nemierus autonomaj\u0101 pils\u0113t\u0101 Zieme\u013c\u0101frik\u0101 un kr\u012bzi Sp\u0101nijas premjerministram Pedro San\u010desam.<\/p>\n<p>Saska\u0146\u0101 ar Rohasas teikto, no aptuveni 5000 migrantiem, kas joproj\u0101m atrodas Seut\u0101, no 1400 l\u012bdz 1600 ir b\u0113rni.<\/p>\n<p>Starp aizdom\u0101s tur\u0113tajiem uzbruc\u0113jiem ir \u010detri marok\u0101\u0146i, tr\u012bs sp\u0101\u0146i un viens be\u013c\u0123is, zi\u0146o zi\u0146u a\u0123ent\u016bra &#8220;Efe&#8221;.<\/p>\n<p>P\u0113d\u0113j\u0101s dien\u0101s ir notiku\u0161as vardarb\u012bbas ainas, pieaugot spriedzei starp migrantiem un viet\u0113jiem iedz\u012bvot\u0101jiem.<\/p>\n<p>San\u010dess otrdien sasauca otro savas nacion\u0101l\u0101s dro\u0161\u012bbas padomes san\u0101ksmi ned\u0113\u013cas laik\u0101, lai risin\u0101tu \u0161o jaut\u0101jumu.<\/p>\n<p>Rohasa sac\u012bja, ka piepl\u016bdums ir izrais\u012bjis eksponenci\u0101lu seksu\u0101l\u0101s vardarb\u012bbas pieaugumu, un daudzi upuri neiesniedza zi\u0146ojumu vai nu bai\u013cu, vai &#8220;pa\u0161reiz\u0113j\u0101s situ\u0101cijas Se\u016bt\u0101&#8221; d\u0113\u013c.<\/p>\n<p>Sp\u0101nijas Epidemiolo\u0123ijas biedr\u012bba pazi\u0146oja, ka robe\u017ekr\u012bze ir izc\u0113lusi gr\u016bt\u012bbas atkl\u0101t un apkarot vardarb\u012bbu pret migrant\u0113m un meiten\u0113m.<\/p>\n<p>Viena 24 gadus veca sieviete no Marokas &#8220;BBC&#8221; past\u0101st\u012bja, ka vi\u0146a &#8220;apdraud\u0113jusi savu dz\u012bv\u012bbu&#8221;, dodoties uz Se\u016btu, un aprakst\u012bja, ka, gu\u013cot starp v\u012brie\u0161u un sievie\u0161u grupu, vi\u0146a cieta no seksu\u0101las vardarb\u012bbas. &#8220;Es biju \u0161ok\u0113ta&#8230; Ja es to b\u016btu zin\u0101jusi, es neb\u016btu braukusi.&#8221;<\/p>\n<blockquote><p>Neatliekam\u0101s pal\u012bdz\u012bbas \u0101rste Susana Askaso pag\u0101ju\u0161aj\u0101 m\u0113nes\u012b sac\u012bja, ka vi\u0146as noda\u013ca Seutas Universit\u0101tes slimn\u012bc\u0101 ir \u0101rst\u0113jusi vair\u0101kus seksu\u0101l\u0101s vardarb\u012bbas upurus, tostarp vienu, kuram bija tikai 10 gadi.<\/p><\/blockquote>\n<p>Ekonomikas ministrs Karloss Kuerpo pazi\u0146oja, ka kabinets ir apstiprin\u0101jis vair\u0101ku miljonu eiro pal\u012bdz\u012bbas paketi, kas pal\u012bdz\u0113s nodro\u0161in\u0101t b\u016btiskus pakalpojumus un segt nepavad\u012btu b\u0113rnu apr\u016bpes izmaksas.<\/p>\n<p>Teritorijas konservat\u012bvais m\u0113rs Huans Hesuss Vivass aicin\u0101ja sp\u0101\u0146us tre\u0161dien piedal\u012bties demonstr\u0101cij\u0101s vis\u0101 Sp\u0101nijas kontinent\u0101laj\u0101 da\u013c\u0101, lai atbalst\u012btu Se\u016btu, kas sakr\u012bt ar pils\u0113tas ikgad\u0113jiem sv\u0113tkiem.<\/p>\n<p><a href=\"https:\/\/nra.lv\/pasaule\/529000-seutas-migrantu-krize-krievijas-un-izraelas-loma-dezinformacija.htm\" data-item-link=\"true\" data-item-id=\"529000\" rel=\"nofollow noopener\" target=\"_blank\">Sp\u0101nijas vald\u012bba<\/a> saskaras ar asu oponentu kritiku par kr\u012bzes risin\u0101\u0161anu. Gal\u0113ji lab\u0113j\u0101 partija &#8220;Vox&#8221; pazi\u0146oja, ka San\u010dess nav &#8220;zaud\u0113jis kontroli p\u0101r Se\u016btu &#8211; vi\u0146\u0161 to ir nodevis&#8221;.<\/p>\n<p>Pirmdien premjerministrs pazi\u0146oja, ka karalis Felipe VI apmekl\u0113s Seutu, &#8220;tikl\u012bdz apst\u0101k\u013ci to at\u013caus&#8221;, kas tiek uzskat\u012bts par m\u0113\u0123in\u0101jumu nostiprin\u0101t Sp\u0101nijas varu p\u0101r \u0161o ekskl\u0101vu.<\/p>\n<p>\t\t\t\t\t\tinfo<\/p>\n<p>Uzzini pirmais<br \/>kas interesants noticis Latvij\u0101 un pasaul\u0113,<br \/>pievienojoties mums <a href=\"https:\/\/t.me\/neatkariga\" rel=\"nofollow\">Telegram<\/a> vai <a href=\"https:\/\/whatsapp.com\/channel\/0029VaMLFUH5K3zLU5s4wm3y\" rel=\"nofollow noopener\" target=\"_blank\">Whatsapp<\/a> kan\u0101l\u0101<\/p>\n","protected":false},"excerpt":{"rendered":"Seksu\u0101las vardarb\u012bbas gad\u012bjumi Seut\u0101 notiek gandr\u012bz katru dienu, apgalvo prokurori. Sp\u0101nijas prokurori zi\u0146o, ka kop\u0161 masveida migrantu piepl\u016bduma&hellip;\n","protected":false},"author":2,"featured_media":286303,"comment_status":"","ping_status":"","sticky":false,"template":"","format":"standard","meta":{"footnotes":"","_share_on_mastodon":"0"},"categories":[14],"tags":[23,57,28,29,32,33,22,30,31,35,39,38,36,37,34,40,20,26,27,24,25,54,55,56,21,58],"class_list":["post-286302","post","type-post","status-publish","format-standard","has-post-thumbnail","category-zinas-no-arvalstim","tag-aktualitates","tag-arvalstim","tag-breaking-news","tag-breakingnews","tag-featured-news","tag-featurednews","tag-headlines","tag-latest-news","tag-latestnews","tag-latvia","tag-latvian","tag-latviesu","tag-latviesu-valoda","tag-latviesuvaloda","tag-latvija","tag-lv","tag-news","tag-popularakas-zinas","tag-popularakaszinas","tag-top-stories","tag-topstories","tag-world","tag-world-news","tag-worldnews","tag-zinas","tag-zinas-no-arvalstim"],"share_on_mastodon":{"url":"https:\/\/pubeurope.com\/@lv\/117217403031895927","error":""},"_links":{"self":[{"href":"https:\/\/www.europesays.com\/lv\/wp-json\/wp\/v2\/posts\/286302","targetHints":{"allow":["GET"]}}],"collection":[{"href":"https:\/\/www.europesays.com\/lv\/wp-json\/wp\/v2\/posts"}],"about":[{"href":"https:\/\/www.europesays.com\/lv\/wp-json\/wp\/v2\/types\/post"}],"author":[{"embeddable":true,"href":"https:\/\/www.europesays.com\/lv\/wp-json\/wp\/v2\/users\/2"}],"replies":[{"embeddable":true,"href":"https:\/\/www.europesays.com\/lv\/wp-json\/wp\/v2\/comments?post=286302"}],"version-history":[{"count":0,"href":"https:\/\/www.europesays.com\/lv\/wp-json\/wp\/v2\/posts\/286302\/revisions"}],"wp:featuredmedia":[{"embeddable":true,"href":"https:\/\/www.europesays.com\/lv\/wp-json\/wp\/v2\/media\/286303"}],"wp:attachment":[{"href":"https:\/\/www.europesays.com\/lv\/wp-json\/wp\/v2\/media?parent=286302"}],"wp:term":[{"taxonomy":"category","embeddable":true,"href":"https:\/\/www.europesays.com\/lv\/wp-json\/wp\/v2\/categories?post=286302"},{"taxonomy":"post_tag","embeddable":true,"href":"https:\/\/www.europesays.com\/lv\/wp-json\/wp\/v2\/tags?post=286302"}],"curies":[{"name":"wp","href":"https:\/\/api.w.org\/{rel}","templated":true}]}}