{"id":286304,"date":"2026-09-05T08:11:10","date_gmt":"2026-09-05T08:11:10","guid":{"rendered":"https:\/\/www.europesays.com\/lv\/286304\/"},"modified":"2026-09-05T08:11:10","modified_gmt":"2026-09-05T08:11:10","slug":"meloni-svin-savas-valdibas-rekordilgu-darbibu","status":"publish","type":"post","link":"https:\/\/www.europesays.com\/lv\/286304\/","title":{"rendered":"Meloni svin savas vald\u012bbas rekordilgu darb\u012bbu"},"content":{"rendered":"<p class=\"lead\">\n                                    It\u0101lijas premjerministre D\u017eord\u017ea Meloni piektdien svin\u0113ja savas vald\u012bbas rekordilgu darb\u012bbu un nosauca politisko stabilit\u0101ti par vienu no t\u0101s galvenajiem sasniegumiem.\n                                <\/p>\n<p style=\"margin-left:0px;\">Meloni vald\u012bba ir nep\u0101rtraukti bijusi pie varas ilg\u0101k nek\u0101 jebkura cita vald\u012bba kop\u0161 It\u0101lijas Republikas dibin\u0101\u0161anas 1946. gad\u0101. T\u0101 p\u0101rsp\u0113jusi Silvio Berluskoni otro vald\u012bbu, kas past\u0101v\u0113ja 1412 dienas no 2001. l\u012bdz 2005. gadam. Piektdien Meloni bija premjerministre tie\u0161i 1413 dienas.<\/p>\n<p style=\"margin-left:0px;\">Meloni no lab\u0113j\u0101s partijas &#8220;It\u0101lijas br\u0101\u013ci&#8221; st\u0101j\u0101s It\u0101lijas premjerministra amat\u0101 2022. gada 22. oktobr\u012b, k\u013c\u016bstot par pirmo sievieti \u0161aj\u0101 amat\u0101.<\/p>\n<p style=\"margin-left:0px;\">It\u0101lija vairs nav &#8220;\u012bpa\u0161i nov\u0113rojams gad\u012bjums&#8221; Eirop\u0101, Meloni sac\u012bja savas partijas pas\u0101kum\u0101 It\u0101lijas dienvidu pils\u0113t\u0101 Bari.<\/p>\n<p style=\"margin-left:0px;\">Premjere atg\u0101din\u0101ja, ka It\u0101lij\u0101 pag\u0101tn\u0113 past\u0101v\u012bgi main\u012bju\u0161\u0101s vald\u012bbas, un piebilda, ka starptautisk\u0101s san\u0101ksm\u0113s partneri m\u0113dza jaut\u0101t: &#8220;Cik ilgi \u0161oreiz past\u0101v\u0113s \u0161\u012b vald\u012bba?&#8221; Vi\u0146a sac\u012bja, ka tie, pret kuriem bija \u0161\u0101da attieksme, nesp\u0113ja risin\u0101t sarunas vai apliecin\u0101t savas intereses.<\/p>\n<p style=\"margin-left:0px;\">49 gadus vec\u0101 politi\u0137e sac\u012bja, ka It\u0101lija ar politisko stabilit\u0101ti var noteikt savu darba k\u0101rt\u012bbu un tai nav j\u0101pie\u0146em citu l\u0113mumi.<\/p>\n<p style=\"margin-left:0px;\">It\u0101lijai agr\u0101k bija rakstur\u012bgas bie\u017eas vald\u012bbas mai\u0146as un politiska nestabilit\u0101te. Kop\u0161 republikas dibin\u0101\u0161anas pirms 80 gadiem valst\u012b biju\u0161as pavisam 68 vald\u012bbas, kuru vid\u0113jais ilgums bija aptuveni 13 m\u0113ne\u0161i. Meloni vad\u012bt\u0101 tr\u012bs lab\u0113jo un konservat\u012bvo partiju koal\u012bcija ir pie varas gandr\u012bz \u010detrus gadus.<\/p>\n<p style=\"margin-left:0px;\">Meloni vald\u012bbas rekords tom\u0113r attiecas tikai uz nep\u0101rtrauktu darbibu. Apvienojot vair\u0101kas vald\u012bbas viena premjera vad\u012bb\u0101, pirmaj\u0101 viet\u0101 ir miru\u0161ais politi\u0137is Silvio Berluskoni, kur\u0161 bijis premjera amat\u0101 vair\u0101k nek\u0101 devi\u0146us gadus. \u0160\u0101d\u0101 sarakst\u0101 Meloni ir sept\u012btaj\u0101 viet\u0101.<\/p>\n<p style=\"margin-left:0px;\">Kriti\u0137i ir vainoju\u0161i Meloni savas vald\u012bbas ilguma padar\u012b\u0161an\u0101 par pa\u0161m\u0113r\u0137i un nor\u0101diju\u0161i uz progresa tr\u016bkumu t\u0101s darb\u012bb\u0101. Laikraksts &#8220;La Repubblica&#8221; nesen uzskait\u012bja Meloni vald\u012bbas k\u013c\u016bmes, tai skait\u0101 sasp\u012bl\u0113jumu attiec\u012bb\u0101s ar ASV prezidentu Donaldu Trampu un neveiksm\u012bgo referendumu par tiesu reformu.<\/p>\n<p style=\"margin-left:0px;\">Meloni vald\u012bba ar\u012b pak\u013cauta augo\u0161am spiedienam no gal\u0113ji lab\u0113jo puses. Biju\u0161ais \u0123ener\u0101lis Roberto Vanna\u010di ar savu partiju &#8220;Nacion\u0101l\u0101 n\u0101kotne&#8221; atkl\u0101ti izaicina \u0161o vald\u012bbu. Partijai ir 7% reitings aptauj\u0101s un t\u0101 var ieg\u016bt noteico\u0161u lomu v\u0113l\u0113\u0161an\u0101s n\u0101kamgad.<\/p>\n<p> Aptauja <\/p>\n<p> Kam b\u016btu j\u0101lemj par Eiropas Savien\u012bbas n\u0101kotni? <\/p>\n<p style=\"margin-left:0px;\">\u00a0<\/p>\n<p>\u00a0<\/p>\n<p class=\"paragraph-muted\">Izv\u0113lies savu soct\u012bklu platformu, lai sekotu LASI.LV: <a href=\"https:\/\/www.facebook.com\/portals.lasi.lv\" target=\"_blank\" rel=\"noopener noreferrer nofollow\">Facebook<\/a>, <a href=\"https:\/\/twitter.com\/lasilvportals\" target=\"_blank\" rel=\"noopener noreferrer nofollow\">X<\/a>, <a href=\"https:\/\/bsky.app\/profile\/lasilv.bsky.social\" target=\"_blank\" rel=\"noopener noreferrer nofollow\">Bluesky<\/a>, <a href=\"https:\/\/www.draugiem.lv\/lasilv\/?pg=4\" target=\"_blank\" rel=\"noopener noreferrer nofollow\">Draugiem<\/a>, <a href=\"https:\/\/www.threads.com\/@lasilv_zinas\" rel=\"nofollow noopener\" target=\"_blank\">Threads<\/a> vai ar\u012b <a href=\"https:\/\/www.instagram.com\/lasilv_zinas\/\" target=\"_blank\" rel=\"noopener noreferrer nofollow\">Instagram<\/a>. Pievienojies m\u016bsu las\u012bt\u0101ju pulkam, lai sa\u0146emtu \u012bpa\u0161i tev atlas\u012btu noder\u012bgu, praktisku un aktu\u0101lu saturu.\u00a0<\/p>\n<p style=\"margin-left:auto;\">Pieraksties LASI.LV redaktora v\u0113stkopai <a href=\"https:\/\/lasi.lv\/vestkopa\/lasi-lv-galvena-redaktora-vestkopa\" rel=\"nofollow noopener\" target=\"_blank\">\u0161eit<\/a>.<\/p>\n<p>Pieraksties v\u0113stkopai un divas reizes ned\u0113\u013c\u0101 sa\u0146em padzi\u013cin\u0101tu LASI.LV galven\u0101 redaktora aktu\u0101lo zi\u0146u, kompetentu viedok\u013cu un interesant\u0101ko interviju apkopojumu.<\/p>\n<p>Ko tu sa\u0146emsi:<\/p>\n<ul>\n<li>Daudzveid\u012bgus koment\u0101rus un kompetentus Latvijas Mediju \u017eurn\u0101listu un autoru viedok\u013cus par aktu\u0101lo<\/li>\n<li>Ekspertu koment\u0101rus par da\u017e\u0101diem praktiskiem, noder\u012bgiem tematiem<\/li>\n<li>Aizraujo\u0161us materi\u0101lus par v\u0113sturi, psiholo\u0123iju, kult\u016bru<\/li>\n<li>Gata \u0160\u013c\u016bkas karikat\u016bru<\/li>\n<li>Tav\u0101 e-pasta kast\u012bt\u0113 katru ceturtdienu<\/li>\n<\/ul>\n<p style=\"margin-left:auto;\">\u00a0<\/p>\n<p><script async src=\"https:\/\/platform.twitter.com\/widgets.js\" charset=\"utf-8\"><\/script><script async src=\"\/\/www.instagram.com\/embed.js\"><\/script><\/p>\n","protected":false},"excerpt":{"rendered":"It\u0101lijas premjerministre D\u017eord\u017ea Meloni piektdien svin\u0113ja savas vald\u012bbas rekordilgu darb\u012bbu un nosauca politisko stabilit\u0101ti par vienu no t\u0101s&hellip;\n","protected":false},"author":2,"featured_media":286305,"comment_status":"","ping_status":"","sticky":false,"template":"","format":"standard","meta":{"footnotes":"","_share_on_mastodon":"0"},"categories":[14],"tags":[23,57,28,29,32,33,22,30,31,35,39,38,36,37,34,40,20,26,27,24,25,54,55,56,21,58],"class_list":["post-286304","post","type-post","status-publish","format-standard","has-post-thumbnail","category-zinas-no-arvalstim","tag-aktualitates","tag-arvalstim","tag-breaking-news","tag-breakingnews","tag-featured-news","tag-featurednews","tag-headlines","tag-latest-news","tag-latestnews","tag-latvia","tag-latvian","tag-latviesu","tag-latviesu-valoda","tag-latviesuvaloda","tag-latvija","tag-lv","tag-news","tag-popularakas-zinas","tag-popularakaszinas","tag-top-stories","tag-topstories","tag-world","tag-world-news","tag-worldnews","tag-zinas","tag-zinas-no-arvalstim"],"share_on_mastodon":{"url":"https:\/\/pubeurope.com\/@lv\/117217426453618227","error":""},"_links":{"self":[{"href":"https:\/\/www.europesays.com\/lv\/wp-json\/wp\/v2\/posts\/286304","targetHints":{"allow":["GET"]}}],"collection":[{"href":"https:\/\/www.europesays.com\/lv\/wp-json\/wp\/v2\/posts"}],"about":[{"href":"https:\/\/www.europesays.com\/lv\/wp-json\/wp\/v2\/types\/post"}],"author":[{"embeddable":true,"href":"https:\/\/www.europesays.com\/lv\/wp-json\/wp\/v2\/users\/2"}],"replies":[{"embeddable":true,"href":"https:\/\/www.europesays.com\/lv\/wp-json\/wp\/v2\/comments?post=286304"}],"version-history":[{"count":0,"href":"https:\/\/www.europesays.com\/lv\/wp-json\/wp\/v2\/posts\/286304\/revisions"}],"wp:featuredmedia":[{"embeddable":true,"href":"https:\/\/www.europesays.com\/lv\/wp-json\/wp\/v2\/media\/286305"}],"wp:attachment":[{"href":"https:\/\/www.europesays.com\/lv\/wp-json\/wp\/v2\/media?parent=286304"}],"wp:term":[{"taxonomy":"category","embeddable":true,"href":"https:\/\/www.europesays.com\/lv\/wp-json\/wp\/v2\/categories?post=286304"},{"taxonomy":"post_tag","embeddable":true,"href":"https:\/\/www.europesays.com\/lv\/wp-json\/wp\/v2\/tags?post=286304"}],"curies":[{"name":"wp","href":"https:\/\/api.w.org\/{rel}","templated":true}]}}