{"id":286306,"date":"2026-09-05T08:13:13","date_gmt":"2026-09-05T08:13:13","guid":{"rendered":"https:\/\/www.europesays.com\/lv\/286306\/"},"modified":"2026-09-05T08:13:13","modified_gmt":"2026-09-05T08:13:13","slug":"kur-sezonu-saks-smits-verte-nhl-skauti-un-rangers-gm","status":"publish","type":"post","link":"https:\/\/www.europesays.com\/lv\/286306\/","title":{"rendered":"Kur sezonu s\u0101ks \u0160mits? V\u0113rt\u0113 NHL skauti un &#8220;Rangers&#8221; \u0122M"},"content":{"rendered":"<p>                                <img decoding=\"async\" src=\"https:\/\/www.europesays.com\/lv\/wp-content\/uploads\/2026\/09\/alberts-smits-750x450.jpg\"   alt=\"Alberts \u0160mits\" class=\"post-featured-image\"\/><\/p>\n<p>Alberts \u0160mits | Foto: \u0145ujorkas &#8220;Rangers&#8221;<\/p>\n<p class=\"wp-block-paragraph\">Presti\u017e\u0101 Zieme\u013camerikas medijs \u201c<a href=\"https:\/\/www.nytimes.com\/athletic\/7546104\/2026\/09\/04\/ny-rangers-alberts-smits-nhl-prospect-rankings\/?unlocked_article_code=1.-lA.spm9.sSVywH4Vlqsp&amp;source=emp_shared_article&amp;smid=ta-ios-share\" target=\"_blank\" rel=\"noreferrer noopener nofollow\">The Athletic<\/a>\u201d apkopojis Nacion\u0101l\u0101s hokeja l\u012bgas (NHL) skautu un \u0145ujorkas \u201cRangers\u201d \u0123ener\u0101lmened\u017eera Krisa Dr\u016brija viedokli par <a href=\"https:\/\/www.sportazinas.com\/atsl\u0113gv\u0101rdi\/alberts-smits\/\" data-type=\"post_tag\" data-id=\"13475\" rel=\"nofollow noopener\" target=\"_blank\">Alberta \u0160mita<\/a> gaid\u0101mo sezonu.<\/p>\n<p>                <img src=\"https:\/\/www.europesays.com\/lv\/wp-content\/uploads\/2026\/09\/1788595993_476_optibet-logo.png\" alt=\"\" loading=\"lazy\" decoding=\"async\"\/><\/p>\n<p>\n                Hokeja likmes mekl\u0113 \u0161eit!            <\/p>\n<p class=\"wp-block-paragraph\">\u201cNav \u0161aubu, ka \u201cRangers\u201d neapstr\u012bdami galvenais prospekts NHL komand\u0101 non\u0101ks agr\u0101k vai v\u0113l\u0101k,\u201d raksta \u201cThe Athletic\u201d \u017eurn\u0101lists Vincents Merkogliano. \u201cGalvenais jaut\u0101jums ir vai tas notiks jau sezonas atkl\u0101\u0161anas sp\u0113l\u0113, vai ar\u012b nedaudz v\u0113l\u0101k. Tie\u0161i t\u0101 \u0161obr\u012bd ir liel\u0101k\u0101 intriga.\u201d<\/p>\n<p class=\"wp-block-paragraph\">Vair\u0101ki skauti uzskati, ka \u0160mits sp\u0113tu konkur\u0113t NHL l\u012bmen\u012b ar\u012b uzreiz, bet neliels laiks AHL vien\u012bb\u0101 var\u0113tu vi\u0146am pal\u012bdz\u0113t piel\u0101goties. \u201cVi\u0146\u0161 uzreiz var\u0113tu iek\u013cauties NHL komand\u0101, bet vai tas tie\u0161\u0101m b\u016btu lab\u0101kais \u0161im jaunietim?\u201d jaut\u0101jis viens no Austrumu konferences kluba skautiem. \u201cSkatos uz vi\u0146a vecuma sp\u0113l\u0113t\u0101jiem un, lai gan vi\u0146\u0161 ir fiziski nobriedis un var\u0113tu uzreiz ien\u0101kt NHL un tur izdz\u012bvot, dom\u0101ju, ka vi\u0146am daudz lab\u0101k b\u016btu AHL l\u012bmen\u012b nosl\u012bp\u0113t savas prasmes un k\u013c\u016bt par v\u0113l lab\u0101ku sp\u0113l\u0113t\u0101ju. Tur vi\u0146\u0161 var\u0113tu vair\u0101k sp\u0113l\u0113t ar ripu, sp\u0113l\u0113t vis\u0101s situ\u0101cij\u0101s un ieg\u016bt vair\u0101k iesp\u0113jas l\u012bmen\u012b, kur\u0101 ir maz\u0101ks spiediens.\u201d<\/p>\n<p class=\"wp-block-paragraph\">T\u0101pat skauts k\u0101 v\u0113l vienu iesp\u0113jamo ieguvumu min\u0113ja \u201cRangers\u201d AHL komandas treneru \u0161t\u0101b\u0101 nol\u012bgtajam D\u017eejam L\u012b\u010dam, kur\u0161 iemantojis \u013coti labu reput\u0101ciju darb\u0101 ar jaunajiem sp\u0113l\u0113t\u0101jiem. \u201cRangers\u201d \u0123ener\u0101lmened\u017eeris Dr\u016brijs licis noprast, ka AHL komandas izmanto\u0161ana k\u0101 pak\u0101piena posms ir \u013coti re\u0101la iesp\u0113ja.<\/p>\n<p>Ko dom\u0101 \u201cRangers\u201d vad\u012bba?<\/p>\n<p class=\"wp-block-paragraph\">\u201cStarpsezon\u0101 \u201cRangers\u201d piesaist\u012bja pieredz\u0113ju\u0161o aizsargu Markusu Petersonu, t\u0101d\u0113j\u0101di komandai ir maz\u0101ka nepiecie\u0161am\u012bba steigties ar \u0160mita iesaist\u012b\u0161anu NHL. Taj\u0101 pa\u0161\u0101 laik\u0101 var notikt ar\u012b pret\u0113jais un \u0160mita \u013coti strauj\u0101 att\u012bst\u012bba var main\u012bt \u201cRangers\u201d pl\u0101nus, kad komanda vi\u0146u redz\u0113s kl\u0101tien\u0113 treni\u0146nometn\u0113,\u201d nor\u0101da \u201cThe Athletic\u201d.<\/p>\n<p class=\"wp-block-paragraph\">\u201cM\u0113s pavisam noteikti dom\u0101jam, ka vi\u0146\u0161 ir neticams prospekts, bet taj\u0101 pa\u0161\u0101 br\u012bd\u012b m\u0113s dar\u012bsim to, kas vi\u0146am b\u016bs vislab\u0101kais, dom\u0101jot par vi\u0146a ilgtermi\u0146a vesel\u012bbu un labkl\u0101j\u012bbu,\u201d atkl\u0101jis \u201cRangers\u201d \u0123ener\u0101lmened\u017eeris Dr\u016brijs. \u201cVi\u0146am \u0161is nav sprints. M\u0113s ceram, ka vi\u0146\u0161 n\u0101kamos 15 gadus b\u016bs \u013coti stabils un uzticams \u201cRangers\u201d aizsargs. M\u0113s vi\u0146u neliksim t\u0101d\u0101s situ\u0101cij\u0101s, ar kur\u0101m vi\u0146\u0161 nesp\u0113j tikt gal\u0101. Esam priec\u012bgi, ka vi\u0146\u0161 ir ar mums, bet v\u0113lreiz \u2013 m\u0113s nedar\u012bsim neko t\u0101du, kas ilgtermi\u0146\u0101 neb\u016bs vi\u0146a interes\u0113s.\u201d<\/p>\n<p>                <img src=\"https:\/\/www.europesays.com\/lv\/wp-content\/uploads\/2026\/09\/1788595993_476_optibet-logo.png\" alt=\"\" loading=\"lazy\" decoding=\"async\"\/><\/p>\n<p>\n                Hokeja likmes mekl\u0113 \u0161eit!            <\/p>\n<blockquote class=\"twitter-tweet\" data-width=\"500\" data-dnt=\"true\">\n<p lang=\"en\" dir=\"ltr\">Our <a href=\"https:\/\/x.com\/hashtag\/NYR?src=hash&amp;ref_src=twsrc%5Etfw\" rel=\"nofollow\">#NYR<\/a> prospect countdown concludes with this year\u2019s top draft pick and a clear choice for No. 1 in an improving system.<\/p>\n<p>\u201cHe\u2019s a pretty complete package.\u201d<\/p>\n<p>Read the full report on Alberts \u0160mits here, free and unlocked \ud83d\udc47\ud83c\udffc <a href=\"https:\/\/t.co\/x0k7xQNpGr\" rel=\"nofollow\">https:\/\/t.co\/x0k7xQNpGr<\/a><\/p>\n<p>\u2014 Vince Z. Mercogliano (@vzmercogliano) <a href=\"https:\/\/x.com\/vzmercogliano\/status\/2095861229612912753?ref_src=twsrc%5Etfw\" rel=\"nofollow\">September 4, 2026<\/a><\/p><\/blockquote>\n","protected":false},"excerpt":{"rendered":"Alberts \u0160mits | Foto: \u0145ujorkas &#8220;Rangers&#8221; Presti\u017e\u0101 Zieme\u013camerikas medijs \u201cThe Athletic\u201d apkopojis Nacion\u0101l\u0101s hokeja l\u012bgas (NHL) skautu un&hellip;\n","protected":false},"author":2,"featured_media":286307,"comment_status":"","ping_status":"","sticky":false,"template":"","format":"standard","meta":{"footnotes":"","_share_on_mastodon":"0"},"categories":[5],"tags":[3952,23,4684,28,29,32,33,22,30,31,35,39,38,36,37,34,40,20,835,26,27,24,25,21],"class_list":["post-286306","post","type-post","status-publish","format-standard","has-post-thumbnail","category-aktualitates","tag-ahl","tag-aktualitates","tag-alberts-smits","tag-breaking-news","tag-breakingnews","tag-featured-news","tag-featurednews","tag-headlines","tag-latest-news","tag-latestnews","tag-latvia","tag-latvian","tag-latviesu","tag-latviesu-valoda","tag-latviesuvaloda","tag-latvija","tag-lv","tag-news","tag-nhl","tag-popularakas-zinas","tag-popularakaszinas","tag-top-stories","tag-topstories","tag-zinas"],"share_on_mastodon":{"url":"https:\/\/pubeurope.com\/@lv\/117217434778511890","error":""},"_links":{"self":[{"href":"https:\/\/www.europesays.com\/lv\/wp-json\/wp\/v2\/posts\/286306","targetHints":{"allow":["GET"]}}],"collection":[{"href":"https:\/\/www.europesays.com\/lv\/wp-json\/wp\/v2\/posts"}],"about":[{"href":"https:\/\/www.europesays.com\/lv\/wp-json\/wp\/v2\/types\/post"}],"author":[{"embeddable":true,"href":"https:\/\/www.europesays.com\/lv\/wp-json\/wp\/v2\/users\/2"}],"replies":[{"embeddable":true,"href":"https:\/\/www.europesays.com\/lv\/wp-json\/wp\/v2\/comments?post=286306"}],"version-history":[{"count":0,"href":"https:\/\/www.europesays.com\/lv\/wp-json\/wp\/v2\/posts\/286306\/revisions"}],"wp:featuredmedia":[{"embeddable":true,"href":"https:\/\/www.europesays.com\/lv\/wp-json\/wp\/v2\/media\/286307"}],"wp:attachment":[{"href":"https:\/\/www.europesays.com\/lv\/wp-json\/wp\/v2\/media?parent=286306"}],"wp:term":[{"taxonomy":"category","embeddable":true,"href":"https:\/\/www.europesays.com\/lv\/wp-json\/wp\/v2\/categories?post=286306"},{"taxonomy":"post_tag","embeddable":true,"href":"https:\/\/www.europesays.com\/lv\/wp-json\/wp\/v2\/tags?post=286306"}],"curies":[{"name":"wp","href":"https:\/\/api.w.org\/{rel}","templated":true}]}}