{"id":286310,"date":"2026-09-05T08:17:55","date_gmt":"2026-09-05T08:17:55","guid":{"rendered":"https:\/\/www.europesays.com\/lv\/286310\/"},"modified":"2026-09-05T08:17:55","modified_gmt":"2026-09-05T08:17:55","slug":"turistus-horvatija-izraida-no-restorana-nepareiza-pasutijuma-del-ko-vini-gribeja-jauns-lv","status":"publish","type":"post","link":"https:\/\/www.europesays.com\/lv\/286310\/","title":{"rendered":"T\u016bristus Horv\u0101tij\u0101 izraida no restor\u0101na &quot;nepareiza&quot; pas\u016bt\u012bjuma d\u0113\u013c &#8211; ko vi\u0146i grib\u0113ja &#8211; Jauns.lv"},"content":{"rendered":"<ol>\n<li><a href=\"https:\/\/news.google.com\/rss\/articles\/CBMiuwFBVV95cUxNM3pzUXNSQnZYY1MtRk16cTM2d3g1RS1TY2J0enFzaU9JMzdMay1Pd0tOZzZwaGtYLThLSGx5WEwzVnd6X25aTDFXOHhJZHdqaFZESGR2aHJ5SDlxdXlJQktXWU9wdURJdF8yVWhYRWpCLUIySlQtS042ZTBkWWZTaWVLN3FLbDUzTmNyOXc0dDRfdUtHdElVeGktNjl3UTF0dlNURUYzVjNrSk1QSnRWQjA4clhYc1VmV0M4?oc=5\" target=\"_blank\" rel=\"nofollow noopener\">T\u016bristus Horv\u0101tij\u0101 izraida no restor\u0101na &#8220;nepareiza&#8221; pas\u016bt\u012bjuma d\u0113\u013c &#8211; ko vi\u0146i grib\u0113ja<\/a>&nbsp;&nbsp;Jauns.lv<\/li>\n<li><a href=\"https:\/\/news.google.com\/rss\/articles\/CBMi0gFBVV95cUxNUUN1WTlQUWxRd1BsLTJIZThBLVpHbkRqV0h6RVhGSVF3MVVuTWh1NnlSckgwc3pDNWVYSnBLWG4yWlppQzFSRl9oRHp4dnZ0bl9KbXBZQjAxRFJQaUZzdE8tdzRrRWF6ZEZnT3ZhclVoU3FSZGhERHkxMW83QjJqazlFWFQtNVIydnp6U0JQN240T3RxdktXUlk1RjdPaWVFRnlrVjYycXNYdkF5NzVaVG1IV0JWSkc2M2xsN3NLQVZRWVJFclIxWjRhSFVrNWpNcWc?oc=5\" target=\"_blank\" rel=\"nofollow noopener\">T\u016bristus Horv\u0101tij\u0101 izraida no restor\u0101na &#8220;nepareiza&#8221; pas\u016bt\u012bjuma d\u0113\u013c \u2013 ko vi\u0146i grib\u0113ja<\/a>&nbsp;&nbsp;Inbox.lv<\/li>\n<li><a href=\"https:\/\/news.google.com\/rss\/articles\/CBMixgFBVV95cUxQNWRWRzdSYTB4ODBPQks1VHVpbm90eGdpLXZLNlBtNXExQ1Rva3NfSjdVQmFXS1lGVXNkamdrWDIwSkZEb1gxZkNadkpUYWlyY2hIbXpTX2tVcl9BZ2N0c19oTmJsRWhJRElUdGFoUXNxTzVHcmVHYUFqWkFWNDFhQ2hnM00zOEE5UlpMRE42UWVid0VsRjExa2JRVTdNM01DQmFObzU5SnhNMjRsS1czSVg2MjhnX0E4Y09QZUQ2ZFFHbnZMc2c?oc=5\" target=\"_blank\" rel=\"nofollow noopener\">T\u016bristus Horv\u0101tij\u0101 izdzen no restor\u0101na vi\u0146u pas\u016bt\u012bjuma d\u0113\u013c: ko vi\u0146i izdar\u012bja nepareizi?<\/a>&nbsp;&nbsp;Inbox.lv<\/li>\n<li><a href=\"https:\/\/news.google.com\/rss\/articles\/CBMizAFBVV95cUxNQzV5V0pJaFNHRW1TNXVjMWVNX2Y2aWoybVRvZlktNTVJLThnczAtOGJ2Q1pYMmhjcUR3cjBJdlM0WTVKTEt4QzVpQVcxSEVfNF9nRllzM29GbS1LVlkyVXdKVlpZSk5xVVJRR0wwYlVuRU1NS3VRWkxQaVVRdlZEWkwwMFNPWkRzUHIwNmlXUGpqU2FyblZUUFRRRVg4VVZHZ3ltOXVVUEJlRWlxVVkzTEtmYWh6R3U0bTd0TU9VcEprMm1CZjZVR1gyNHU?oc=5\" target=\"_blank\" rel=\"nofollow noopener\">Br\u012bdin\u0101juma z\u012bmes bija jau divas dienas iepriek\u0161: k\u0101p\u0113c neizdev\u0101s nov\u0113rst Nep\u0101las tra\u0123\u0113diju?<\/a>&nbsp;&nbsp;Inbox.lv<\/li>\n<\/ol>\n","protected":false},"excerpt":{"rendered":"T\u016bristus Horv\u0101tij\u0101 izraida no restor\u0101na &#8220;nepareiza&#8221; pas\u016bt\u012bjuma d\u0113\u013c &#8211; ko vi\u0146i grib\u0113ja&nbsp;&nbsp;Jauns.lv T\u016bristus Horv\u0101tij\u0101 izraida no restor\u0101na &#8220;nepareiza&#8221;&hellip;\n","protected":false},"author":2,"featured_media":286311,"comment_status":"","ping_status":"","sticky":false,"template":"","format":"standard","meta":{"footnotes":"","_share_on_mastodon":"0"},"categories":[14],"tags":[23,57,28,29,32,33,22,30,31,35,39,38,36,37,34,40,20,26,27,24,25,54,55,56,21,58],"class_list":["post-286310","post","type-post","status-publish","format-standard","has-post-thumbnail","category-zinas-no-arvalstim","tag-aktualitates","tag-arvalstim","tag-breaking-news","tag-breakingnews","tag-featured-news","tag-featurednews","tag-headlines","tag-latest-news","tag-latestnews","tag-latvia","tag-latvian","tag-latviesu","tag-latviesu-valoda","tag-latviesuvaloda","tag-latvija","tag-lv","tag-news","tag-popularakas-zinas","tag-popularakaszinas","tag-top-stories","tag-topstories","tag-world","tag-world-news","tag-worldnews","tag-zinas","tag-zinas-no-arvalstim"],"share_on_mastodon":{"url":"https:\/\/pubeurope.com\/@lv\/117217454149835645","error":""},"_links":{"self":[{"href":"https:\/\/www.europesays.com\/lv\/wp-json\/wp\/v2\/posts\/286310","targetHints":{"allow":["GET"]}}],"collection":[{"href":"https:\/\/www.europesays.com\/lv\/wp-json\/wp\/v2\/posts"}],"about":[{"href":"https:\/\/www.europesays.com\/lv\/wp-json\/wp\/v2\/types\/post"}],"author":[{"embeddable":true,"href":"https:\/\/www.europesays.com\/lv\/wp-json\/wp\/v2\/users\/2"}],"replies":[{"embeddable":true,"href":"https:\/\/www.europesays.com\/lv\/wp-json\/wp\/v2\/comments?post=286310"}],"version-history":[{"count":0,"href":"https:\/\/www.europesays.com\/lv\/wp-json\/wp\/v2\/posts\/286310\/revisions"}],"wp:featuredmedia":[{"embeddable":true,"href":"https:\/\/www.europesays.com\/lv\/wp-json\/wp\/v2\/media\/286311"}],"wp:attachment":[{"href":"https:\/\/www.europesays.com\/lv\/wp-json\/wp\/v2\/media?parent=286310"}],"wp:term":[{"taxonomy":"category","embeddable":true,"href":"https:\/\/www.europesays.com\/lv\/wp-json\/wp\/v2\/categories?post=286310"},{"taxonomy":"post_tag","embeddable":true,"href":"https:\/\/www.europesays.com\/lv\/wp-json\/wp\/v2\/tags?post=286310"}],"curies":[{"name":"wp","href":"https:\/\/api.w.org\/{rel}","templated":true}]}}