{"id":286312,"date":"2026-09-05T08:20:24","date_gmt":"2026-09-05T08:20:24","guid":{"rendered":"https:\/\/www.europesays.com\/lv\/286312\/"},"modified":"2026-09-05T08:20:24","modified_gmt":"2026-09-05T08:20:24","slug":"septembris-ritms-starp-parmainam-un-lidzsvaru-lasi-lv","status":"publish","type":"post","link":"https:\/\/www.europesays.com\/lv\/286312\/","title":{"rendered":"SEPTEMBRIS: ritms starp p\u0101rmai\u0146\u0101m un l\u012bdzsvaru &#8211; Lasi.lv"},"content":{"rendered":"<ol>\n<li><a href=\"https:\/\/news.google.com\/rss\/articles\/CBMi0gFBVV95cUxNYlB0THFQQU5NT2FBNXB4NTNQLXJGam9URXBzeUM3NzIwQ05ieG1SRWNmbExBVklhNF9YbFlzQ04zbFNmM3hBOW1ERHlmY0RXZ2tnQ1plcy1iemNIWUxZdVYxc1plUFNuUnU0QU01RU9ZYTZ5Y0JlU1Qwanc1T2pVNUVhWm0tSHZzVXJFOTdIRFBLZDNSVHVpaDhtYUZHMHpybXhGY21rS24taDRxYnJPYVVyWG16N1NscHBWYUQ4SU43QUE2SVdYeFlJaG1HY2VJaGc?oc=5\" target=\"_blank\" rel=\"nofollow noopener\">SEPTEMBRIS: ritms starp p\u0101rmai\u0146\u0101m un l\u012bdzsvaru<\/a>&nbsp;&nbsp;Lasi.lv<\/li>\n<li><a href=\"https:\/\/news.google.com\/rss\/articles\/CBMihwFBVV95cUxNYXBWTjhnbjVNZlU4cTRVbDBHVXdVcnYtWm5iMFBSWDZ4dU52b290SkRhdGZLZHVUWjJFUWVGR0dja1dDVXY5TEN5SlZFbzJ2U2c3djBOTWI0VkwyR3RQY0dqUjRBUmlzMFVfNGpfRWUyRzFlcnlpU3RYbkdhQ21FM3BOMndZV2s?oc=5\" target=\"_blank\" rel=\"nofollow noopener\">Ned\u0113\u013cas horoskops 4.-10. septembrim<\/a>&nbsp;&nbsp;Diena<\/li>\n<li><a href=\"https:\/\/news.google.com\/rss\/articles\/CBMiqwFBVV95cUxORGVhOWZ2dnJ1TFFzcGVCNmdJT19sX2JGS0ZsVnlkX1d2RDNDdkl5Z1VjcFlYM3lESENDTjB6RjF0RzNyWnN1M19XUW1Sd0RCczRxVjNvb0hyOUV5UDRzQmpiMUVVRTVDU3VrMGpHbl9Wc2c3dC1LcmRnYVo3cGM0OVVrY0haa2luQWpEeDBKeTdyWjVMdVQxYlZBWFI2d0FPV2hHX3dxQUQxMVk?oc=5\" target=\"_blank\" rel=\"nofollow noopener\">5 zodiaka z\u012bmes, kur\u0101m septembris var atnest ilgi gaid\u012btu br\u012bnumu<\/a>&nbsp;&nbsp;NRA<\/li>\n<li><a href=\"https:\/\/news.google.com\/rss\/articles\/CBMivwFBVV95cUxNVnREUEJnc0NLWUF0aFBuQ0dQX3BZZnloVU02VEJwYTUzZGdXLUdQeFZSalZYRkpYWnZaQXdEVzFXalZpSVhVZnhuMlctLUZCdF80cXFrSVNnT3VnVkJUbTZId04xdXcxdUVEeVg5WVVTUi1SeWtLZ0k0dGpaRFhWQjNGUUswc3VhbzJnWFpvZW1KQVFIUGhJanA0X2VvcFVKNjBpb09hLWh6bWpfV3FfTEFIZWtzOTFxZnZSSGlwYw?oc=5\" target=\"_blank\" rel=\"nofollow noopener\">Laiks spert pirmo soli! Ko astrolo\u0123e Inita Dil\u0101ne prognoz\u0113 no 3. l\u012bdz 9. septembrim?<\/a>&nbsp;&nbsp;Santa.lv<\/li>\n<li><a href=\"https:\/\/news.google.com\/rss\/articles\/CBMioAFBVV95cUxNazcwb0syM3M4V0UyVHpNdk9sTEI3UnFIYjN1NXJOYnlGSlE0SUtMTFc4SnhtUGwxVXRpckF6bWlwQkFqUHI0VlduUWJUTDRmUnVOSXZEaFJ0ZEEtZzk4VWFJTUVvREJGZ051N0tTaXpqX2JPMXBSVlJSOGEwaS1uNFZIT2xBXzFYVk5abW93R1QtZE5wdW40UUxuRFhDWVhk?oc=5\" target=\"_blank\" rel=\"nofollow noopener\">Septembris b\u016bs gr\u016bts: \u0161\u012bm zodiaka z\u012bm\u0113m nevajadz\u0113tu steigties ar l\u0113mumu pie\u0146em\u0161anu<\/a>&nbsp;&nbsp;LA.LV<\/li>\n<\/ol>\n","protected":false},"excerpt":{"rendered":"SEPTEMBRIS: ritms starp p\u0101rmai\u0146\u0101m un l\u012bdzsvaru&nbsp;&nbsp;Lasi.lv Ned\u0113\u013cas horoskops 4.-10. septembrim&nbsp;&nbsp;Diena 5 zodiaka z\u012bmes, kur\u0101m septembris var atnest ilgi&hellip;\n","protected":false},"author":2,"featured_media":286313,"comment_status":"","ping_status":"","sticky":false,"template":"","format":"standard","meta":{"footnotes":"","_share_on_mastodon":"0"},"categories":[5],"tags":[23,28,29,32,33,22,30,31,35,39,38,36,37,34,40,20,26,27,24,25,21],"class_list":["post-286312","post","type-post","status-publish","format-standard","has-post-thumbnail","category-aktualitates","tag-aktualitates","tag-breaking-news","tag-breakingnews","tag-featured-news","tag-featurednews","tag-headlines","tag-latest-news","tag-latestnews","tag-latvia","tag-latvian","tag-latviesu","tag-latviesu-valoda","tag-latviesuvaloda","tag-latvija","tag-lv","tag-news","tag-popularakas-zinas","tag-popularakaszinas","tag-top-stories","tag-topstories","tag-zinas"],"share_on_mastodon":{"url":"https:\/\/pubeurope.com\/@lv\/117217461724380561","error":""},"_links":{"self":[{"href":"https:\/\/www.europesays.com\/lv\/wp-json\/wp\/v2\/posts\/286312","targetHints":{"allow":["GET"]}}],"collection":[{"href":"https:\/\/www.europesays.com\/lv\/wp-json\/wp\/v2\/posts"}],"about":[{"href":"https:\/\/www.europesays.com\/lv\/wp-json\/wp\/v2\/types\/post"}],"author":[{"embeddable":true,"href":"https:\/\/www.europesays.com\/lv\/wp-json\/wp\/v2\/users\/2"}],"replies":[{"embeddable":true,"href":"https:\/\/www.europesays.com\/lv\/wp-json\/wp\/v2\/comments?post=286312"}],"version-history":[{"count":0,"href":"https:\/\/www.europesays.com\/lv\/wp-json\/wp\/v2\/posts\/286312\/revisions"}],"wp:featuredmedia":[{"embeddable":true,"href":"https:\/\/www.europesays.com\/lv\/wp-json\/wp\/v2\/media\/286313"}],"wp:attachment":[{"href":"https:\/\/www.europesays.com\/lv\/wp-json\/wp\/v2\/media?parent=286312"}],"wp:term":[{"taxonomy":"category","embeddable":true,"href":"https:\/\/www.europesays.com\/lv\/wp-json\/wp\/v2\/categories?post=286312"},{"taxonomy":"post_tag","embeddable":true,"href":"https:\/\/www.europesays.com\/lv\/wp-json\/wp\/v2\/tags?post=286312"}],"curies":[{"name":"wp","href":"https:\/\/api.w.org\/{rel}","templated":true}]}}