{"id":286318,"date":"2026-09-05T08:30:13","date_gmt":"2026-09-05T08:30:13","guid":{"rendered":"https:\/\/www.europesays.com\/lv\/286318\/"},"modified":"2026-09-05T08:30:13","modified_gmt":"2026-09-05T08:30:13","slug":"zviedrija-nedelu-pirms-parlamenta-velesanam-atbalsts-koalicijai-un-opozicijai-gandriz-vienads","status":"publish","type":"post","link":"https:\/\/www.europesays.com\/lv\/286318\/","title":{"rendered":"Zviedrij\u0101 ned\u0113\u013cu pirms parlamenta v\u0113l\u0113\u0161an\u0101m atbalsts koal\u012bcijai un opoz\u012bcijai gandr\u012bz vien\u0101ds"},"content":{"rendered":"<p>                                        <img decoding=\"async\" src=\"https:\/\/news.inbox.eu\/w\/img\/f0\/ef\/f0ef3365f764648e02-800x0.jpg\" onerror=\"this.src=\" https:=\"\" onload=\"if(this.width &lt;= 1){this.src=\"\/><\/p>\n<p>Par \u010detr\u0101m opoz\u012bcijas partij\u0101m, kuru priek\u0161gal\u0101 ir Soci\u0101ldemokr\u0101tisk\u0101 partija, b\u016btu gatavi balsot 50,6 % v\u0113l\u0113t\u0101ju, bet par konservat\u012bv\u0101 premjera Ulfa Kristersona vad\u012bto tr\u012bs partiju koal\u012bciju savu balsi v\u0113l\u0113tos atdot 47,3 %, liecina laikraksta &#8220;Aftonbladet&#8221;\u00a0ceturtdien public\u0113t\u0101 aptauja.\u00a0<\/p>\n<p>3,3 procentpunktu at\u0161\u0137ir\u012bba starp abiem blokiem ir maz\u0101k\u0101, k\u0101da ir bijusi \u0161ogad public\u0113taj\u0101s aptauj\u0101s.\u00a0<\/p>\n<p>Pirms div\u0101m ned\u0113\u013c\u0101m public\u0113t\u0101 aptauj\u0101 centriski kreisie sp\u0113ki apsteidza lab\u0113j\u0101s par&#8230;<\/p>\n","protected":false},"excerpt":{"rendered":"Par \u010detr\u0101m opoz\u012bcijas partij\u0101m, kuru priek\u0161gal\u0101 ir Soci\u0101ldemokr\u0101tisk\u0101 partija, b\u016btu gatavi balsot 50,6 % v\u0113l\u0113t\u0101ju, bet par konservat\u012bv\u0101&hellip;\n","protected":false},"author":2,"featured_media":286319,"comment_status":"","ping_status":"","sticky":false,"template":"","format":"standard","meta":{"footnotes":"","_share_on_mastodon":"0"},"categories":[14],"tags":[23,57,28,29,32,33,22,30,31,35,39,38,36,37,34,40,20,26,27,24,25,54,55,56,21,58],"class_list":["post-286318","post","type-post","status-publish","format-standard","has-post-thumbnail","category-zinas-no-arvalstim","tag-aktualitates","tag-arvalstim","tag-breaking-news","tag-breakingnews","tag-featured-news","tag-featurednews","tag-headlines","tag-latest-news","tag-latestnews","tag-latvia","tag-latvian","tag-latviesu","tag-latviesu-valoda","tag-latviesuvaloda","tag-latvija","tag-lv","tag-news","tag-popularakas-zinas","tag-popularakaszinas","tag-top-stories","tag-topstories","tag-world","tag-world-news","tag-worldnews","tag-zinas","tag-zinas-no-arvalstim"],"share_on_mastodon":{"url":"https:\/\/pubeurope.com\/@lv\/117217501512026361","error":""},"_links":{"self":[{"href":"https:\/\/www.europesays.com\/lv\/wp-json\/wp\/v2\/posts\/286318","targetHints":{"allow":["GET"]}}],"collection":[{"href":"https:\/\/www.europesays.com\/lv\/wp-json\/wp\/v2\/posts"}],"about":[{"href":"https:\/\/www.europesays.com\/lv\/wp-json\/wp\/v2\/types\/post"}],"author":[{"embeddable":true,"href":"https:\/\/www.europesays.com\/lv\/wp-json\/wp\/v2\/users\/2"}],"replies":[{"embeddable":true,"href":"https:\/\/www.europesays.com\/lv\/wp-json\/wp\/v2\/comments?post=286318"}],"version-history":[{"count":0,"href":"https:\/\/www.europesays.com\/lv\/wp-json\/wp\/v2\/posts\/286318\/revisions"}],"wp:featuredmedia":[{"embeddable":true,"href":"https:\/\/www.europesays.com\/lv\/wp-json\/wp\/v2\/media\/286319"}],"wp:attachment":[{"href":"https:\/\/www.europesays.com\/lv\/wp-json\/wp\/v2\/media?parent=286318"}],"wp:term":[{"taxonomy":"category","embeddable":true,"href":"https:\/\/www.europesays.com\/lv\/wp-json\/wp\/v2\/categories?post=286318"},{"taxonomy":"post_tag","embeddable":true,"href":"https:\/\/www.europesays.com\/lv\/wp-json\/wp\/v2\/tags?post=286318"}],"curies":[{"name":"wp","href":"https:\/\/api.w.org\/{rel}","templated":true}]}}