{"id":286320,"date":"2026-09-05T08:33:19","date_gmt":"2026-09-05T08:33:19","guid":{"rendered":"https:\/\/www.europesays.com\/lv\/286320\/"},"modified":"2026-09-05T08:33:19","modified_gmt":"2026-09-05T08:33:19","slug":"rakstniece-luize-pastore-vinas-gramatas-noverte-gan-lasitaji-gan-literaturas-zinataji-lr1-latvijas-radio","status":"publish","type":"post","link":"https:\/\/www.europesays.com\/lv\/286320\/","title":{"rendered":"Rakstniece Lu\u012bze Pastore. Vi\u0146as gr\u0101matas nov\u0113rt\u0113 gan las\u012bt\u0101ji, gan literat\u016bras zin\u0101t\u0101ji \/ LR1 \/ \/ Latvijas Radio"},"content":{"rendered":"<p>Vi\u0146as gr\u0101matas b\u0113rniem ir paman\u012btas un nov\u0113rt\u0113tas ne tikai starp las\u012bt\u0101jiem, bet ar\u012b literat\u016bras zin\u0101t\u0101ju vid\u016b. Monopol\u0101 saruna ar Astridas Lindgr\u0113nes piemi\u0146as balvai nomin\u0113to autori Lu\u012bzi Pastori.<\/p>\n<p>Ieteikt<\/p>\n<p>    Latvijas Radio aicina izteikt savu viedokli par raid\u012bjum\u0101 dzird\u0113to un atbalsta diskusijas klaus\u012bt\u0101ju starp\u0101, tom\u0113r patur ties\u012bbas dz\u0113st koment\u0101rus, kas p\u0101rk\u0101pj cie\u0146pilnas attieksmes un \u0113tiskas r\u012bc\u012bbas robe\u017eas.<a name=\"comments\"\/><\/p>\n","protected":false},"excerpt":{"rendered":"Vi\u0146as gr\u0101matas b\u0113rniem ir paman\u012btas un nov\u0113rt\u0113tas ne tikai starp las\u012bt\u0101jiem, bet ar\u012b literat\u016bras zin\u0101t\u0101ju vid\u016b. Monopol\u0101 saruna&hellip;\n","protected":false},"author":2,"featured_media":286321,"comment_status":"","ping_status":"","sticky":false,"template":"","format":"standard","meta":{"footnotes":"","_share_on_mastodon":"0"},"categories":[19],"tags":[89,90,35,39,38,36,37,34,40],"class_list":["post-286320","post","type-post","status-publish","format-standard","has-post-thumbnail","category-izklaide","tag-entertainment","tag-izklaide","tag-latvia","tag-latvian","tag-latviesu","tag-latviesu-valoda","tag-latviesuvaloda","tag-latvija","tag-lv"],"share_on_mastodon":{"url":"https:\/\/pubeurope.com\/@lv\/117217512974893059","error":""},"_links":{"self":[{"href":"https:\/\/www.europesays.com\/lv\/wp-json\/wp\/v2\/posts\/286320","targetHints":{"allow":["GET"]}}],"collection":[{"href":"https:\/\/www.europesays.com\/lv\/wp-json\/wp\/v2\/posts"}],"about":[{"href":"https:\/\/www.europesays.com\/lv\/wp-json\/wp\/v2\/types\/post"}],"author":[{"embeddable":true,"href":"https:\/\/www.europesays.com\/lv\/wp-json\/wp\/v2\/users\/2"}],"replies":[{"embeddable":true,"href":"https:\/\/www.europesays.com\/lv\/wp-json\/wp\/v2\/comments?post=286320"}],"version-history":[{"count":0,"href":"https:\/\/www.europesays.com\/lv\/wp-json\/wp\/v2\/posts\/286320\/revisions"}],"wp:featuredmedia":[{"embeddable":true,"href":"https:\/\/www.europesays.com\/lv\/wp-json\/wp\/v2\/media\/286321"}],"wp:attachment":[{"href":"https:\/\/www.europesays.com\/lv\/wp-json\/wp\/v2\/media?parent=286320"}],"wp:term":[{"taxonomy":"category","embeddable":true,"href":"https:\/\/www.europesays.com\/lv\/wp-json\/wp\/v2\/categories?post=286320"},{"taxonomy":"post_tag","embeddable":true,"href":"https:\/\/www.europesays.com\/lv\/wp-json\/wp\/v2\/tags?post=286320"}],"curies":[{"name":"wp","href":"https:\/\/api.w.org\/{rel}","templated":true}]}}