{"id":286324,"date":"2026-09-05T08:39:08","date_gmt":"2026-09-05T08:39:08","guid":{"rendered":"https:\/\/www.europesays.com\/lv\/286324\/"},"modified":"2026-09-05T08:39:08","modified_gmt":"2026-09-05T08:39:08","slug":"tas-tik-ir-prasibas-atklats-kadu-ipasumu-anglija-velas-megana-markla","status":"publish","type":"post","link":"https:\/\/www.europesays.com\/lv\/286324\/","title":{"rendered":"T\u0101s tik ir pras\u012bbas! Atkl\u0101ts, k\u0101du \u012bpa\u0161umu Anglij\u0101 v\u0113las Megana M\u0101rkla"},"content":{"rendered":"<p class=\"descr\">Megana M\u0101rkla, kura kop\u0101 ar princi Hariju pl\u0101no atgriezties Lielbrit\u0101nij\u0101, ir izvirz\u012bjusi \u013coti konkr\u0113tas un v\u0113rien\u012bgas pras\u012bbas \u0123imenes jaunajai m\u0101jai.<\/p>\n<p>Saska\u0146\u0101 ar &#8220;New York Post&#8221; zi\u0146\u0101m, vi\u0146a v\u0113las \u012bpa\u0161umu ar devi\u0146\u0101m gu\u013camistab\u0101m &#8211; tikpat, cik ir vi\u0146u pa\u0161reiz\u0113j\u0101 15 miljonu dol\u0101ru v\u0113rtaj\u0101 m\u0101j\u0101 Montesito Kalifornij\u0101.<\/p>\n<p>Papildus lielajam gu\u013camistabu skaitam <a href=\"https:\/\/nra.lv\/pasaule\/528661-harijs-un-megana-atgriezas-lielbritanija.htm\" data-item-link=\"true\" data-item-id=\"528661\" rel=\"nofollow noopener\" target=\"_blank\">Megana v\u0113las<\/a> ar\u012b filmu studiju, lai var\u0113tu turpin\u0101t att\u012bst\u012bt savu z\u012bmolu &#8220;As Ever&#8221; un veidot saturu jau no Lielbrit\u0101nijas. \u0122imene mekl\u0113 m\u0101ju Kotsvoldas re\u0123ion\u0101.<\/p>\n<p>Princis Harijs savuk\u0101rt uzsver priv\u0101tumu: vi\u0146\u0161 v\u0113las pla\u0161u \u012bpa\u0161umu ar lielu priv\u0101tu teritoriju un bez publiskiem g\u0101j\u0113ju ce\u013ciem. Pa\u0161laik <a href=\"https:\/\/nra.lv\/dzivesstils\/interesanti\/528163-princis-harijs-un-megana-markla-gimenes-parcelsanas-un-bernu-izglitiba-apvienotaja-karaliste.htm\" data-item-link=\"true\" data-item-id=\"528163\" rel=\"nofollow noopener\" target=\"_blank\">p\u0101ris ar b\u0113rniem<\/a> uz nenoteiktu laiku uzturas bag\u0101ta drauga m\u0101j\u0101 Kotsvoldas nomal\u0113, kam\u0113r mekl\u0113 piem\u0113rotu \u012bpa\u0161umu ar iev\u0113rojamu bud\u017eetu.<\/p>\n<p>&#8220;New York Post&#8221; nor\u0101da, ka \u0161is solis tiek uztverts k\u0101 jauns s\u0101kums \u0123imenei, kas v\u0113las dz\u012bvot k\u0101 priv\u0101tpersonas. Harijs esot gatavs vair\u0101k laika velt\u012bt t\u0113va lomai, bet b\u0113rniem Ar\u010dijam un Lilibetai &#8211; nodro\u0161in\u0101t mier\u012bgu un dabas bag\u0101tu vidi.<\/p>\n<p>L\u012bdz \u0161im dar\u012bjums v\u0113l nav nosl\u0113gts.<\/p>\n","protected":false},"excerpt":{"rendered":"Megana M\u0101rkla, kura kop\u0101 ar princi Hariju pl\u0101no atgriezties Lielbrit\u0101nij\u0101, ir izvirz\u012bjusi \u013coti konkr\u0113tas un v\u0113rien\u012bgas pras\u012bbas \u0123imenes&hellip;\n","protected":false},"author":2,"featured_media":286325,"comment_status":"","ping_status":"","sticky":false,"template":"","format":"standard","meta":{"footnotes":"","_share_on_mastodon":"0"},"categories":[19],"tags":[89,90,35,39,38,36,37,34,40],"class_list":["post-286324","post","type-post","status-publish","format-standard","has-post-thumbnail","category-izklaide","tag-entertainment","tag-izklaide","tag-latvia","tag-latvian","tag-latviesu","tag-latviesu-valoda","tag-latviesuvaloda","tag-latvija","tag-lv"],"share_on_mastodon":{"url":"https:\/\/pubeurope.com\/@lv\/117217536654816591","error":""},"_links":{"self":[{"href":"https:\/\/www.europesays.com\/lv\/wp-json\/wp\/v2\/posts\/286324","targetHints":{"allow":["GET"]}}],"collection":[{"href":"https:\/\/www.europesays.com\/lv\/wp-json\/wp\/v2\/posts"}],"about":[{"href":"https:\/\/www.europesays.com\/lv\/wp-json\/wp\/v2\/types\/post"}],"author":[{"embeddable":true,"href":"https:\/\/www.europesays.com\/lv\/wp-json\/wp\/v2\/users\/2"}],"replies":[{"embeddable":true,"href":"https:\/\/www.europesays.com\/lv\/wp-json\/wp\/v2\/comments?post=286324"}],"version-history":[{"count":0,"href":"https:\/\/www.europesays.com\/lv\/wp-json\/wp\/v2\/posts\/286324\/revisions"}],"wp:featuredmedia":[{"embeddable":true,"href":"https:\/\/www.europesays.com\/lv\/wp-json\/wp\/v2\/media\/286325"}],"wp:attachment":[{"href":"https:\/\/www.europesays.com\/lv\/wp-json\/wp\/v2\/media?parent=286324"}],"wp:term":[{"taxonomy":"category","embeddable":true,"href":"https:\/\/www.europesays.com\/lv\/wp-json\/wp\/v2\/categories?post=286324"},{"taxonomy":"post_tag","embeddable":true,"href":"https:\/\/www.europesays.com\/lv\/wp-json\/wp\/v2\/tags?post=286324"}],"curies":[{"name":"wp","href":"https:\/\/api.w.org\/{rel}","templated":true}]}}