{"id":286326,"date":"2026-09-05T08:42:14","date_gmt":"2026-09-05T08:42:14","guid":{"rendered":"https:\/\/www.europesays.com\/lv\/286326\/"},"modified":"2026-09-05T08:42:14","modified_gmt":"2026-09-05T08:42:14","slug":"asv-atteiksanas-atzit-karu-pret-iranu-rada-finansialus-skerslus-krituso-karaviru-gimenem-raksts","status":"publish","type":"post","link":"https:\/\/www.europesays.com\/lv\/286326\/","title":{"rendered":"ASV atteik\u0161an\u0101s atz\u012bt karu pret Ir\u0101nu rada finansi\u0101lus \u0161\u0137\u0113r\u0161\u013cus kritu\u0161o karav\u012bru \u0123imen\u0113m \/ Raksts"},"content":{"rendered":"<p>ASV un Ir\u0101nas konflikts atkal saasin\u0101jies, ta\u010du vienlaikus Va\u0161ington\u0101 turpin\u0101s neskaidr\u012bba par to, k\u0101 \u0161o konfliktu visp\u0101r nosaukt. ASV viceprezidents D\u017eeimss Deivids Venss uzsver \u2013 tas nav kar\u0161, ta\u010du \u0161is apgalvojums liedz pabalstus boj\u0101 g\u0101ju\u0161o karav\u012bru \u0123imen\u0113m.<\/p>\n<p>ASV atteik\u0161an\u0101s atz\u012bt karu pret Ir\u0101nu rada finansi\u0101lus \u0161\u0137\u0113r\u0161\u013cus kritu\u0161o karav\u012bru \u0123imen\u0113m<\/p>\n<p style=\"margin-left:0cm; margin-right:0cm\">Vensa izteikumi izskan laik\u0101, kad re\u0123ion\u0101 joproj\u0101m atrodas vair\u0101k nek\u0101 50 t\u016bksto\u0161i ASV karav\u012bru un Va\u0161ingtona ir palielin\u0101jusi milit\u0101ro kl\u0101tb\u016btni Tuvajos Austrumos. P\u0113d\u0113j\u0101s dien\u0101s notiku\u0161i jauni uzbrukumi un ASV triecieni Ir\u0101nas milit\u0101rajiem m\u0113r\u0137iem.\u00a0<\/p>\n<blockquote>\n<p style=\"margin-left:0cm; margin-right:0cm\">Venss sac\u012bja, ka galvenais ASV m\u0113r\u0137is \u0161obr\u012bd ir nodro\u0161in\u0101t dro\u0161u ku\u0123o\u0161anu caur Hormuza \u0161aurumu. Vi\u0146\u0161 ar\u012b nor\u0101d\u012bja, ka Va\u0161ingtona nev\u0113las iesaist\u012bties ilgsto\u0161\u0101 Tuvo Austrumu kar\u0101.\u00a0<\/p>\n<\/blockquote>\n<p style=\"margin-left:0cm; margin-right:0cm\">&#8220;Es to&#8230; es to nesauktu par karu. \u0160obr\u012bd nenotiek akt\u012bva ap\u0161aude. Es atz\u012bstu, ka ir biju\u0161as reizes, kad situ\u0101cija ir saasin\u0101jusies. V\u0113lreiz \u2013 pla\u0161a m\u0113roga kaujas oper\u0101cijas ilga aptuveni se\u0161as ned\u0113\u013cas. Un kop\u0161 t\u0101 laika m\u0113s, protams, izn\u012bcin\u0101j\u0101m vi\u0146u kodolobjektus oper\u0101cij\u0101 &#8220;Midnight Hammer&#8221;. Ar nepieredz\u0113tu niknumu m\u0113s izn\u012bcin\u0101j\u0101m vi\u0146u aizsardz\u012bbas r\u016bpniecisko b\u0101zi iero\u010du ra\u017eo\u0161anai, k\u0101 ar\u012b lielu da\u013cu vi\u0146u konvencion\u0101l\u0101 milit\u0101r\u0101 sp\u0113ka. Un p\u0113c tam m\u0113s vi\u0146iem apgr\u016btin\u0101j\u0101m \u0161\u012bs kodolprogrammas atjauno\u0161anu,&#8221; sac\u012bja Venss.\u00a0<\/p>\n<blockquote>\n<p style=\"margin-left:0cm; margin-right:0cm\">Ta\u010du v\u0101rdam &#8220;kar\u0161&#8221; \u0161aj\u0101 gad\u012bjum\u0101 ir ne tikai politiska noz\u012bme.\u00a0Tas var b\u016bt svar\u012bgs ar\u012b pavisam konkr\u0113tiem cilv\u0113kiem \u2013 ASV karav\u012bru \u0123imen\u0113m.\u00a0<\/p>\n<\/blockquote>\n<p style=\"margin-left:0cm; margin-right:0cm\">Par to \u0161oned\u0113\u013c publiski run\u0101ja Libija Klinere, Alabamas \u0161tat\u0101 dz\u012bvojo\u0161a sieviete, kuras v\u012brs, ASV Gaisa sp\u0113ku majors D\u017eons &#8220;Alekss&#8221; Kliners\u00a0mart\u0101 g\u0101ja boj\u0101 lidma\u0161\u012bnas av\u0101rij\u0101 Ir\u0101k\u0101.\u00a0<\/p>\n<p style=\"margin-left:0cm; margin-right:0cm\">Vi\u0146\u0161 bija viens no se\u0161iem karav\u012briem, kas g\u0101ja boj\u0101, kad uzpildes lidma\u0161\u012bna KC-135 avar\u0113ja misijas laik\u0101.\u00a0<\/p>\n<blockquote>\n<p style=\"margin-left:0cm; margin-right:0cm\">Klinere soci\u0101lajos t\u012bklos pazi\u0146oja, ka vi\u0146as \u0123imene nav sa\u0146\u0113musi atsevi\u0161\u0137us pabalstus, ko vi\u0146a sagaid\u012btu k\u0101 kritu\u0161a karav\u012bra atraitne.\u00a0<\/p>\n<\/blockquote>\n<p style=\"margin-left:0cm; margin-right:0cm\">P\u0113c vi\u0146as teikt\u0101, Gaisa sp\u0113ki \u0123imenei nor\u0101d\u012bju\u0161i, ka iemesls ir juridisks \u2013 Kongress nav ofici\u0101li pasludin\u0101jis karu pret Ir\u0101nu.\u00a0<\/p>\n<p style=\"margin-left:0cm; margin-right:0cm\">Tas nenoz\u012bm\u0113, ka kritu\u0161o karav\u012bru \u0123imenes nesa\u0146em nek\u0101dus pabalstus. Ta\u010du atsevi\u0161\u0137i papildu pabalsti un priek\u0161roc\u012bbas ir saist\u012bti ar to, k\u0101 likumos tiek klasific\u0113ts dienests un n\u0101ves apst\u0101k\u013ci.\u00a0<\/p>\n<p style=\"margin-left:0cm; margin-right:0cm\">Klineres\u00a0apgalvojums ir izrais\u012bjis jaut\u0101jumus par to, vai \u0123imenes \u0161\u0101d\u0101 situ\u0101cij\u0101 sa\u0146em visu, kas t\u0101m pien\u0101kas.\u00a0<\/p>\n<p style=\"margin-left:0cm; margin-right:0cm\">ASV Gaisa sp\u0113ki tagad \u0161o konkr\u0113to gad\u012bjumu p\u0101rbauda. Gaisa sp\u0113ku p\u0101rst\u0101vis sac\u012bjis, ka amatpersonas jau sazin\u0101ju\u0161\u0101s ar Klineres\u00a0kundzi, lai p\u0101rliecin\u0101tos, ka vi\u0146a un vi\u0146as b\u0113rni sa\u0146em visus pabalstus, uz kuriem vi\u0146iem ir ties\u012bbas.<\/p>\n<blockquote>\n<p style=\"margin-left:0cm; margin-right:0cm\">Kad viceprezidentam Vensam preses konferenc\u0113 jaut\u0101ja par Klineru\u00a0\u0123imeni, vi\u0146\u0161 s\u0101kotn\u0113ji atzina, ka par \u0161o konkr\u0113to gad\u012bjumu neko nav zin\u0101jis.\u00a0<\/p>\n<\/blockquote>\n<p style=\"margin-left:0cm; margin-right:0cm\">&#8220;Ja jums ir vi\u0146as priv\u0101tie kontakti, l\u016bdzu padalieties. M\u0113s ar vi\u0146u sazin\u0101simies, tikl\u012bdz \u0161is viss b\u016bs cauri,\u00a0lai b\u016btu dro\u0161i, ka vi\u0146a sa\u0146em visu, kas pien\u0101kas. Protams, ka m\u016bsu sirds l\u016bst par ikvienu, kur\u0161 zaud\u0113jis dz\u012bv\u012bbu,&#8221; pauda Venss.\u00a0<\/p>\n<blockquote>\n<p style=\"margin-left:0cm; margin-right:0cm\">Pa\u0161reiz\u0113j\u0101 ASV un Ir\u0101nas konflikt\u0101 kop\u0161 oper\u0101cijas s\u0101kuma 2026. gada febru\u0101ra beig\u0101s ofici\u0101li ir g\u0101ju\u0161i boj\u0101 18 ASV karav\u012bri, bet vair\u0101k nek\u0101 750 ir guvu\u0161i ievainojumus.\u00a0<\/p>\n<\/blockquote>\n<p style=\"margin-left:0cm; margin-right:0cm\">Vienlaikus diplom\u0101tiskas sarunas starp ASV un Ir\u0101nu pa\u0161laik nenotiek. Venss atteic\u0101s prognoz\u0113t, kad konflikts var\u0113tu beigties, sakot, ka daudz kas b\u016bs atkar\u012bgs no t\u0101, vai Ir\u0101na p\u0101rtrauks uzbrukumus ku\u0123iem.\u00a0<\/p>\n<p style=\"margin-left:0cm; margin-right:0cm\">Teher\u0101na ASV darb\u012bbas atkl\u0101ti d\u0113v\u0113 par karu un draud konfliktu papla\u0161in\u0101t.\u00a0<\/p>\n<p style=\"margin-left:0cm; margin-right:0cm\">Spriedzes centr\u0101 joproj\u0101m ir Hormuza \u0161aurums \u2013 strat\u0113\u0123iski svar\u012bg\u0101kais pasaules j\u016bras ce\u013c\u0161, caur kuru tiek p\u0101rvad\u0101ta aptuveni piekt\u0101 da\u013ca visas pasaules naftas.\u00a0<\/p>\n<p style=\"margin-left:0cm; margin-right:0cm\">Ir\u0101nas past\u0101v\u012bgie uzbrukumi tankku\u0123iem jau ir izrais\u012bju\u0161i sv\u0101rst\u012bbas pasaules ener\u0123ijas tirgos. T\u0101 k\u0101 diplom\u0101tiskie kan\u0101li starp ASV un Ir\u0101nu \u0161obr\u012bd ir piln\u012bb\u0101 iesald\u0113ti un sarunas nenotiek, situ\u0101cijas t\u0101l\u0101k\u0101 att\u012bst\u012bba joproj\u0101m ir neparedzama.<\/p>\n<p>                    Valodas k\u013c\u016bda rakst\u0101?<\/p>\n<p class=\"d-none d-md-block\">Iez\u012bm\u0113jiet tekstu un spiediet Ctrl+Enter, lai nos\u016bt\u012btu labojamo teksta fragmentu redaktoram! Par faktu k\u013c\u016bd\u0101m l\u016bdzam zi\u0146ot e-past\u0101 redakcija@lsm.lv.<\/p>\n<p class=\"d-md-none\">Iez\u012bm\u0113jiet tekstu un spiediet uz Zi\u0146ot par k\u013c\u016bdu pogas, lai nos\u016bt\u012btu labojamo teksta fragmentu redaktoram!<\/p>\n<p>\n                    Zi\u0146ot par k\u013c\u016bdu\n                <\/p>\n","protected":false},"excerpt":{"rendered":"ASV un Ir\u0101nas konflikts atkal saasin\u0101jies, ta\u010du vienlaikus Va\u0161ington\u0101 turpin\u0101s neskaidr\u012bba par to, k\u0101 \u0161o konfliktu visp\u0101r nosaukt.&hellip;\n","protected":false},"author":2,"featured_media":286327,"comment_status":"","ping_status":"","sticky":false,"template":"","format":"standard","meta":{"footnotes":"","_share_on_mastodon":"0"},"categories":[14],"tags":[23,57,28,29,32,33,22,30,31,35,39,38,36,37,34,40,20,26,27,24,25,54,55,56,21,58],"class_list":["post-286326","post","type-post","status-publish","format-standard","has-post-thumbnail","category-zinas-no-arvalstim","tag-aktualitates","tag-arvalstim","tag-breaking-news","tag-breakingnews","tag-featured-news","tag-featurednews","tag-headlines","tag-latest-news","tag-latestnews","tag-latvia","tag-latvian","tag-latviesu","tag-latviesu-valoda","tag-latviesuvaloda","tag-latvija","tag-lv","tag-news","tag-popularakas-zinas","tag-popularakaszinas","tag-top-stories","tag-topstories","tag-world","tag-world-news","tag-worldnews","tag-zinas","tag-zinas-no-arvalstim"],"share_on_mastodon":{"url":"https:\/\/pubeurope.com\/@lv\/117217548521473662","error":""},"_links":{"self":[{"href":"https:\/\/www.europesays.com\/lv\/wp-json\/wp\/v2\/posts\/286326","targetHints":{"allow":["GET"]}}],"collection":[{"href":"https:\/\/www.europesays.com\/lv\/wp-json\/wp\/v2\/posts"}],"about":[{"href":"https:\/\/www.europesays.com\/lv\/wp-json\/wp\/v2\/types\/post"}],"author":[{"embeddable":true,"href":"https:\/\/www.europesays.com\/lv\/wp-json\/wp\/v2\/users\/2"}],"replies":[{"embeddable":true,"href":"https:\/\/www.europesays.com\/lv\/wp-json\/wp\/v2\/comments?post=286326"}],"version-history":[{"count":0,"href":"https:\/\/www.europesays.com\/lv\/wp-json\/wp\/v2\/posts\/286326\/revisions"}],"wp:featuredmedia":[{"embeddable":true,"href":"https:\/\/www.europesays.com\/lv\/wp-json\/wp\/v2\/media\/286327"}],"wp:attachment":[{"href":"https:\/\/www.europesays.com\/lv\/wp-json\/wp\/v2\/media?parent=286326"}],"wp:term":[{"taxonomy":"category","embeddable":true,"href":"https:\/\/www.europesays.com\/lv\/wp-json\/wp\/v2\/categories?post=286326"},{"taxonomy":"post_tag","embeddable":true,"href":"https:\/\/www.europesays.com\/lv\/wp-json\/wp\/v2\/tags?post=286326"}],"curies":[{"name":"wp","href":"https:\/\/api.w.org\/{rel}","templated":true}]}}