{"id":286340,"date":"2026-09-05T09:06:09","date_gmt":"2026-09-05T09:06:09","guid":{"rendered":"https:\/\/www.europesays.com\/lv\/286340\/"},"modified":"2026-09-05T09:06:09","modified_gmt":"2026-09-05T09:06:09","slug":"valdiba-nakamnedel-lems-par-nbs-dalibu-militarajas-operacijas-hormuza-sauruma-atbrivosanai","status":"publish","type":"post","link":"https:\/\/www.europesays.com\/lv\/286340\/","title":{"rendered":"Vald\u012bba n\u0101kamned\u0113\u013c lems par NBS dal\u012bbu milit\u0101raj\u0101s oper\u0101cij\u0101s Hormuza \u0161auruma atbr\u012bvo\u0161anai"},"content":{"rendered":"<p>Vienlaikus Latvija neiesaist\u012bsies darb\u012bb\u0101s, kas atbalst\u012btu ASV k\u0101 karojo\u0161o pusi konflikt\u0101 ar Ir\u0101nu.<\/p>\n<p>Pamatojoties uz oper\u0101ciju koal\u012bciju vado\u0161o valstu sniegto izv\u0113rt\u0113jumu, prognoz\u0113ts, ka piln\u012bgs Hormuza \u0161auruma atm\u012bn\u0113\u0161anu oper\u0101ciju laiks pla\u0161\u0101ku ku\u0123o\u0161anas br\u012bv\u012bbas nodro\u0161in\u0101\u0161anas oper\u0101ciju ietvaros var\u0113tu ilgt no 12 l\u012bdz 16 m\u0113ne\u0161iem.<\/p>\n<p>Patlaban <a href=\"https:\/\/www.apollo.lv\/term\/572172\/aizsardzibas-ministrija\" class=\"topicLink\" target=\"_blank\" rel=\"nofollow noopener\">Aizsardz\u012bbas ministrija<\/a> (AM) un NBS sadarb\u012bb\u0101 ar ASV Tuvo Austrumu milit\u0101ro komand\u0161t\u0101bu un Lielbrit\u0101niju un Franciju apzina nepiecie\u0161am\u0101s praktisk\u0101s un ar nodro\u0161in\u0101jumu saist\u012bt\u0101s deta\u013cas, kas nepiecie\u0161amas NBS kontingenta izvieto\u0161anai oper\u0101ciju rajon\u0101.<\/p>\n<p>Pozit\u012bva Saeimas l\u0113muma gad\u012bjum\u0101 AM veikts p\u0101rrunas ar iesaist\u012btaj\u0101m pus\u0113m, lai vienotos par NBS kontingentam nepiecie\u0161amo nodro\u0161in\u0101jumu oper\u0101ciju rajon\u0101.<\/p>\n<p>AM atg\u0101dina, ka sekojot ASV un Izra\u0113las kop\u012bgiem milit\u0101riem triecieniem Ir\u0101nai, kop\u0161 2026. gada 28. febru\u0101ra ku\u0123o\u0161ana Hormuza \u0161aurum\u0101 ir piedz\u012bvojusi past\u0101v\u012bgus trauc\u0113jumus.<\/p>\n<p>Rea\u0123\u0113jot uz kr\u012bzi Hormuza \u0161aurum\u0101, gan ASV, gan Lielbrit\u0101nijas un Francijas veidot\u0101s koal\u012bcijas pie\u0146\u0113ma l\u0113mumu izveidot milit\u0101r\u0101s oper\u0101cijas, kuru galvenais m\u0113r\u0137is ir atjaunot un nodro\u0161in\u0101t ku\u0123o\u0161anas br\u012bv\u012bbu Hormuza \u0161aurum\u0101, nodro\u0161in\u0101t komerci\u0101l\u0101s ku\u0123o\u0161anas satiksmes nep\u0101rtraukt\u012bbu, attur\u0113t turpm\u0101kus uzbrukumus un atjaunot p\u0101rliec\u012bbu par ku\u0123o\u0161anas dro\u0161\u012bbu caur \u0161o \u0161aurumu.<\/p>\n<p>Patlaban oper\u0101cijas v\u0113l nav s\u0101ku\u0161as &#8220;operacion\u0101lo darb\u012bbu&#8221;, bet pl\u0101nots, ka t\u0101s tiks \u012bstenotas tik ilgi, l\u012bdz b\u016bs nodro\u0161in\u0101ta dro\u0161a ku\u0123niec\u012bbas vide Hormuza \u0161aurum\u0101.<\/p>\n","protected":false},"excerpt":{"rendered":"Vienlaikus Latvija neiesaist\u012bsies darb\u012bb\u0101s, kas atbalst\u012btu ASV k\u0101 karojo\u0161o pusi konflikt\u0101 ar Ir\u0101nu. Pamatojoties uz oper\u0101ciju koal\u012bciju vado\u0161o&hellip;\n","protected":false},"author":2,"featured_media":286341,"comment_status":"","ping_status":"","sticky":false,"template":"","format":"standard","meta":{"footnotes":"","_share_on_mastodon":"0"},"categories":[14],"tags":[626,23,57,292,28,29,32,33,1309,22,32204,2562,30,31,35,39,38,36,37,34,487,40,3289,2837,20,26,27,141,23835,24,25,54,55,56,21,58],"class_list":["post-286340","post","type-post","status-publish","format-standard","has-post-thumbnail","category-zinas-no-arvalstim","tag-aizsardzibas-ministrija","tag-aktualitates","tag-arvalstim","tag-asv","tag-breaking-news","tag-breakingnews","tag-featured-news","tag-featurednews","tag-francija","tag-headlines","tag-hormuza-saurums","tag-irana","tag-latest-news","tag-latestnews","tag-latvia","tag-latvian","tag-latviesu","tag-latviesu-valoda","tag-latviesuvaloda","tag-latvija","tag-lielbritanija","tag-lv","tag-nacionalie-brunotie-speki","tag-nbs","tag-news","tag-popularakas-zinas","tag-popularakaszinas","tag-saeima","tag-saspilejums-asv-un-iranas-attiecibas","tag-top-stories","tag-topstories","tag-world","tag-world-news","tag-worldnews","tag-zinas","tag-zinas-no-arvalstim"],"share_on_mastodon":{"url":"","error":"Validation failed: Text character limit of 500 exceeded"},"_links":{"self":[{"href":"https:\/\/www.europesays.com\/lv\/wp-json\/wp\/v2\/posts\/286340","targetHints":{"allow":["GET"]}}],"collection":[{"href":"https:\/\/www.europesays.com\/lv\/wp-json\/wp\/v2\/posts"}],"about":[{"href":"https:\/\/www.europesays.com\/lv\/wp-json\/wp\/v2\/types\/post"}],"author":[{"embeddable":true,"href":"https:\/\/www.europesays.com\/lv\/wp-json\/wp\/v2\/users\/2"}],"replies":[{"embeddable":true,"href":"https:\/\/www.europesays.com\/lv\/wp-json\/wp\/v2\/comments?post=286340"}],"version-history":[{"count":0,"href":"https:\/\/www.europesays.com\/lv\/wp-json\/wp\/v2\/posts\/286340\/revisions"}],"wp:featuredmedia":[{"embeddable":true,"href":"https:\/\/www.europesays.com\/lv\/wp-json\/wp\/v2\/media\/286341"}],"wp:attachment":[{"href":"https:\/\/www.europesays.com\/lv\/wp-json\/wp\/v2\/media?parent=286340"}],"wp:term":[{"taxonomy":"category","embeddable":true,"href":"https:\/\/www.europesays.com\/lv\/wp-json\/wp\/v2\/categories?post=286340"},{"taxonomy":"post_tag","embeddable":true,"href":"https:\/\/www.europesays.com\/lv\/wp-json\/wp\/v2\/tags?post=286340"}],"curies":[{"name":"wp","href":"https:\/\/api.w.org\/{rel}","templated":true}]}}