{"id":286360,"date":"2026-09-05T10:13:23","date_gmt":"2026-09-05T10:13:23","guid":{"rendered":"https:\/\/www.europesays.com\/lv\/286360\/"},"modified":"2026-09-05T10:13:23","modified_gmt":"2026-09-05T10:13:23","slug":"cornobilas-vilkus-dzive-starojuma-zona-genetiski-izmainijusi-vai-vinu-imunsistema-spej-tikt-gala-ari-ar-vezi","status":"publish","type":"post","link":"https:\/\/www.europesays.com\/lv\/286360\/","title":{"rendered":"\u010cornobi\u013cas vilkus dz\u012bve starojuma zon\u0101 \u0123en\u0113tiski izmain\u012bjusi. Vai vi\u0146u im\u016bnsist\u0113ma sp\u0113j tikt gal\u0101 ar\u012b ar v\u0113zi?"},"content":{"rendered":"<p>Vilku anal\u012bze CEZ teritorij\u0101 ir \u012bpa\u0161i interesanta, jo k\u0101 pl\u0113s\u0113ji tie atrodas piram\u012bdas virsotn\u0113, proti, p\u0101rtikas \u0137\u0113des aug\u0161gal\u0101. Parasti t\u0101 ir privile\u0123\u0113ta poz\u012bcija ekosist\u0113m\u0101, ta\u010du, ja \u0161\u012b ekosist\u0113ma ir p\u0101rpludin\u0101ta ar radi\u0101cijas starojumu, \u0161ie dz\u012bvnieki ir spiesti \u0113st apstarotu laup\u012bjumu, kas pats \u0113dis apstarotus augus, kas augu\u0161i apstarot\u0101 augsn\u0113. Tas ir k\u0101 pat\u0113r\u0113t visu starojumu uzreiz.<\/p>\n<p>Pirmais p\u0101rsteigums ir tas, ka vilki \u0161aj\u0101 zon\u0101 nav retums. Lava st\u0101st\u012bja, ka aizliegt\u0101s zonas vilku popul\u0101cija ir septi\u0146as reizes liel\u0101ka nek\u0101 kaimi\u0146valsts Baltkrievijas aizsarg\u0101jam\u0101s dabas teritorij\u0101s. Ta\u010du jaunais p\u0113t\u012bjums, kas \u017eurn\u0101l\u0101 Proceedings of the Royal Society analiz\u0113 Ukrainas aizliegtaj\u0101 zon\u0101 dz\u012bvojo\u0161os z\u012bd\u012bt\u0101jus, nostiprina vienk\u0101r\u0161\u0101ku skaidrojumu, k\u0101p\u0113c lielajiem dz\u012bvniekiem tur kl\u0101jas tik labi: tur ir ierobe\u017eota cilv\u0113ku darb\u012bba.<\/p>\n<p>Daudzums un piel\u0101go\u0161an\u0101s nav viens un tas pats. CEZ teritorij\u0101 vilku var b\u016bt p\u0101rsteidzo\u0161i daudz t\u0101p\u0113c, ka tiem tur ir telpa, bar\u012bba un atelpa no med\u012bbu spiediena un citas cilv\u0113ku ietekmes. Ar\u012b vi\u0146u im\u016bnsist\u0113ma un genoms var liecin\u0101t par dz\u012bvo\u0161anu hroniska radi\u0101cijas stresa apst\u0101k\u013cos.<\/p>\n","protected":false},"excerpt":{"rendered":"Vilku anal\u012bze CEZ teritorij\u0101 ir \u012bpa\u0161i interesanta, jo k\u0101 pl\u0113s\u0113ji tie atrodas piram\u012bdas virsotn\u0113, proti, p\u0101rtikas \u0137\u0113des aug\u0161gal\u0101.&hellip;\n","protected":false},"author":2,"featured_media":286361,"comment_status":"","ping_status":"","sticky":false,"template":"","format":"standard","meta":{"footnotes":"","_share_on_mastodon":"0"},"categories":[14],"tags":[23,57,28,29,34634,5807,32,33,22,42479,30,31,35,39,38,36,37,34,40,20,26,27,24509,20407,24,25,26933,297,976,15002,54,55,56,21,58],"class_list":["post-286360","post","type-post","status-publish","format-standard","has-post-thumbnail","category-zinas-no-arvalstim","tag-aktualitates","tag-arvalstim","tag-breaking-news","tag-breakingnews","tag-cornobila","tag-dzivnieki","tag-featured-news","tag-featurednews","tag-headlines","tag-imunitate","tag-latest-news","tag-latestnews","tag-latvia","tag-latvian","tag-latviesu","tag-latviesu-valoda","tag-latviesuvaloda","tag-latvija","tag-lv","tag-news","tag-popularakas-zinas","tag-popularakaszinas","tag-radiacija","tag-savvalas-dzivnieki","tag-top-stories","tag-topstories","tag-tvnet-ekstra","tag-tvnet-planeta","tag-vezis","tag-vilki","tag-world","tag-world-news","tag-worldnews","tag-zinas","tag-zinas-no-arvalstim"],"share_on_mastodon":{"url":"","error":"Validation failed: Text character limit of 500 exceeded"},"_links":{"self":[{"href":"https:\/\/www.europesays.com\/lv\/wp-json\/wp\/v2\/posts\/286360","targetHints":{"allow":["GET"]}}],"collection":[{"href":"https:\/\/www.europesays.com\/lv\/wp-json\/wp\/v2\/posts"}],"about":[{"href":"https:\/\/www.europesays.com\/lv\/wp-json\/wp\/v2\/types\/post"}],"author":[{"embeddable":true,"href":"https:\/\/www.europesays.com\/lv\/wp-json\/wp\/v2\/users\/2"}],"replies":[{"embeddable":true,"href":"https:\/\/www.europesays.com\/lv\/wp-json\/wp\/v2\/comments?post=286360"}],"version-history":[{"count":0,"href":"https:\/\/www.europesays.com\/lv\/wp-json\/wp\/v2\/posts\/286360\/revisions"}],"wp:featuredmedia":[{"embeddable":true,"href":"https:\/\/www.europesays.com\/lv\/wp-json\/wp\/v2\/media\/286361"}],"wp:attachment":[{"href":"https:\/\/www.europesays.com\/lv\/wp-json\/wp\/v2\/media?parent=286360"}],"wp:term":[{"taxonomy":"category","embeddable":true,"href":"https:\/\/www.europesays.com\/lv\/wp-json\/wp\/v2\/categories?post=286360"},{"taxonomy":"post_tag","embeddable":true,"href":"https:\/\/www.europesays.com\/lv\/wp-json\/wp\/v2\/tags?post=286360"}],"curies":[{"name":"wp","href":"https:\/\/api.w.org\/{rel}","templated":true}]}}