{"id":286374,"date":"2026-09-05T10:44:10","date_gmt":"2026-09-05T10:44:10","guid":{"rendered":"https:\/\/www.europesays.com\/lv\/286374\/"},"modified":"2026-09-05T10:44:10","modified_gmt":"2026-09-05T10:44:10","slug":"latvija-nosledzies-liepaja-2027-lidziesaistes-konkurss-par-vides-objektu-izveidi-kuldiga-un-aizpute","status":"publish","type":"post","link":"https:\/\/www.europesays.com\/lv\/286374\/","title":{"rendered":"Latvija | Nosl\u0113dzies Liep\u0101ja 2027 l\u012bdziesaistes konkurss par vides objektu izveidi Kuld\u012bg\u0101 un Aizput\u0113"},"content":{"rendered":"<td height=\"100%\" valign=\"top\">\n<p>]]]]]]]]>]]]]]]>]]]]>]]><br \/>\n<a name=\"top\"\/><\/p>\n<p>\t\t\t\t\t\t<a href=\"https:\/\/travelnews.lv\/?m_id=18252&amp;i_id=5&amp;pub_id=156732\" rel=\"nofollow noopener\" target=\"_blank\"><img decoding=\"async\" width=\"100%\" border=\"0\" alt=\"Travelnews.lv pied\u0101v\u0101: Ned\u0113\u013cas nogales pas\u0101kumu TOP7\" src=\"https:\/\/www.europesays.com\/lv\/wp-content\/uploads\/2026\/09\/1788605020_713_20260903-Nednogale.jpg\"\/><\/a><\/p>\n<p>            Latvija\u00a0<br \/>\n            <a href=\"https:\/\/travelnews.lv\/?m_id=18252&amp;i_id=5&amp;pub_id=156732\" rel=\"nofollow noopener\" target=\"_blank\">Travelnews.lv pied\u0101v\u0101: Ned\u0113\u013cas nogales pas\u0101kumu TOP7<\/a>         \t<\/p>\n<p>\t\t\t\t\t\t<a href=\"https:\/\/travelnews.lv\/?m_id=18530&amp;i_id=5&amp;pub_id=156494\" rel=\"nofollow noopener\" target=\"_blank\"><img decoding=\"async\" width=\"100%\" border=\"0\" alt=\"Gulbenes novads: Iel\u016bdz B\u0101n\u012b\u0161a sv\u0113tki! \" src=\"https:\/\/www.europesays.com\/lv\/wp-content\/uploads\/2026\/09\/1788605021_314_20260820-Banitis.jpg\"\/><\/a><\/p>\n<p>            Latvija\u00a0<br \/>\n            <a href=\"https:\/\/travelnews.lv\/?m_id=18530&amp;i_id=5&amp;pub_id=156494\" rel=\"nofollow noopener\" target=\"_blank\">Gulbenes novads: Iel\u016bdz B\u0101n\u012b\u0161a sv\u0113tki! <\/a>         \t<\/p>\n<p>\t\t\t\t\t\t<a href=\"https:\/\/travelnews.lv\/?m_id=18253&amp;i_id=5&amp;pub_id=156729\" rel=\"nofollow noopener\" target=\"_blank\"><img decoding=\"async\" width=\"100%\" border=\"0\" alt=\"5. septembr\u012b pirmo reizi norisin\u0101sies Antonijas ielas sv\u0113tki\" src=\"https:\/\/www.europesays.com\/lv\/wp-content\/uploads\/2026\/09\/1788605022_959_20260903-Antonijas.jpg\"\/><\/a><\/p>\n<p>            Latvija\u00a0<br \/>\n            <a href=\"https:\/\/travelnews.lv\/?m_id=18253&amp;i_id=5&amp;pub_id=156729\" rel=\"nofollow noopener\" target=\"_blank\">5. septembr\u012b pirmo reizi norisin\u0101sies Antonijas ielas sv\u0113tki<\/a>    <\/p>\n<p>\t\t\t\t\t\t<a href=\"https:\/\/travelnews.lv\/?m_id=18558&amp;i_id=5&amp;pub_id=156382\" rel=\"nofollow noopener\" target=\"_blank\"><img decoding=\"async\" width=\"100%\" border=\"0\" alt=\"B\u0101n\u012b\u0161a sv\u0113tki aicina atz\u012bm\u0113t 123 gadus uz slied\u0113m\" src=\"https:\/\/www.europesays.com\/lv\/wp-content\/uploads\/2026\/09\/1788605023_474_20260813-Banitis.jpg\"\/><\/a><\/p>\n<p>            Latvija\u00a0<br \/>\n            <a href=\"https:\/\/travelnews.lv\/?m_id=18558&amp;i_id=5&amp;pub_id=156382\" rel=\"nofollow noopener\" target=\"_blank\">B\u0101n\u012b\u0161a sv\u0113tki aicina atz\u012bm\u0113t 123 gadus uz slied\u0113m<\/a>    <\/p>\n<p>\t\t\t\t\t\t<a href=\"https:\/\/travelnews.lv\/?m_id=18256&amp;i_id=5&amp;pub_id=156522\" rel=\"nofollow noopener\" target=\"_blank\"><img decoding=\"async\" width=\"100%\" border=\"0\" alt=\"Zaubes savva\u013cas kulin\u0101rais festiv\u0101ls svin 10 gadu jubileju ar t\u0113mu \u00abSp\u0113ka avots\u00bb\" src=\"https:\/\/www.europesays.com\/lv\/wp-content\/uploads\/2026\/09\/1788605024_472_20260821-Zaube.jpg\"\/><\/a><\/p>\n<p>            Latvija\u00a0<br \/>\n            <a href=\"https:\/\/travelnews.lv\/?m_id=18256&amp;i_id=5&amp;pub_id=156522\" rel=\"nofollow noopener\" target=\"_blank\">Zaubes savva\u013cas kulin\u0101rais festiv\u0101ls svin 10 gadu jubileju ar t\u0113mu \u00abSp\u0113ka avots\u00bb<\/a>    <\/p>\n<p>\t\t\tPARTNERU PIED\u0100V\u0100JUMI\t\t<\/p>\n<p>    \t<a rel=\"nofollow noopener\" href=\"http:\/\/www.visitventspils.com\/activity_category\/atputa-briva-daba\/\" target=\"_blank\" style=\"text-decoration:none\" onclick=\"ga(&#039;send&#039;, &#039;event&#039;, &#039;Pied\u0101v\u0101jumi&#039;, &#039;ClickTN&#039;, &#039;Ventspils TIC&#039;);\" wp_automatic_readability=\"2\"><img decoding=\"async\" width=\"100%\" src=\"https:\/\/www.europesays.com\/lv\/wp-content\/uploads\/2026\/09\/1788605024_612_l_107500ventspils .jpg\" alt=\"Br\u012bvdienas Ventspil\u012b\" border=\"0\" onload=\"ga('send', 'event', 'Pied\u0101v\u0101jumi', 'Show', 'Ventspils TIC');\"\/><\/p>\n<p title=\"www.visitventspils.com\/activity_category\/atputa-briva-daba\/\">Ventspils TIC: Br\u012bvdienas Ventspil\u012b<\/p>\n<p><\/a><\/p>\n<p>    \t<a rel=\"nofollow noopener\" href=\"http:\/\/visit.valmiera.lv\/pasakumi\/velo-un-k%c4%81j%c4%81mg%c4%81j%c4%93ju-cikls-zieme%c4%bcu-stiga\/\" target=\"_blank\" style=\"text-decoration:none\" onclick=\"ga(&#039;send&#039;, &#039;event&#039;, &#039;Pied\u0101v\u0101jumi&#039;, &#039;ClickTN&#039;, &#039;Valmieras novada T\u016brisma p\u0101rvalde&#039;);\" wp_automatic_readability=\"2\"><img decoding=\"async\" width=\"100%\" src=\"https:\/\/www.europesays.com\/lv\/wp-content\/uploads\/2026\/09\/1788605025_470_l_107549ziemelu-stiga-2026.png\" alt=\"Velo un k\u0101j\u0101mg\u0101j\u0113ju cikls \u201cZieme\u013cu stiga\u201d\" border=\"0\" onload=\"ga('send', 'event', 'Pied\u0101v\u0101jumi', 'Show', 'Valmieras novada T\u016brisma p\u0101rvalde');\"\/><\/p>\n<p title=\"visit.valmiera.lv\/pasakumi\/velo-un-k%c4%81j%c4%81mg%c4%81j%c4%93ju-cikls-zieme%c4%bcu-stiga\/\">Valmieras novada T\u016brisma p\u0101rvalde: Velo un k\u0101j\u0101mg\u0101j\u0113ju cikls \u201cZieme\u013cu stiga\u201d<\/p>\n<p><\/a><\/p>\n<p>    \t<a rel=\"nofollow noopener\" href=\"http:\/\/www.itaka.lv\/smart-5\/\" target=\"_blank\" style=\"text-decoration:none\" onclick=\"ga(&#039;send&#039;, &#039;event&#039;, &#039;Pied\u0101v\u0101jumi&#039;, &#039;ClickTN&#039;, &#039;Itaka Latvia&#039;);\" wp_automatic_readability=\"2\"><img decoding=\"async\" width=\"100%\" src=\"https:\/\/www.europesays.com\/lv\/wp-content\/uploads\/2026\/09\/1788605025_286_l_107570smart5.png\" alt=\"Ar kodu Smart5 atlaides 5%  l\u012bdz 30.09.!\" border=\"0\" onload=\"ga('send', 'event', 'Pied\u0101v\u0101jumi', 'Show', 'Itaka Latvia');\"\/><\/p>\n<p title=\"www.itaka.lv\/smart-5\/\">Itaka Latvia: Ar kodu Smart5 atlaides 5%  l\u012bdz 30.09.!<\/p>\n<p><\/a><\/p>\n<p>\t\t\t\t\t\t<a href=\"https:\/\/travelnews.lv\/?m_id=18253&amp;i_id=5&amp;pub_id=156594\" rel=\"nofollow noopener\" target=\"_blank\"><img decoding=\"async\" width=\"100%\" border=\"0\" alt=\"Latvijas Etnogr\u0101fiskaj\u0101 br\u012bvdabas muzej\u0101 5. un 6. septembr\u012b norisin\u0101sies v\u0113rien\u012bgs m\u016bsdienu amatniec\u012bbas tirgus \" src=\"https:\/\/www.europesays.com\/lv\/wp-content\/uploads\/2026\/09\/1788605027_32_20260826-Brivdaba.jpg\"\/><\/a><\/p>\n<p>            Latvija\u00a0<br \/>\n            <a href=\"https:\/\/travelnews.lv\/?m_id=18253&amp;i_id=5&amp;pub_id=156594\" rel=\"nofollow noopener\" target=\"_blank\">Latvijas Etnogr\u0101fiskaj\u0101 br\u012bvdabas muzej\u0101 5. un 6. septembr\u012b norisin\u0101sies v\u0113rien\u012bgs m\u016bsdienu amatniec\u012bbas tirgus <\/a>         \t<\/p>\n<p>\t\t\t\t\t\t<a href=\"https:\/\/travelnews.lv\/?m_id=18252&amp;i_id=5&amp;pub_id=155752\" rel=\"nofollow noopener\" target=\"_blank\"><img decoding=\"async\" width=\"100%\" border=\"0\" alt=\"T\u016aRISMA NOTIKUMU KALEND\u0100RS 2026\" src=\"https:\/\/www.europesays.com\/lv\/wp-content\/uploads\/2026\/09\/1788605028_221_20260705-TurismaKalendars.png\"\/><\/a><\/p>\n<p>            \u00a0<br \/>\n            <a href=\"https:\/\/travelnews.lv\/?m_id=18252&amp;i_id=5&amp;pub_id=155752\" rel=\"nofollow noopener\" target=\"_blank\">T\u016aRISMA NOTIKUMU KALEND\u0100RS 2026<\/a>         \t<\/p>\n<p>\t\t\t\t\t\t<a href=\"https:\/\/travelnews.lv\/?m_id=18252&amp;i_id=5&amp;pub_id=156742\" rel=\"nofollow noopener\" target=\"_blank\"><img decoding=\"async\" width=\"100%\" border=\"0\" alt=\"\u201cSingap\u016bras Sat\u012bns\u201d, Stirna, Agnese Rakovska, \u201cBukte\u201d \u2013 5. septembr\u012b notiks festiv\u0101ls dz\u012bvnieku atbalstam\" src=\"https:\/\/www.europesays.com\/lv\/wp-content\/uploads\/2026\/09\/1788605029_463_20260818-Ulubele.jpg\"\/><\/a><\/p>\n<p>            Latvija\u00a0<br \/>\n            <a href=\"https:\/\/travelnews.lv\/?m_id=18252&amp;i_id=5&amp;pub_id=156742\" rel=\"nofollow noopener\" target=\"_blank\">\u201cSingap\u016bras Sat\u012bns\u201d, Stirna, Agnese Rakovska, \u201cBukte\u201d \u2013 5. septembr\u012b notiks festiv\u0101ls dz\u012bvnieku atbalstam<\/a>    <\/p>\n<p>\t\t\t\t\t\t<a href=\"https:\/\/travelnews.lv\/?m_id=18253&amp;i_id=5&amp;pub_id=156646\" rel=\"nofollow noopener\" target=\"_blank\"><img decoding=\"async\" width=\"100%\" border=\"0\" alt=\"5. septembr\u012b pirmo reizi norisin\u0101sies Antonijas ielas sv\u0113tki\" src=\"https:\/\/www.europesays.com\/lv\/wp-content\/uploads\/2026\/09\/1788605030_267_20260831-Antonijas.jpg\"\/><\/a><\/p>\n<p>            \u00a0<br \/>\n            <a href=\"https:\/\/travelnews.lv\/?m_id=18253&amp;i_id=5&amp;pub_id=156646\" rel=\"nofollow noopener\" target=\"_blank\">5. septembr\u012b pirmo reizi norisin\u0101sies Antonijas ielas sv\u0113tki<\/a>    <\/p>\n<p>\t\t\t\t\t\t<a href=\"https:\/\/travelnews.lv\/?m_id=18570&amp;i_id=5&amp;pub_id=156782\" rel=\"nofollow noopener\" target=\"_blank\"><img decoding=\"async\" width=\"100%\" border=\"0\" alt=\"Tukuma muzeja aktualit\u0101tes septembr\u012b\" src=\"https:\/\/www.europesays.com\/lv\/wp-content\/uploads\/2026\/09\/1788605031_458_20260907-Muzeji.jpg\"\/><\/a><\/p>\n<p>            Latvija\u00a0<br \/>\n            <a href=\"https:\/\/travelnews.lv\/?m_id=18570&amp;i_id=5&amp;pub_id=156782\" rel=\"nofollow noopener\" target=\"_blank\">Tukuma muzeja aktualit\u0101tes septembr\u012b<\/a>    <\/p>\n<p>\t\t\tPARTNERU PIED\u0100V\u0100JUMI\t\t<\/p>\n<p>    \t<a rel=\"nofollow noopener\" href=\"http:\/\/visit.rezekne.lv\/2026\/09\/03\/teatra-bauditajus-aicina-festivals-soli-pa-solim\/\" target=\"_blank\" style=\"text-decoration:none\" onclick=\"ga(&#039;send&#039;, &#039;event&#039;, &#039;Pied\u0101v\u0101jumi&#039;, &#039;ClickTN&#039;, &#039;Visit.rezekne.lv&#039;);\" wp_automatic_readability=\"2\"><img decoding=\"async\" width=\"100%\" src=\"https:\/\/www.europesays.com\/lv\/wp-content\/uploads\/2026\/09\/1788605031_606_l_107588soli-pa-solim.jpg\" alt=\"R\u0113zekne aicina - \u201cSoli pa solim\u201d 2026\" border=\"0\" onload=\"ga('send', 'event', 'Pied\u0101v\u0101jumi', 'Show', 'Visit.rezekne.lv');\"\/><\/p>\n<p title=\"visit.rezekne.lv\/2026\/09\/03\/teatra-bauditajus-aicina-festivals-soli-pa-solim\/\">Visit.rezekne.lv: R\u0113zekne aicina &#8211; \u201cSoli pa solim\u201d 2026<\/p>\n<p><\/a><\/p>\n<p>    \t<a rel=\"nofollow noopener\" href=\"http:\/\/visitaluksne.lv\/plaujas-svetki-ate-jau-40-reizi\/\" target=\"_blank\" style=\"text-decoration:none\" onclick=\"ga(&#039;send&#039;, &#039;event&#039;, &#039;Pied\u0101v\u0101jumi&#039;, &#039;ClickTN&#039;, &#039;VisitAluksne.lv&#039;);\" wp_automatic_readability=\"2\"><img decoding=\"async\" width=\"100%\" src=\"https:\/\/www.europesays.com\/lv\/wp-content\/uploads\/2026\/09\/1788605031_333_l_107596P\u013caujas sv\u0113tki fotosesija 2026 foto Ain\u0101rs Cekuls-1229..jpg\" alt=\"P\u013caujas sv\u0113tki Ottesmui\u017e\u0101\" border=\"0\" onload=\"ga('send', 'event', 'Pied\u0101v\u0101jumi', 'Show', 'VisitAluksne.lv');\"\/><\/p>\n<p title=\"visitaluksne.lv\/plaujas-svetki-ate-jau-40-reizi\/\">VisitAluksne.lv: P\u013caujas sv\u0113tki Ottesmui\u017e\u0101<\/p>\n<p><\/a><\/p>\n<p>    \t<a rel=\"nofollow noopener\" href=\"http:\/\/visit.smiltene.lv\/jaunumi\/ape-notiks-vivus-lv-mtb-maratona-5-posms-mtb100-un-pirmas-gravel-escape-sacensibas\/\" target=\"_blank\" style=\"text-decoration:none\" onclick=\"ga(&#039;send&#039;, &#039;event&#039;, &#039;Pied\u0101v\u0101jumi&#039;, &#039;ClickTN&#039;, &#039;Visit.smiltene.lv&#039;);\" wp_automatic_readability=\"2\"><img decoding=\"async\" width=\"100%\" src=\"https:\/\/www.europesays.com\/lv\/wp-content\/uploads\/2026\/09\/1788605032_566_l_107601foto_aija_valtmane_ape100_13.09.2025-5750.jpg\" alt=\"Vivus.lv MTB maratons Ap\u0113\" border=\"0\" onload=\"ga('send', 'event', 'Pied\u0101v\u0101jumi', 'Show', 'Visit.smiltene.lv');\"\/><\/p>\n<p title=\"visit.smiltene.lv\/jaunumi\/ape-notiks-vivus-lv-mtb-maratona-5-posms-mtb100-un-pirmas-gravel-escape-sacensibas\/\">Visit.smiltene.lv: Vivus.lv MTB maratons Ap\u0113<\/p>\n<p><\/a><\/p>\n<p>\t\t\t\t\t\t<a href=\"https:\/\/travelnews.lv\/?m_id=18574&amp;i_id=5&amp;pub_id=156672\" rel=\"nofollow noopener\" target=\"_blank\"><img decoding=\"async\" width=\"100%\" border=\"0\" alt=\"Latvijas Valsts me\u017eu dabas park\u0101 T\u0113rvet\u0113 sumin\u0101s pirmklasniekus\" src=\"https:\/\/www.europesays.com\/lv\/wp-content\/uploads\/2026\/09\/1788605033_707_20260901-Tervete.jpg\"\/><\/a><\/p>\n<p>            Latvija\u00a0<br \/>\n            <a href=\"https:\/\/travelnews.lv\/?m_id=18574&amp;i_id=5&amp;pub_id=156672\" rel=\"nofollow noopener\" target=\"_blank\">Latvijas Valsts me\u017eu dabas park\u0101 T\u0113rvet\u0113 sumin\u0101s pirmklasniekus<\/a>         \t<\/p>\n<p>\t\t\t\t\t\t<a href=\"https:\/\/travelnews.lv\/?m_id=18529&amp;i_id=5&amp;pub_id=156392\" rel=\"nofollow noopener\" target=\"_blank\"><img decoding=\"async\" width=\"100%\" border=\"0\" alt=\"\u00abR\u0113zeknis Bryuvers\u00bb aicina uz sezonas nosl\u0113gumu ar Tirgot\u0101ju andeli un vakara ball\u012bti\" src=\"https:\/\/www.europesays.com\/lv\/wp-content\/uploads\/2026\/09\/1788605034_781_20260813-Bruveris.jpg\"\/><\/a><\/p>\n<p>            Latvija\u00a0<br \/>\n            <a href=\"https:\/\/travelnews.lv\/?m_id=18529&amp;i_id=5&amp;pub_id=156392\" rel=\"nofollow noopener\" target=\"_blank\">\u00abR\u0113zeknis Bryuvers\u00bb aicina uz sezonas nosl\u0113gumu ar Tirgot\u0101ju andeli un vakara ball\u012bti<\/a>         \t<\/p>\n<p>\t\t\t\t\t\t<a href=\"https:\/\/travelnews.lv\/?m_id=18405&amp;i_id=5&amp;pub_id=156429\" rel=\"nofollow noopener\" target=\"_blank\"><img decoding=\"async\" width=\"100%\" border=\"0\" alt=\"Au\u0161daugavas novads: Juzefovas parka festiv\u0101ls\" src=\"https:\/\/www.europesays.com\/lv\/wp-content\/uploads\/2026\/09\/1788605034_309_20260817-Juzefova.jpg\"\/><\/a><\/p>\n<p>            Latvija\u00a0<br \/>\n            <a href=\"https:\/\/travelnews.lv\/?m_id=18405&amp;i_id=5&amp;pub_id=156429\" rel=\"nofollow noopener\" target=\"_blank\">Au\u0161daugavas novads: Juzefovas parka festiv\u0101ls<\/a>    <\/p>\n<p>\t\t\t\t\t\t<a href=\"https:\/\/travelnews.lv\/?m_id=18562&amp;i_id=5&amp;pub_id=156379\" rel=\"nofollow noopener\" target=\"_blank\"><img decoding=\"async\" width=\"100%\" border=\"0\" alt=\"Nacion\u0101lais bot\u0101niskais d\u0101rzs iel\u016bdz uz 70. jubilejas svin\u012bb\u0101m \u00abPrieks aug d\u0101rz\u0101!\u00bb \" src=\"https:\/\/www.europesays.com\/lv\/wp-content\/uploads\/2026\/09\/1788605035_859_20260812-Botaniskais.jpg\"\/><\/a><\/p>\n<p>            \u00a0<br \/>\n            <a href=\"https:\/\/travelnews.lv\/?m_id=18562&amp;i_id=5&amp;pub_id=156379\" rel=\"nofollow noopener\" target=\"_blank\">Nacion\u0101lais bot\u0101niskais d\u0101rzs iel\u016bdz uz 70. jubilejas svin\u012bb\u0101m \u00abPrieks aug d\u0101rz\u0101!\u00bb <\/a>    <\/p>\n<p>\t\t\t\t\t\t<a href=\"https:\/\/travelnews.lv\/?m_id=18253&amp;i_id=5&amp;pub_id=156689\" rel=\"nofollow noopener\" target=\"_blank\"><img decoding=\"async\" width=\"100%\" border=\"0\" alt=\"Pirmklasniekiem ieeja R\u012bga ZOO bez maksas\" src=\"https:\/\/www.europesays.com\/lv\/wp-content\/uploads\/2026\/09\/1788605036_465_20260901-Zoo.jpg\"\/><\/a><\/p>\n<p>            Latvija\u00a0<br \/>\n            <a href=\"https:\/\/travelnews.lv\/?m_id=18253&amp;i_id=5&amp;pub_id=156689\" rel=\"nofollow noopener\" target=\"_blank\">Pirmklasniekiem ieeja R\u012bga ZOO bez maksas<\/a>    <\/p>\n<p>\t\t\tPARTNERU PIED\u0100V\u0100JUMI\t\t<\/p>\n<p>    \t<a rel=\"nofollow noopener\" href=\"http:\/\/visitjurmala.lv\/lv\/uzzini\/jurmala-aicina\/kur-jurmala-verot-rudens-iekrasotas-ainavas\/\" target=\"_blank\" style=\"text-decoration:none\" onclick=\"ga(&#039;send&#039;, &#039;event&#039;, &#039;Pied\u0101v\u0101jumi&#039;, &#039;ClickTN&#039;, &#039;VisitJurmala.lv&#039;);\" wp_automatic_readability=\"2\"><img decoding=\"async\" width=\"100%\" src=\"https:\/\/www.europesays.com\/lv\/wp-content\/uploads\/2026\/09\/1788605037_104_l_107604ChatGPT Image Sep 4, 2026, 10_53_28 AM.png\" alt=\"Kur J\u016brmal\u0101 v\u0113rot rudens kr\u0101sot\u0101s ainavas?\" border=\"0\" onload=\"ga('send', 'event', 'Pied\u0101v\u0101jumi', 'Show', 'VisitJurmala.lv');\"\/><\/p>\n<p title=\"visitjurmala.lv\/lv\/uzzini\/jurmala-aicina\/kur-jurmala-verot-rudens-iekrasotas-ainavas\/\">VisitJurmala.lv: Kur J\u016brmal\u0101 v\u0113rot rudens kr\u0101sot\u0101s ainavas?<\/p>\n<p><\/a><\/p>\n<p>    \t<a rel=\"nofollow noopener\" href=\"http:\/\/www.itaka.lv\/atputas-celojumi\/cehija\/praga\/congress-and-wellness-hotel-olsanka,HBX140930.html\" target=\"_blank\" style=\"text-decoration:none\" onclick=\"ga(&#039;send&#039;, &#039;event&#039;, &#039;Pied\u0101v\u0101jumi&#039;, &#039;ClickTN&#039;, &#039;Itaka Latvia&#039;);\" wp_automatic_readability=\"2\"><img decoding=\"async\" width=\"100%\" src=\"https:\/\/www.europesays.com\/lv\/wp-content\/uploads\/2026\/09\/1788605038_259_l_107466praga.jpg\" alt=\"Pr\u0101ga!Cenas s\u0101kot no 339 eur!\" border=\"0\" onload=\"ga('send', 'event', 'Pied\u0101v\u0101jumi', 'Show', 'Itaka Latvia');\"\/><\/p>\n<p title=\"www.itaka.lv\/atputas-celojumi\/cehija\/praga\/congress-and-wellness-hotel-olsanka,HBX140930.html\">Itaka Latvia: Pr\u0101ga!Cenas s\u0101kot no 339 eur!<\/p>\n<p><\/a><\/p>\n<p>    \t<a rel=\"nofollow noopener\" href=\"http:\/\/www.visitventspils.com\/activity\/zinatnes-centrs-vizium\/\" target=\"_blank\" style=\"text-decoration:none\" onclick=\"ga(&#039;send&#039;, &#039;event&#039;, &#039;Pied\u0101v\u0101jumi&#039;, &#039;ClickTN&#039;, &#039;Ventspils TIC&#039;);\" wp_automatic_readability=\"2\"><img decoding=\"async\" width=\"100%\" src=\"https:\/\/www.europesays.com\/lv\/wp-content\/uploads\/2026\/09\/1788605038_67_l_1074962_Vizium_nop_.jpeg\" alt=\"Zin\u0101tnes centrs VIZIUM \" border=\"0\" onload=\"ga('send', 'event', 'Pied\u0101v\u0101jumi', 'Show', 'Ventspils TIC');\"\/><\/p>\n<p title=\"www.visitventspils.com\/activity\/zinatnes-centrs-vizium\/\">Ventspils TIC: Zin\u0101tnes centrs VIZIUM <\/p>\n<p><\/a><\/p>\n<p>\t\t\t\t\t\t<a href=\"https:\/\/travelnews.lv\/?m_id=18258&amp;i_id=5&amp;pub_id=156586\" rel=\"nofollow noopener\" target=\"_blank\"><img decoding=\"async\" width=\"100%\" border=\"0\" alt=\"Turaid\u0101 notiks Ozolu diena\" src=\"https:\/\/www.europesays.com\/lv\/wp-content\/uploads\/2026\/09\/1788605039_694_20260826-Ozoli.jpg\"\/><\/a><\/p>\n<p>            Latvija\u00a0<br \/>\n            <a href=\"https:\/\/travelnews.lv\/?m_id=18258&amp;i_id=5&amp;pub_id=156586\" rel=\"nofollow noopener\" target=\"_blank\">Turaid\u0101 notiks Ozolu diena<\/a>         \t<\/p>\n<p>\t\t\t\t\t\t<a href=\"https:\/\/travelnews.lv\/?m_id=18526&amp;i_id=5&amp;pub_id=107056\" rel=\"nofollow noopener\" target=\"_blank\"><img decoding=\"async\" width=\"100%\" border=\"0\" alt=\"5. septembris v\u0113stur\u0113: Norisin\u0101s pirmais Latvijas rite\u0146brauc\u0113ju vien\u012bbas brauciens\" src=\"https:\/\/www.europesays.com\/lv\/wp-content\/uploads\/2026\/09\/1788605040_958_20200905-VienibasBrauciens.jpg\"\/><\/a><\/p>\n<p>            \u00a0<br \/>\n            <a href=\"https:\/\/travelnews.lv\/?m_id=18526&amp;i_id=5&amp;pub_id=107056\" rel=\"nofollow noopener\" target=\"_blank\">5. septembris v\u0113stur\u0113: Norisin\u0101s pirmais Latvijas rite\u0146brauc\u0113ju vien\u012bbas brauciens<\/a>         \t<\/p>\n<p>\t\t\t\t\t\t<a href=\"https:\/\/travelnews.lv\/?m_id=18526&amp;i_id=5&amp;pub_id=100864\" rel=\"nofollow noopener\" target=\"_blank\"><img decoding=\"async\" width=\"100%\" border=\"0\" alt=\"5. septembris v\u0113stur\u0113: \u0160odien pasaul\u0113 atz\u012bm\u0113 Starptautisko labdar\u012bbas dienu\" src=\"https:\/\/www.europesays.com\/lv\/wp-content\/uploads\/2026\/09\/1788605041_391_20210905-MateTereze.jpg\"\/><\/a><\/p>\n<p>            \u00a0<br \/>\n            <a href=\"https:\/\/travelnews.lv\/?m_id=18526&amp;i_id=5&amp;pub_id=100864\" rel=\"nofollow noopener\" target=\"_blank\">5. septembris v\u0113stur\u0113: \u0160odien pasaul\u0113 atz\u012bm\u0113 Starptautisko labdar\u012bbas dienu<\/a>    <\/p>\n<p>\t\t\t\t\t\t<a href=\"https:\/\/travelnews.lv\/?m_id=18526&amp;i_id=5&amp;pub_id=140983\" rel=\"nofollow noopener\" target=\"_blank\"><img decoding=\"async\" width=\"100%\" border=\"0\" alt=\"5. septembris v\u0113stur\u0113: Atz\u012bm\u0113 M\u0101tes Ter\u0113zas dienu\" src=\"https:\/\/www.europesays.com\/lv\/wp-content\/uploads\/2026\/09\/1788605041_442_20230905-Tereza.jpg\"\/><\/a><\/p>\n<p>            Alb\u0101nija\u00a0<br \/>\n            <a href=\"https:\/\/travelnews.lv\/?m_id=18526&amp;i_id=5&amp;pub_id=140983\" rel=\"nofollow noopener\" target=\"_blank\">5. septembris v\u0113stur\u0113: Atz\u012bm\u0113 M\u0101tes Ter\u0113zas dienu<\/a>    <\/p>\n<p>\t\t\t\t\t\t<a href=\"https:\/\/travelnews.lv\/?m_id=18526&amp;i_id=5&amp;pub_id=118120\" rel=\"nofollow noopener\" target=\"_blank\"><img decoding=\"async\" width=\"100%\" border=\"0\" alt=\"5. septembris v\u0113stur\u0113: Be\u013c\u0123ija, N\u012bderlande un Luksemburga izveido Beniluksu\" src=\"https:\/\/www.europesays.com\/lv\/wp-content\/uploads\/2026\/09\/1788605042_685_20190905-Benilux.jpg\"\/><\/a><\/p>\n<p>            \u00a0<br \/>\n            <a href=\"https:\/\/travelnews.lv\/?m_id=18526&amp;i_id=5&amp;pub_id=118120\" rel=\"nofollow noopener\" target=\"_blank\">5. septembris v\u0113stur\u0113: Be\u013c\u0123ija, N\u012bderlande un Luksemburga izveido Beniluksu<\/a>    <\/p>\n<p>\t\t\tPARTNERU PIED\u0100V\u0100JUMI\t\t<\/p>\n<p>    \t<a rel=\"nofollow noopener\" href=\"http:\/\/liepaja.travel\/darit-un-redzet\/liepaja-ka-pa-notim\/\" target=\"_blank\" style=\"text-decoration:none\" onclick=\"ga(&#039;send&#039;, &#039;event&#039;, &#039;Pied\u0101v\u0101jumi&#039;, &#039;ClickTN&#039;, &#039;Liep\u0101jas re\u0123iona TIB&#039;);\" wp_automatic_readability=\"2\"><img decoding=\"async\" width=\"100%\" src=\"https:\/\/www.europesays.com\/lv\/wp-content\/uploads\/2026\/09\/1788605043_292_l_10750744 DSC05283_KarlisVolkovskisFoto.jpg\" alt=\"Ideja Tavai ned\u0113\u013cas nogalei Liep\u0101j\u0101\" border=\"0\" onload=\"ga('send', 'event', 'Pied\u0101v\u0101jumi', 'Show', 'Liep\u0101jas re\u0123iona TIB');\"\/><\/p>\n<p title=\"liepaja.travel\/darit-un-redzet\/liepaja-ka-pa-notim\/\">Liep\u0101jas re\u0123iona TIB: Ideja Tavai ned\u0113\u013cas nogalei Liep\u0101j\u0101<\/p>\n<p><\/a><\/p>\n<p>    \t<a rel=\"nofollow noopener\" href=\"http:\/\/visit.bauska.lv\/lv\/pasakumi\/2026-09-12\/zemgales-diztirgus\/\" target=\"_blank\" style=\"text-decoration:none\" onclick=\"ga(&#039;send&#039;, &#039;event&#039;, &#039;Pied\u0101v\u0101jumi&#039;, &#039;ClickTN&#039;, &#039;Bauskas TIC&#039;);\" wp_automatic_readability=\"2\"><img decoding=\"async\" width=\"100%\" src=\"https:\/\/www.europesays.com\/lv\/wp-content\/uploads\/2026\/09\/1788605043_115_l_107535DSC_4048.jpg\" alt=\"Bauska aicina uz vecpils\u0113tas sv\u0113tkiem\" border=\"0\" onload=\"ga('send', 'event', 'Pied\u0101v\u0101jumi', 'Show', 'Bauskas TIC');\"\/><\/p>\n<p title=\"visit.bauska.lv\/lv\/pasakumi\/2026-09-12\/zemgales-diztirgus\/\">Bauskas TIC: Bauska aicina uz vecpils\u0113tas sv\u0113tkiem<\/p>\n<p><\/a><\/p>\n<p>    \t<a rel=\"nofollow noopener\" href=\"http:\/\/visit.valmiera.lv\/pasakumi\/ievas-kerevicas-un-matisa-zilinska-koncerts-romantika-rujiena\/\" target=\"_blank\" style=\"text-decoration:none\" onclick=\"ga(&#039;send&#039;, &#039;event&#039;, &#039;Pied\u0101v\u0101jumi&#039;, &#039;ClickTN&#039;, &#039;Valmieras novada T\u016brisma p\u0101rvalde&#039;);\" wp_automatic_readability=\"2\"><img decoding=\"async\" width=\"100%\" src=\"https:\/\/www.europesays.com\/lv\/wp-content\/uploads\/2026\/09\/1788605044_546_l_107548kerevica-epizode-nr1-768x1024-1.jpg\" alt=\"Ieva Ker\u0113vica un Mat\u012bss \u017dilinskis\" border=\"0\" onload=\"ga('send', 'event', 'Pied\u0101v\u0101jumi', 'Show', 'Valmieras novada T\u016brisma p\u0101rvalde');\"\/><\/p>\n<p title=\"visit.valmiera.lv\/pasakumi\/ievas-kerevicas-un-matisa-zilinska-koncerts-romantika-rujiena\/\">Valmieras novada T\u016brisma p\u0101rvalde: Ieva Ker\u0113vica un Mat\u012bss \u017dilinskis<\/p>\n<p><\/a><\/p>\n<p>\t\t\t\t\t\t<a href=\"https:\/\/travelnews.lv\/?m_id=18526&amp;i_id=5&amp;pub_id=151497\" rel=\"nofollow noopener\" target=\"_blank\"><img decoding=\"async\" width=\"100%\" border=\"0\" alt=\"5. septembris v\u0113stur\u0113: V\u0113sturisks tr\u012bspak\u0101pju lidapar\u0101ta lidojums Francij\u0101\" src=\"https:\/\/www.europesays.com\/lv\/wp-content\/uploads\/2026\/09\/1788605045_417_20250905-Triplans.jpg\"\/><\/a><\/p>\n<p>            Francija\u00a0<br \/>\n            <a href=\"https:\/\/travelnews.lv\/?m_id=18526&amp;i_id=5&amp;pub_id=151497\" rel=\"nofollow noopener\" target=\"_blank\">5. septembris v\u0113stur\u0113: V\u0113sturisks tr\u012bspak\u0101pju lidapar\u0101ta lidojums Francij\u0101<\/a>         \t<\/p>\n<p>\t\t\t\t\t\t<a href=\"https:\/\/travelnews.lv\/?m_id=18526&amp;i_id=5&amp;pub_id=135244\" rel=\"nofollow noopener\" target=\"_blank\"><img decoding=\"async\" width=\"100%\" border=\"0\" alt=\"5. septembris v\u0113stur\u0113: Arist\u012bds Bri\u0101ns rosina veidot Eiropas Savienot\u0101s Valstis\" src=\"https:\/\/www.europesays.com\/lv\/wp-content\/uploads\/2026\/09\/1788605045_328_20250905-Aristide.jpg\"\/><\/a><\/p>\n<p>            \u00a0<br \/>\n            <a href=\"https:\/\/travelnews.lv\/?m_id=18526&amp;i_id=5&amp;pub_id=135244\" rel=\"nofollow noopener\" target=\"_blank\">5. septembris v\u0113stur\u0113: Arist\u012bds Bri\u0101ns rosina veidot Eiropas Savienot\u0101s Valstis<\/a>         \t<\/p>\n<p>\t\t\t\t\t\t<a href=\"https:\/\/travelnews.lv\/?m_id=18526&amp;i_id=5&amp;pub_id=146447\" rel=\"nofollow noopener\" target=\"_blank\"><img decoding=\"async\" width=\"100%\" border=\"0\" alt=\"5. septembris v\u0113stur\u0113: Daugavpils uz\u0146em augsta l\u012bme\u0146a hokeja komandas\" src=\"https:\/\/www.europesays.com\/lv\/wp-content\/uploads\/2026\/09\/1788605046_540_20240905-Hokejs.jpg\"\/><\/a><\/p>\n<p>            Latvija\u00a0<br \/>\n            <a href=\"https:\/\/travelnews.lv\/?m_id=18526&amp;i_id=5&amp;pub_id=146447\" rel=\"nofollow noopener\" target=\"_blank\">5. septembris v\u0113stur\u0113: Daugavpils uz\u0146em augsta l\u012bme\u0146a hokeja komandas<\/a>    <\/p>\n<p>\t\t\t\t\t\t<a href=\"https:\/\/travelnews.lv\/?m_id=18562&amp;i_id=5&amp;pub_id=156791\" rel=\"nofollow noopener\" target=\"_blank\"><img decoding=\"async\" width=\"100%\" border=\"0\" alt=\"Knuta Skujenieka 90. jubilejas gads \u2013 ce\u013c\u0101 uz septembra kulmin\u0101ciju\" src=\"https:\/\/www.europesays.com\/lv\/wp-content\/uploads\/2026\/09\/1788605047_941_20260907-Skujenieks.jpg\"\/><\/a><\/p>\n<p>            Latvija\u00a0<br \/>\n            <a href=\"https:\/\/travelnews.lv\/?m_id=18562&amp;i_id=5&amp;pub_id=156791\" rel=\"nofollow noopener\" target=\"_blank\">Knuta Skujenieka 90. jubilejas gads \u2013 ce\u013c\u0101 uz septembra kulmin\u0101ciju<\/a>    <\/p>\n<p>\t\t\t\t\t\t<a href=\"https:\/\/travelnews.lv\/?m_id=18252&amp;i_id=5&amp;pub_id=156785\" rel=\"nofollow noopener\" target=\"_blank\"><img decoding=\"async\" width=\"100%\" border=\"0\" alt=\"Gaujas Nacion\u0101laj\u0101 park\u0101 p\u0113c v\u0113tras att\u012br\u012btas popul\u0101r\u0101k\u0101s dabas takas; DAP pateicas br\u012bvpr\u0101t\u012bgajiem par lielo atsauc\u012bbu \" src=\"https:\/\/www.europesays.com\/lv\/wp-content\/uploads\/2026\/09\/1788605048_397_20260907-Takas.jpg\"\/><\/a><\/p>\n<p>            Latvija\u00a0<br \/>\n            <a href=\"https:\/\/travelnews.lv\/?m_id=18252&amp;i_id=5&amp;pub_id=156785\" rel=\"nofollow noopener\" target=\"_blank\">Gaujas Nacion\u0101laj\u0101 park\u0101 p\u0113c v\u0113tras att\u012br\u012btas popul\u0101r\u0101k\u0101s dabas takas; DAP pateicas br\u012bvpr\u0101t\u012bgajiem par lielo atsauc\u012bbu <\/a>    <\/p>\n<p>\t\t\tPARTNERU PIED\u0100V\u0100JUMI\t\t<\/p>\n<p>    \t<a rel=\"nofollow noopener\" href=\"http:\/\/www.visitmadona.lv\/lv\/jaunumi?1839\" target=\"_blank\" style=\"text-decoration:none\" onclick=\"ga(&#039;send&#039;, &#039;event&#039;, &#039;Pied\u0101v\u0101jumi&#039;, &#039;ClickTN&#039;, &#039;Madonas TIC&#039;);\" wp_automatic_readability=\"2\"><img decoding=\"async\" width=\"100%\" src=\"https:\/\/www.europesays.com\/lv\/wp-content\/uploads\/2026\/09\/1788605049_476_l_107564k\u0101 atdz\u012bvojas m\u0101ksla.png\" alt=\"K\u0101 atdz\u012bvojas m\u0101ksla? Rado\u0161\u0101s darbn\u012bcas\" border=\"0\" onload=\"ga('send', 'event', 'Pied\u0101v\u0101jumi', 'Show', 'Madonas TIC');\"\/><\/p>\n<p title=\"www.visitmadona.lv\/lv\/jaunumi?1839\">Madonas TIC: K\u0101 atdz\u012bvojas m\u0101ksla? Rado\u0161\u0101s darbn\u012bcas<\/p>\n<p><\/a><\/p>\n<p>    \t<a rel=\"nofollow noopener\" href=\"http:\/\/visittukums.lv\/lv\/Aktualitates\/No-pasakam-lidz-rokenrolam-Tukuma-novada\" target=\"_blank\" style=\"text-decoration:none\" onclick=\"ga(&#039;send&#039;, &#039;event&#039;, &#039;Pied\u0101v\u0101jumi&#039;, &#039;ClickTN&#039;, &#039;VisitTukums.lv&#039;);\" wp_automatic_readability=\"2\"><img decoding=\"async\" width=\"100%\" src=\"https:\/\/www.europesays.com\/lv\/wp-content\/uploads\/2026\/09\/1788605049_352_l_107569M\u0101jaslapas form\u0101ts (61).jpg\" alt=\"Ned\u0113\u013cas nogale Tukuma novad\u0101\" border=\"0\" onload=\"ga('send', 'event', 'Pied\u0101v\u0101jumi', 'Show', 'VisitTukums.lv');\"\/><\/p>\n<p title=\"visittukums.lv\/lv\/Aktualitates\/No-pasakam-lidz-rokenrolam-Tukuma-novada\">VisitTukums.lv: Ned\u0113\u013cas nogale Tukuma novad\u0101<\/p>\n<p><\/a><\/p>\n<p>    \t<a rel=\"nofollow noopener\" href=\"http:\/\/www.europcar.com\/lv-lv\/p\/offers\/worldwide-discount\" target=\"_blank\" style=\"text-decoration:none\" onclick=\"ga(&#039;send&#039;, &#039;event&#039;, &#039;Pied\u0101v\u0101jumi&#039;, &#039;ClickTN&#039;, &#039;Europcar&#039;);\" wp_automatic_readability=\"2\"><img decoding=\"async\" width=\"100%\" src=\"https:\/\/www.europesays.com\/lv\/wp-content\/uploads\/2026\/09\/1788605049_160_l_107572\u0136ER MIRKLI J\u016aLIJ\u0100 - IZMANTO EUROPCAR PRIEK\u0160APMAKSU! kopija.png\" alt=\"Vasara v\u0113l nav beigusies\" border=\"0\" onload=\"ga('send', 'event', 'Pied\u0101v\u0101jumi', 'Show', 'Europcar');\"\/><\/p>\n<p title=\"www.europcar.com\/lv-lv\/p\/offers\/worldwide-discount\">Europcar: Vasara v\u0113l nav beigusies<\/p>\n<p><\/a><\/p>\n<p>\t<a class=\"float_left\" href=\"http:\/\/bit.ly\/TN_lv\" title=\"BalticTravelnews: Facebook\" target=\"_blank\" rel=\"nofollow noopener\"><\/a><br \/>\n    <a class=\"float_left\" href=\"https:\/\/www.instagram.com\/travelnews_lv\" title=\"BalticTravelnews: Instagram\" target=\"_blank\" rel=\"nofollow noopener\"><\/a><\/p>\n<p>    <a class=\"float_left\" href=\"https:\/\/travelnews.lv\/feed_lv.rss\" title=\"BatlicTrawelnews: RSS\" target=\"_blank\" rel=\"nofollow noopener\"><\/a><br \/>\n\t<a class=\"float_left\" href=\"https:\/\/www.youtube.com\/channel\/UCyAOkas_ZlqChLWYURdv-Fw\" title=\"BatlicTrawelnews: YouTube\" target=\"_blank\" rel=\"nofollow noopener\"><\/a><\/p>\n<p>    <a class=\"ml-onclick-form float_left\" href=\"https:\/\/travelnews.lv\/javascript:void(0)\" onclick=\"ml(&#039;show&#039;, &#039;NUMZgC&#039;, true)\" rel=\"nofollow noopener\" target=\"_blank\"><\/a><\/p>\n<p class=\"top_titles\">\nKlaudija, Persijs, Vaida <\/p>\n<p>    <img loading=\"lazy\" decoding=\"async\" src=\"https:\/\/www.europesays.com\/lv\/wp-content\/uploads\/2026\/09\/1788605050_322_bullets_title.gif\" alt=\"\" width=\"10\" height=\"10\"\/> REKL\u0100MA<\/p>\n<\/td>\n<p><script async src=\"\/\/www.instagram.com\/embed.js\"><\/script><\/p>\n","protected":false},"excerpt":{"rendered":"]]]]]]]]&gt;]]]]]]&gt;]]]]&gt;]]&gt; Latvija\u00a0 Travelnews.lv pied\u0101v\u0101: Ned\u0113\u013cas nogales pas\u0101kumu TOP7 Latvija\u00a0 Gulbenes novads: Iel\u016bdz B\u0101n\u012b\u0161a sv\u0113tki! Latvija\u00a0 5. septembr\u012b pirmo&hellip;\n","protected":false},"author":2,"featured_media":286375,"comment_status":"","ping_status":"","sticky":false,"template":"","format":"standard","meta":{"footnotes":"","_share_on_mastodon":"0"},"categories":[14],"tags":[23,57,1991,1997,1999,1979,2001,28,29,1992,1978,32,33,1993,1996,22,1981,1982,1985,1990,90,2002,1989,1988,30,31,35,39,38,36,37,34,1984,40,20,1998,26,27,2000,24,25,1986,1995,1987,1994,1980,1983,54,55,56,21,58],"class_list":["post-286374","post","type-post","status-publish","format-standard","has-post-thumbnail","category-zinas-no-arvalstim","tag-aktualitates","tag-arvalstim","tag-atlaides","tag-atputa","tag-augstskolas","tag-autonomas","tag-bari","tag-breaking-news","tag-breakingnews","tag-celojumi","tag-celojumu-agenturas","tag-featured-news","tag-featurednews","tag-fotogalerijas","tag-galamerki","tag-headlines","tag-hotels-in-latvia","tag-hotels-in-riga","tag-informacijas-centri","tag-ipasie-piedavajumi","tag-izklaide","tag-kafejnicas","tag-karstie-piedavajumi","tag-katalogs","tag-latest-news","tag-latestnews","tag-latvia","tag-latvian","tag-latviesu","tag-latviesu-valoda","tag-latviesuvaloda","tag-latvija","tag-lidsabiedribas","tag-lv","tag-news","tag-on-line-rezervacijas","tag-popularakas-zinas","tag-popularakaszinas","tag-restorani","tag-top-stories","tag-topstories","tag-turisma-biroji","tag-turisma-objekti","tag-turisma-zinas","tag-video","tag-viesnicas-riga","tag-viesu-nami","tag-world","tag-world-news","tag-worldnews","tag-zinas","tag-zinas-no-arvalstim"],"share_on_mastodon":{"url":"","error":"Validation failed: Text character limit of 500 exceeded"},"_links":{"self":[{"href":"https:\/\/www.europesays.com\/lv\/wp-json\/wp\/v2\/posts\/286374","targetHints":{"allow":["GET"]}}],"collection":[{"href":"https:\/\/www.europesays.com\/lv\/wp-json\/wp\/v2\/posts"}],"about":[{"href":"https:\/\/www.europesays.com\/lv\/wp-json\/wp\/v2\/types\/post"}],"author":[{"embeddable":true,"href":"https:\/\/www.europesays.com\/lv\/wp-json\/wp\/v2\/users\/2"}],"replies":[{"embeddable":true,"href":"https:\/\/www.europesays.com\/lv\/wp-json\/wp\/v2\/comments?post=286374"}],"version-history":[{"count":0,"href":"https:\/\/www.europesays.com\/lv\/wp-json\/wp\/v2\/posts\/286374\/revisions"}],"wp:featuredmedia":[{"embeddable":true,"href":"https:\/\/www.europesays.com\/lv\/wp-json\/wp\/v2\/media\/286375"}],"wp:attachment":[{"href":"https:\/\/www.europesays.com\/lv\/wp-json\/wp\/v2\/media?parent=286374"}],"wp:term":[{"taxonomy":"category","embeddable":true,"href":"https:\/\/www.europesays.com\/lv\/wp-json\/wp\/v2\/categories?post=286374"},{"taxonomy":"post_tag","embeddable":true,"href":"https:\/\/www.europesays.com\/lv\/wp-json\/wp\/v2\/tags?post=286374"}],"curies":[{"name":"wp","href":"https:\/\/api.w.org\/{rel}","templated":true}]}}