{"id":286388,"date":"2026-09-05T11:22:13","date_gmt":"2026-09-05T11:22:13","guid":{"rendered":"https:\/\/www.europesays.com\/lv\/286388\/"},"modified":"2026-09-05T11:22:13","modified_gmt":"2026-09-05T11:22:13","slug":"zelenskis-komente-krievijas-triecienu-divam-lidostam-kijivas-apgabala","status":"publish","type":"post","link":"https:\/\/www.europesays.com\/lv\/286388\/","title":{"rendered":"Zelenskis koment\u0113 Krievijas triecienu div\u0101m lidost\u0101m Kijivas apgabal\u0101"},"content":{"rendered":"<p>&#8220;Nakt\u012b notika ar\u012b demonstrat\u012bvi Krievijas uzbrukumi m\u016bsu lidost\u0101m &#8211; Kijiv\u0101 un Borispi\u013c\u0101. Pirmo reizi p\u0113c ilga laika tie bija m\u0113r\u0137tiec\u012bgi. Ac\u012bmredzot \u0161ie Krievijas uzbrukumi lidost\u0101m ir reakcija uz diskusij\u0101m un gatavo\u0161anos iesp\u0113jai, ka ASV puse var\u0113tu izmantot lidma\u0161\u012bnu, lai dotos uz Ukrainu,&#8221; platform\u0101 &#8220;X&#8221; pazi\u0146oja Zelenskis.<\/p>\n<blockquote class=\"twitter-tweet\">\n<p lang=\"en\" dir=\"ltr\">Last night, the Russians struck a civilian enterprise in Kamianske, in the Dnipro region, killing four people and injuring five others. My condolences to their families and loved ones. Ordinary residential buildings were damaged in many regions \u2013 in Kherson, Boryspil, and the\u2026 <a href=\"https:\/\/t.co\/e9W8OvFA2Q\" rel=\"nofollow\">pic.twitter.com\/e9W8OvFA2Q<\/a><\/p>\n<p>\u2014 Volodymyr Zelenskyy \/ \u0412\u043e\u043b\u043e\u0434\u0438\u043c\u0438\u0440 \u0417\u0435\u043b\u0435\u043d\u0441\u044c\u043a\u0438\u0439 (@ZelenskyyUa) <a href=\"https:\/\/x.com\/ZelenskyyUa\/status\/2096159258320454039?ref_src=twsrc%5Etfw\" rel=\"nofollow\">September 5, 2026<\/a><\/p><\/blockquote>\n<p>Prezidents nor\u0101d\u012bja, ka <a href=\"https:\/\/www.tvnet.lv\/term\/8497\/ukraina\" class=\"topicLink\" target=\"_blank\" rel=\"nofollow noopener\">Ukraina<\/a>, rea\u0123\u0113jot uz \u0161iem triecieniem, n\u0101kamned\u0113\u013c piel\u0101gos savas oper\u0101cijas attiec\u012bb\u0101 uz Krievijas gaisa telpu un atg\u0101din\u0101ja, ka t\u0101 k\u013cuvusi b\u012bstama dronu un ra\u0137e\u0161u kl\u0101tb\u016btnes d\u0113\u013c. &#8220;Protams, no m\u016bsu puses nav un neb\u016bs nek\u0101du draudu diplom\u0101tijai,&#8221; vi\u0146\u0161 piebilda.<\/p>\n<p>Ukraina ir ieinteres\u0113ta miera pan\u0101k\u0161an\u0101, bet Krievijai b\u016bs j\u0101atbild par savu r\u012bc\u012bbu, uzsv\u0113ra prezidents.<\/p>\n<p>Jau zi\u0146ots, ka Trampa s\u016bt\u0146i St\u012bvs Vitkofs un D\u017eareds Ku\u0161ners gatavojas ned\u0113\u013cas nogal\u0113 apmekl\u0113t Maskavu un Kijivu. Piektdien Zelenskis pazi\u0146oja, ka ASV diplom\u0101ti gatavojas vispirms apmekl\u0113t Maskavu un p\u0113c tam Kijivu, kur tiek gaid\u012bti sv\u0113tdien.<\/p>\n<p>Trampa \u012bpa\u0161ie s\u016bt\u0146i Vitkofs un prezidenta znots Ku\u0161ners ir vair\u0101kk\u0101rt apmekl\u0113ju\u0161i Maskavu, bet v\u0113l ne reizes nav biju\u0161i Kijiv\u0101.<\/p>\n<p><script async src=\"https:\/\/platform.twitter.com\/widgets.js\" charset=\"utf-8\"><\/script><\/p>\n","protected":false},"excerpt":{"rendered":"&#8220;Nakt\u012b notika ar\u012b demonstrat\u012bvi Krievijas uzbrukumi m\u016bsu lidost\u0101m &#8211; Kijiv\u0101 un Borispi\u013c\u0101. Pirmo reizi p\u0113c ilga laika tie&hellip;\n","protected":false},"author":2,"featured_media":286389,"comment_status":"","ping_status":"","sticky":false,"template":"","format":"standard","meta":{"footnotes":"","_share_on_mastodon":"0"},"categories":[5],"tags":[23,28,29,32,33,22,234,74,30,31,35,39,38,36,37,34,40,20,26,27,24,25,276,21],"class_list":["post-286388","post","type-post","status-publish","format-standard","has-post-thumbnail","category-aktualitates","tag-aktualitates","tag-breaking-news","tag-breakingnews","tag-featured-news","tag-featurednews","tag-headlines","tag-krievija","tag-krievijas-iebrukums-ukraina","tag-latest-news","tag-latestnews","tag-latvia","tag-latvian","tag-latviesu","tag-latviesu-valoda","tag-latviesuvaloda","tag-latvija","tag-lv","tag-news","tag-popularakas-zinas","tag-popularakaszinas","tag-top-stories","tag-topstories","tag-ukraina","tag-zinas"],"share_on_mastodon":{"url":"https:\/\/pubeurope.com\/@lv\/117218177335046739","error":""},"_links":{"self":[{"href":"https:\/\/www.europesays.com\/lv\/wp-json\/wp\/v2\/posts\/286388","targetHints":{"allow":["GET"]}}],"collection":[{"href":"https:\/\/www.europesays.com\/lv\/wp-json\/wp\/v2\/posts"}],"about":[{"href":"https:\/\/www.europesays.com\/lv\/wp-json\/wp\/v2\/types\/post"}],"author":[{"embeddable":true,"href":"https:\/\/www.europesays.com\/lv\/wp-json\/wp\/v2\/users\/2"}],"replies":[{"embeddable":true,"href":"https:\/\/www.europesays.com\/lv\/wp-json\/wp\/v2\/comments?post=286388"}],"version-history":[{"count":0,"href":"https:\/\/www.europesays.com\/lv\/wp-json\/wp\/v2\/posts\/286388\/revisions"}],"wp:featuredmedia":[{"embeddable":true,"href":"https:\/\/www.europesays.com\/lv\/wp-json\/wp\/v2\/media\/286389"}],"wp:attachment":[{"href":"https:\/\/www.europesays.com\/lv\/wp-json\/wp\/v2\/media?parent=286388"}],"wp:term":[{"taxonomy":"category","embeddable":true,"href":"https:\/\/www.europesays.com\/lv\/wp-json\/wp\/v2\/categories?post=286388"},{"taxonomy":"post_tag","embeddable":true,"href":"https:\/\/www.europesays.com\/lv\/wp-json\/wp\/v2\/tags?post=286388"}],"curies":[{"name":"wp","href":"https:\/\/api.w.org\/{rel}","templated":true}]}}