{"id":286422,"date":"2026-09-05T13:12:24","date_gmt":"2026-09-05T13:12:24","guid":{"rendered":"https:\/\/www.europesays.com\/lv\/286422\/"},"modified":"2026-09-05T13:12:24","modified_gmt":"2026-09-05T13:12:24","slug":"video-tik-garam-cik-vien-garam-var-but-muzikis-ainars-mielavs-ar-savu-atbildi-tv-raidijuma-sanikno-tautu","status":"publish","type":"post","link":"https:\/\/www.europesays.com\/lv\/286422\/","title":{"rendered":"VIDEO. \u201cTik gar\u0101m, cik vien gar\u0101m var b\u016bt!\u201d M\u016bzi\u0137is Ainars Mielavs ar savu atbildi TV raid\u012bjum\u0101 sanikno tautu"},"content":{"rendered":"<p>\t\t<img loading=\"lazy\" decoding=\"async\" class=\"lazy lazy-hidden size-full wp-image-152787\" src=\"data:image\/gif;base64,R0lGODlhAQABAIAAAAAAAP\/\/\/yH5BAEAAAAALAAAAAABAAEAAAIBRAA7\" data-lazy-type=\"image\" data-lazy-src=\"https:\/\/www.europesays.com\/lv\/wp-content\/uploads\/2026\/09\/mielavs3.jpg\" alt=\"\" width=\"818\" height=\"499\" data-lazy- data-lazy-\/>Foto \u2013 ekr\u0101nuz\u0146\u0113mums<\/p>\n<p>Politisko deba\u0161u raid\u012bjums \u201cPartija fokus\u0101: m\u0113s main\u0101m noteikumus\u201d pirms Saeimas v\u0113l\u0113\u0161an\u0101m aicina studij\u0101 kandid\u0101tus, lai vi\u0146i atbild\u0113tu uz da\u017e\u0101diem jaut\u0101jumiem. M\u016bzi\u0137is Ainars Mielavs \u0161ogad kandid\u0113 \u2013 MMN Latgales kandid\u0101ts Nr. 1. \u017durn\u0101lists vi\u0146am studij\u0101 uzdeva tikai vienu jaut\u0101jumu, un Mielava atbilde uz to izrais\u012bja \u013coti karstas diskusijas soci\u0101lajos t\u012bklos. <\/p>\n<p>\u017durn\u0101lists Mielavam vaic\u0101: \u201cK\u0101p\u0113c cilv\u0113kiem vajadz\u0113tu uztic\u0113t jums savu balsi?\u201d. Uz to Mielavs atbild\u0113ja t\u0113laini: \u201cT\u0101p\u0113c, ka es esmu tas puisis, kur\u0161 ir sacer\u0113jis dziesmu \u201cTu savi\u013c\u0146oji mani\u201d. P\u0113c m\u0101kslinieka darbiem var spriest par to, k\u0101ds vi\u0146\u0161 ir cilv\u0113ks. Un, ja jau es, b\u016bdams, citas profesijas p\u0101rst\u0101vis, esmu non\u0101cis \u0161\u0101d\u0101 komp\u0101nij\u0101 un kandid\u0113ju Saeimas v\u0113l\u0113\u0161an\u0101s, t\u0101tad, tas noz\u012bm\u0113, ka man nav vienaldz\u012bga mana dzimtene un manas valsts liktenis. J\u0101, un ar to vajadz\u0113tu pieteikt, manupr\u0101t.\u201d<\/p>\n<p>\u0160\u0101da m\u016bzi\u0137a atbilde pie raid\u012bjuma ieraksta soci\u0101lajos t\u012bklos izrais\u012bja \u013coti karstas diskusijas, kur cilv\u0113ki nekautr\u0113j\u0101s paust savu tie\u0161o viedokli par \u0161\u0101du kandid\u0101tu.<\/p>\n<p><img loading=\"lazy\" decoding=\"async\" class=\"lazy lazy-hidden size-full wp-image-152786\" src=\"data:image\/gif;base64,R0lGODlhAQABAIAAAAAAAP\/\/\/yH5BAEAAAAALAAAAAABAAEAAAIBRAA7\" data-lazy-type=\"image\" data-lazy-src=\"https:\/\/www.europesays.com\/lv\/wp-content\/uploads\/2026\/09\/mileavs.jpg\" alt=\"\" width=\"801\" height=\"583\" data-lazy- data-lazy-\/>Foto \u2013 ekr\u0101nuz\u0146\u0113mums<\/p>\n<p>Nedr\u012bkst aizmirst par to, ka Mielavs veselas divas reizes uzst\u0101j\u0101s okupantu sv\u0113tkos, un atkl\u0101ti latvie\u0161us nosauca par idiotiem, kuri neko nesaprot\u2026 Ainar, internets neko neaizmirst!<\/p>\n<p>Nu tas ir piln\u012bgi gar\u0101m\u2026 Ar t\u0101du argument\u0101ciju? T\u0101p\u0113c, ka uzrakst\u012bjis k\u0101dreiz visai popul\u0101ru dziesmu?!?<\/p>\n<p>Un t\u0101ds gatavojas p\u0101rst\u0101v\u0113t m\u016bs Saeim\u0101! \u0100rpr\u0101ts\u2026<\/p>\n<p>Nu, vai nav piln\u012bgs stulbums?!<\/p>\n<p>Tad dziedi! Ko lien politik\u0101? Noteikti tikai d\u0113\u013c naudas!<\/p>\n<p>Tu esi tas puisis, kam naudi\u0146a s\u0101k aptr\u016bkties.<\/p>\n<p>Piln\u012bgi gar\u0101m, puisi m\u0101ksliniek. Tot\u0101la izg\u0101\u0161an\u0101s k\u0101 topo\u0161ajam deput\u0101tam un politi\u0137im.<\/p>\n<p>Labs dzied\u0101t\u0101js, bet \u010dalim sak\u0101pis galv\u0101, laikam naudu sagrib\u0113j\u0101s, neskatoties uz to, ka politik\u0101 ir piln\u012bgs prof\u0101ns, t\u0101dam nav vietas politik\u0101.<\/p>\n<p>Tik gar\u0101m, cik vien gar\u0101m var b\u016bt! \u0160is cilv\u0113ks k\u0101 topo\u0161ais politi\u0137is un v\u0113l nr.1 Latgal\u0113! Nesaprotu, ko p\u0101r\u0113jie partijas biedri dom\u0101ja\u2026<\/p>\n<p>Tra\u0123ikomisks nelga! Izcili ilustr\u0113 \u0161\u012bs partijas kompetences un valsts perspekt\u012bvu, ja \u0161it\u0101di non\u0101ktu pie teik\u0161anas<\/p>\n<p>Skaties video:<br \/><img decoding=\"async\" src=\"data:image\/gif;base64,R0lGODlhAQABAIAAAAAAAP\/\/\/yH5BAEAAAAALAAAAAABAAEAAAIBRAA7\" class=\"lazy lazy-hidden\" data-lazy-type=\"iframe\" data-lazy-src=\"&lt;iframe style=&quot;border: none; overflow: hidden;&quot; src=&quot;https:\/\/www.facebook.com\/plugins\/video.php?height=476&amp;href=https%3A%2F%2Fwww.facebook.com%2Freel%2F1593148205795619%2F&amp;show_text=false&amp;width=267&amp;t=0&quot; width=&quot;267&quot; height=&quot;476&quot; frameborder=&quot;0&quot; scrolling=&quot;no&quot; allowfullscreen=&quot;allowfullscreen&quot;&gt;&lt;\/iframe&gt;\" alt=\"\"\/><\/p>\n<p><a href=\"https:\/\/dzentlmenis.lv\/arala-juras-noslepumi-stasts-par-tas-pazusanu-kapec-to-sauca-par-nepareizu-un-kas-tika-atrasts-tas-dibena\/305167\/\" rel=\"nofollow noopener\" target=\"_blank\"><img class=\"lazy lazy-hidden\" decoding=\"async\" src=\"data:image\/gif;base64,R0lGODlhAQABAIAAAAAAAP\/\/\/yH5BAEAAAAALAAAAAABAAEAAAIBRAA7\" data-lazy-type=\"image\" data-lazy-src=\"https:\/\/www.europesays.com\/lv\/wp-content\/uploads\/2026\/09\/Ekranuznemums-2026-09-05-094639.jpg\" data-lazy- alt=\"Ar\u0101la j\u016bras nosl\u0113pumi: st\u0101sts par t\u0101s pazu\u0161anu, k\u0101p\u0113c to sauca par \u201cnepareizu\u201d un kas tika atrasts t\u0101s dzelm\u0113\"\/><\/a>Citi lasa<a class=\"monsterinsights-inline-popular-posts-title\" href=\"https:\/\/dzentlmenis.lv\/arala-juras-noslepumi-stasts-par-tas-pazusanu-kapec-to-sauca-par-nepareizu-un-kas-tika-atrasts-tas-dibena\/305167\/\" rel=\"nofollow noopener\" target=\"_blank\">Ar\u0101la j\u016bras nosl\u0113pumi: st\u0101sts par t\u0101s pazu\u0161anu, k\u0101p\u0113c to sauca par \u201cnepareizu\u201d un kas tika atrasts t\u0101s dzelm\u0113<\/a><\/p>\n<p>Ainara Mielava dziesma \u201cTu savi\u013c\u0146oji mani\u201d, video:<br \/><img decoding=\"async\" src=\"data:image\/gif;base64,R0lGODlhAQABAIAAAAAAAP\/\/\/yH5BAEAAAAALAAAAAABAAEAAAIBRAA7\" class=\"lazy lazy-hidden\" data-lazy-type=\"iframe\" data-lazy-src=\"&lt;iframe loading=&quot;lazy&quot; title=&quot;YouTube video player&quot; src=&quot;https:\/\/www.youtube.com\/embed\/LDTcNa3yivs?si=RuL4IMBGiVvnIGG4&quot; width=&quot;560&quot; height=&quot;315&quot; frameborder=&quot;0&quot; allowfullscreen=&quot;allowfullscreen&quot;&gt;&lt;\/iframe&gt;\" alt=\"\"\/><\/p>\n","protected":false},"excerpt":{"rendered":"Foto \u2013 ekr\u0101nuz\u0146\u0113mums Politisko deba\u0161u raid\u012bjums \u201cPartija fokus\u0101: m\u0113s main\u0101m noteikumus\u201d pirms Saeimas v\u0113l\u0113\u0161an\u0101m aicina studij\u0101 kandid\u0101tus, lai&hellip;\n","protected":false},"author":2,"featured_media":286423,"comment_status":"","ping_status":"","sticky":false,"template":"","format":"standard","meta":{"footnotes":"","_share_on_mastodon":"0"},"categories":[19],"tags":[9392,89,90,35,39,38,36,37,34,40,3923,17164],"class_list":["post-286422","post","type-post","status-publish","format-standard","has-post-thumbnail","category-izklaide","tag-ainars-mielavs","tag-entertainment","tag-izklaide","tag-latvia","tag-latvian","tag-latviesu","tag-latviesu-valoda","tag-latviesuvaloda","tag-latvija","tag-lv","tag-politika","tag-tv-raidijums"],"share_on_mastodon":{"url":"https:\/\/pubeurope.com\/@lv\/117218609851603957","error":""},"_links":{"self":[{"href":"https:\/\/www.europesays.com\/lv\/wp-json\/wp\/v2\/posts\/286422","targetHints":{"allow":["GET"]}}],"collection":[{"href":"https:\/\/www.europesays.com\/lv\/wp-json\/wp\/v2\/posts"}],"about":[{"href":"https:\/\/www.europesays.com\/lv\/wp-json\/wp\/v2\/types\/post"}],"author":[{"embeddable":true,"href":"https:\/\/www.europesays.com\/lv\/wp-json\/wp\/v2\/users\/2"}],"replies":[{"embeddable":true,"href":"https:\/\/www.europesays.com\/lv\/wp-json\/wp\/v2\/comments?post=286422"}],"version-history":[{"count":0,"href":"https:\/\/www.europesays.com\/lv\/wp-json\/wp\/v2\/posts\/286422\/revisions"}],"wp:featuredmedia":[{"embeddable":true,"href":"https:\/\/www.europesays.com\/lv\/wp-json\/wp\/v2\/media\/286423"}],"wp:attachment":[{"href":"https:\/\/www.europesays.com\/lv\/wp-json\/wp\/v2\/media?parent=286422"}],"wp:term":[{"taxonomy":"category","embeddable":true,"href":"https:\/\/www.europesays.com\/lv\/wp-json\/wp\/v2\/categories?post=286422"},{"taxonomy":"post_tag","embeddable":true,"href":"https:\/\/www.europesays.com\/lv\/wp-json\/wp\/v2\/tags?post=286422"}],"curies":[{"name":"wp","href":"https:\/\/api.w.org\/{rel}","templated":true}]}}