{"id":286472,"date":"2026-09-05T14:45:15","date_gmt":"2026-09-05T14:45:15","guid":{"rendered":"https:\/\/www.europesays.com\/lv\/286472\/"},"modified":"2026-09-05T14:45:15","modified_gmt":"2026-09-05T14:45:15","slug":"lielbritanija-protestetaji-islaicigi-bloke-piekluvi-duvras-ostai","status":"publish","type":"post","link":"https:\/\/www.europesays.com\/lv\/286472\/","title":{"rendered":"Lielbrit\u0101nij\u0101 protest\u0113t\u0101ji \u012bslaic\u012bgi blo\u0137\u0113 piek\u013cuvi Duvras ostai"},"content":{"rendered":"<p>Protestu d\u0113\u013c \u0161or\u012bt uz laiku tika aptur\u0113ta pr\u0101mju satiksme starp Franciju un Lielbrit\u0101niju, bet ap pusdienlaiku satiksme tika atjaunota, pazi\u0146oja Duvras osta.<\/p>\n<p>Protest\u0113t\u0101ji s\u0101kotn\u0113ji noblo\u0137\u0113ja visus ce\u013cus, kas ved uz ostas pr\u0101mju termin\u0101li. Soci\u0101lajos t\u012bklos public\u0113tajos video redzami desmitiem meln\u0101s dr\u0113b\u0113s t\u0113rptu cilv\u0113ku ar aizkl\u0101t\u0101m sej\u0101m, kuri aiz\u0161\u0137\u0113rso ce\u013cus uz ostu.<\/p>\n<p>Nacion\u0101l\u0101 autoce\u013cu a\u0123ent\u016bra zi\u0146oja, ka protestu d\u0113\u013c uz viena no ce\u013ciem izveidoj\u0101s 6,4 kilometrus gar\u0161 sastr\u0113gums, kas izrais\u012bja satiksmes kav\u0113\u0161anos l\u012bdz pat 45 min\u016bt\u0113m.<\/p>\n<p>Duvr\u0101 ar\u012b iepriek\u0161 notiku\u0161i <a href=\"https:\/\/www.apollo.lv\/term\/576593\/protesti\" class=\"topicLink\" target=\"_blank\" rel=\"nofollow noopener\">protesti<\/a> pret neleg\u0101lajiem imigrantiem, kas maz\u0101s laiv\u0101s \u0161\u0137\u0113rso Laman\u0161u no Francijas uz Lielbrit\u0101niju.<\/p>\n","protected":false},"excerpt":{"rendered":"Protestu d\u0113\u013c \u0161or\u012bt uz laiku tika aptur\u0113ta pr\u0101mju satiksme starp Franciju un Lielbrit\u0101niju, bet ap pusdienlaiku satiksme tika&hellip;\n","protected":false},"author":2,"featured_media":286473,"comment_status":"","ping_status":"","sticky":false,"template":"","format":"standard","meta":{"footnotes":"","_share_on_mastodon":"0"},"categories":[14],"tags":[23,57,28,29,32,33,22,39113,42489,30,31,35,39,38,36,37,34,487,40,6536,30608,20,26,27,4204,24,25,54,55,56,21,58],"class_list":["post-286472","post","type-post","status-publish","format-standard","has-post-thumbnail","category-zinas-no-arvalstim","tag-aktualitates","tag-arvalstim","tag-breaking-news","tag-breakingnews","tag-featured-news","tag-featurednews","tag-headlines","tag-lamansa","tag-lamansa-tunelis","tag-latest-news","tag-latestnews","tag-latvia","tag-latvian","tag-latviesu","tag-latviesu-valoda","tag-latviesuvaloda","tag-latvija","tag-lielbritanija","tag-lv","tag-migranti","tag-nelegalie-migranti","tag-news","tag-popularakas-zinas","tag-popularakaszinas","tag-protesti","tag-top-stories","tag-topstories","tag-world","tag-world-news","tag-worldnews","tag-zinas","tag-zinas-no-arvalstim"],"share_on_mastodon":{"url":"https:\/\/pubeurope.com\/@lv\/117218975858075239","error":""},"_links":{"self":[{"href":"https:\/\/www.europesays.com\/lv\/wp-json\/wp\/v2\/posts\/286472","targetHints":{"allow":["GET"]}}],"collection":[{"href":"https:\/\/www.europesays.com\/lv\/wp-json\/wp\/v2\/posts"}],"about":[{"href":"https:\/\/www.europesays.com\/lv\/wp-json\/wp\/v2\/types\/post"}],"author":[{"embeddable":true,"href":"https:\/\/www.europesays.com\/lv\/wp-json\/wp\/v2\/users\/2"}],"replies":[{"embeddable":true,"href":"https:\/\/www.europesays.com\/lv\/wp-json\/wp\/v2\/comments?post=286472"}],"version-history":[{"count":0,"href":"https:\/\/www.europesays.com\/lv\/wp-json\/wp\/v2\/posts\/286472\/revisions"}],"wp:featuredmedia":[{"embeddable":true,"href":"https:\/\/www.europesays.com\/lv\/wp-json\/wp\/v2\/media\/286473"}],"wp:attachment":[{"href":"https:\/\/www.europesays.com\/lv\/wp-json\/wp\/v2\/media?parent=286472"}],"wp:term":[{"taxonomy":"category","embeddable":true,"href":"https:\/\/www.europesays.com\/lv\/wp-json\/wp\/v2\/categories?post=286472"},{"taxonomy":"post_tag","embeddable":true,"href":"https:\/\/www.europesays.com\/lv\/wp-json\/wp\/v2\/tags?post=286472"}],"curies":[{"name":"wp","href":"https:\/\/api.w.org\/{rel}","templated":true}]}}