{"id":286504,"date":"2026-09-05T16:03:09","date_gmt":"2026-09-05T16:03:09","guid":{"rendered":"https:\/\/www.europesays.com\/lv\/286504\/"},"modified":"2026-09-05T16:03:09","modified_gmt":"2026-09-05T16:03:09","slug":"ukrainu-dronu-komandieris-magars-kijiva-nekad-netiks-ienemta-tris-dienas-bet-par-baltiju-neesmu-dross","status":"publish","type":"post","link":"https:\/\/www.europesays.com\/lv\/286504\/","title":{"rendered":"Ukrai\u0146u dronu komandieris Ma\u0123ars: Kijiva nekad netiks ie\u0146emta tr\u012bs dien\u0101s, bet par Baltiju neesmu dro\u0161s"},"content":{"rendered":"<p>Medijs v\u0113sta, ka Brovdi ie\u0146em augstu vietu taj\u0101 Ukrainas komandieru sarakst\u0101, kurus v\u0113l\u0113tos likvid\u0113t Kremlis, jo tie\u0161i vi\u0146\u0161 ir &#8220;autors&#8221; Ukrainas dronu triecieniem Krievijas aizmugur\u0113, k\u0101 ar\u012b vi\u0146a vad\u012bb\u0101 \u012bstenoti triecieni, kas aptur\u0113ju\u0161i krievu virz\u012bbu front\u0113.<\/p>\n<p>Faktiski Ma\u0123ars, kur\u0161 \u012bstenoja b\u016btiskas p\u0101rmai\u0146as kar\u0101, to p\u0101rnesot uz Krievijas teritoriju ar bezpilota lidapar\u0101tu pal\u012bdz\u012bbu, br\u012bdin\u0101ja nenov\u0113rt\u0113t pretinieku par zemu.<\/p>\n<p>&#8220;Kijiva tr\u012bs dien\u0101s neb\u016bs nekad. Bet vai neb\u016bs Baltija tr\u012bs dien\u0101s &#8211; par to neesmu l\u012bdz galam dro\u0161s,&#8221; teica Ma\u0123ars.<\/p>\n<p>Vi\u0146\u0161 savus izteikumus skaidroja ar to, ka NATO pagaid\u0101m nav gatava m\u016bsdien\u012bgam karam ar droniem un tehnolo\u0123ij\u0101m. Savuk\u0101rt Krievija bez apst\u0101jas audz\u0113 savu dronu, ra\u0137e\u0161u un pretgaisa aizsardz\u012bbas sist\u0113mu ra\u017eo\u0161anu.<\/p>\n<p>Brovdi prognoz\u0113, ka tuv\u0101k\u0101 pusgada laik\u0101 krievi cent\u012bsies palielin\u0101t ra\u0137e\u0161u triecienu skaitu pret Ukrainu. Vi\u0146\u0161 ar\u012b nosauca krievu galveno m\u0113r\u0137i &#8211; izn\u012bcin\u0101t Ukrainas infrastrukt\u016bru un padar\u012bt teju neiesp\u0113jamu dz\u012bvi Ukrainas pils\u0113t\u0101s.<\/p>\n<p>Iepriek\u0161 intervij\u0101 igau\u0146u laikrakstam &#8220;Postimees&#8221; Ma\u0123ars nor\u0101d\u012bja, ka Baltijas valstis joproj\u0101m nepareizi nov\u0113rt\u0113 Krievijas rad\u012btos milit\u0101ros draudus un nepietiekami tiem gatavojas.<\/p>\n<p>Ma\u0123ars pied\u0101v\u0101ja Igaunijai, Latvijai un Lietuvai savu r\u012bc\u012bbas pl\u0101nu, k\u0101 ar dronu pal\u012bdz\u012bbu \u0101tri izveidot sp\u0113c\u012bgu aizsardz\u012bbu pret iesp\u0113jamu Krievijas uzbrukumu. Vi\u0146a ieteikumu pamats ir &#8220;n\u0101ves zonas&#8221; izveide pie Krievijas robe\u017eas ar dronu pal\u012bdz\u012bbu. Tai j\u0101b\u016bt t\u0101dai, lai, t\u0113laini run\u0101jot, pat pele cauri neizspruktu.<\/p>\n","protected":false},"excerpt":{"rendered":"Medijs v\u0113sta, ka Brovdi ie\u0146em augstu vietu taj\u0101 Ukrainas komandieru sarakst\u0101, kurus v\u0113l\u0113tos likvid\u0113t Kremlis, jo tie\u0161i vi\u0146\u0161&hellip;\n","protected":false},"author":2,"featured_media":286505,"comment_status":"","ping_status":"","sticky":false,"template":"","format":"standard","meta":{"footnotes":"","_share_on_mastodon":"0"},"categories":[14],"tags":[23,57,28,29,32,33,22,74,30,31,35,39,38,36,37,34,40,20,26,27,24,25,276,54,55,56,21,58],"class_list":["post-286504","post","type-post","status-publish","format-standard","has-post-thumbnail","category-zinas-no-arvalstim","tag-aktualitates","tag-arvalstim","tag-breaking-news","tag-breakingnews","tag-featured-news","tag-featurednews","tag-headlines","tag-krievijas-iebrukums-ukraina","tag-latest-news","tag-latestnews","tag-latvia","tag-latvian","tag-latviesu","tag-latviesu-valoda","tag-latviesuvaloda","tag-latvija","tag-lv","tag-news","tag-popularakas-zinas","tag-popularakaszinas","tag-top-stories","tag-topstories","tag-ukraina","tag-world","tag-world-news","tag-worldnews","tag-zinas","tag-zinas-no-arvalstim"],"share_on_mastodon":{"url":"https:\/\/pubeurope.com\/@lv\/117219282512456621","error":""},"_links":{"self":[{"href":"https:\/\/www.europesays.com\/lv\/wp-json\/wp\/v2\/posts\/286504","targetHints":{"allow":["GET"]}}],"collection":[{"href":"https:\/\/www.europesays.com\/lv\/wp-json\/wp\/v2\/posts"}],"about":[{"href":"https:\/\/www.europesays.com\/lv\/wp-json\/wp\/v2\/types\/post"}],"author":[{"embeddable":true,"href":"https:\/\/www.europesays.com\/lv\/wp-json\/wp\/v2\/users\/2"}],"replies":[{"embeddable":true,"href":"https:\/\/www.europesays.com\/lv\/wp-json\/wp\/v2\/comments?post=286504"}],"version-history":[{"count":0,"href":"https:\/\/www.europesays.com\/lv\/wp-json\/wp\/v2\/posts\/286504\/revisions"}],"wp:featuredmedia":[{"embeddable":true,"href":"https:\/\/www.europesays.com\/lv\/wp-json\/wp\/v2\/media\/286505"}],"wp:attachment":[{"href":"https:\/\/www.europesays.com\/lv\/wp-json\/wp\/v2\/media?parent=286504"}],"wp:term":[{"taxonomy":"category","embeddable":true,"href":"https:\/\/www.europesays.com\/lv\/wp-json\/wp\/v2\/categories?post=286504"},{"taxonomy":"post_tag","embeddable":true,"href":"https:\/\/www.europesays.com\/lv\/wp-json\/wp\/v2\/tags?post=286504"}],"curies":[{"name":"wp","href":"https:\/\/api.w.org\/{rel}","templated":true}]}}