{"id":286520,"date":"2026-09-05T16:33:10","date_gmt":"2026-09-05T16:33:10","guid":{"rendered":"https:\/\/www.europesays.com\/lv\/286520\/"},"modified":"2026-09-05T16:33:10","modified_gmt":"2026-09-05T16:33:10","slug":"audience-pie-pavesta-ierodas-kontemplativa-ordena-masas","status":"publish","type":"post","link":"https:\/\/www.europesays.com\/lv\/286520\/","title":{"rendered":"Audienc\u0113 pie p\u0101vesta ierodas kontemplat\u012bv\u0101 orde\u0146a m\u0101sas"},"content":{"rendered":"<p>Sestdien, 5. septembr\u012b, p\u0101vests pie\u0146\u0113ma audienc\u0113 Vissv\u0113t\u0101k\u0101 Sakramenta nemit\u012bg\u0101s ador\u0101cijas m\u0101sas, kuras \u0161aj\u0101s dien\u0101s veic sv\u0113tce\u013cojumu pa Romas un It\u0101lijas sv\u0113tviet\u0101m. M\u0101sas seko august\u012bnie\u0161u Regulai un pieder kontemplat\u012bv\u0101s dz\u012bves ordenim, kur\u0161 dibin\u0101ts 1807. gad\u0101. \u0160odien tas ir p\u0101rst\u0101v\u0113ts vair\u0101k\u0101s pasaules valst\u012bs, liel\u0101koties Meksik\u0101. K\u0101 v\u0113st\u012b reli\u0123isk\u0101 instit\u016bta nosaukums, m\u0101sas bez p\u0101rtraukuma \u2013 dienu un nakti, piel\u016bdz Vissv\u0113t\u0101ko Sakramentu.<\/p>\n<p>Inese \u0160teinerte &#8211; Vatik\u0101ns<\/p>\n<p>\u201cJ\u016bsu kl\u0101tb\u016btne ir gai\u0161a liec\u012bba par Dieva beznosac\u012bjumu m\u012blest\u012bbu, kur\u0161 sirdij liek mekl\u0113t un kontempl\u0113t Vi\u0146a vaigu,\u201d uzrun\u0101jot vie\u0161\u0146as, teica Leons XIV. Vi\u0146\u0161 paskaidroja, ka \u0161\u012b nemit\u012bg\u0101 Dieva vaiga mekl\u0113\u0161ana, kas \u012bpa\u0161\u0101 veid\u0101 raksturo monastisko dz\u012bvi, \u0161aj\u0101 paaicin\u0101jum\u0101 ieg\u016bst speci\u0101lu nokr\u0101su \u2013 t\u0101 ir dz\u012bve, kas piln\u012bb\u0101 velt\u012bta nemit\u012bgai un klusai Dieva, kur\u0161 tapa maize, ador\u0101cijai. Vi\u0146\u0161 aicina vienoties ar sevi alt\u0101ra upur\u012b, lai veidotu vienu miesu. K\u0101 ir paskaidrojis sv\u0113tais August\u012bns jaunajiem Bazn\u012bcas kristie\u0161iem, \u201cmaize un v\u012bns uz alt\u0101ra ir tic\u012bgo vienot\u012bbas Krist\u016b sakraments\u201d.<\/p>\n<p>Leons XIV aicin\u0101ja m\u0101sas, lai apliecinot savu specifisko harizmu, ko t\u0101s ir sa\u0146\u0113mu\u0161as no sava instit\u016bta dibin\u0101t\u0101jas, sv\u0113t\u012bg\u0101s Marijas Magdal\u0113nas no Iemieso\u0161an\u0101s, k\u013c\u016bst par kop\u012bbas aud\u0113j\u0101m ar diegiem, ko veido l\u016bg\u0161ana un darbs, Euharistisk\u0101 ador\u0101cija un br\u0101l\u012bga dal\u012b\u0161an\u0101s kloster\u012b.\u00a0 Lai \u0161is \u017e\u0113last\u012bbas laiks, ko vi\u0146as k\u0101 sv\u0113tce\u013cnieces izdz\u012bvo m\u016b\u017e\u012bgaj\u0101 pils\u0113t\u0101 un viet\u0101s, kur ir dzimis ordenis, t\u0101s atjauno un stiprina, lai vi\u0146as var turpin\u0101t pasaul\u0113 izstarot Kristus vaiga Sakrament\u0101 skaistumu. Lai sv\u0113t\u012bg\u0101s Marijas Magdal\u0113nas no Iemieso\u0161an\u0101s liec\u012bba pamudina dz\u012bvot savu konsakr\u0113to dz\u012bvi ar atjaunotu cer\u012bbu un tiek\u0161anos p\u0113c sv\u0113tuma, atceroties, ka uztic\u012bba senajai un vienm\u0113r jaunajai Eva\u0146\u0123\u0113lija gudr\u012bbai, ir vislab\u0101kais ce\u013c\u0161 t\u0101m, kuras Sv\u0113t\u0101 Gara vad\u012btas, sevi velta Dieva un tuv\u0101k\u0101 m\u012blest\u012bbai.<\/p>\n<p>P\u0101vests nov\u0113l\u0113ja m\u0101sas Gvadalupes Dievm\u0101tes aizbildniec\u012bbai, lai vi\u0146a t\u0101s sarg\u0101 ar savu debes\u012bgo apmetni.<\/p>\n","protected":false},"excerpt":{"rendered":"Sestdien, 5. septembr\u012b, p\u0101vests pie\u0146\u0113ma audienc\u0113 Vissv\u0113t\u0101k\u0101 Sakramenta nemit\u012bg\u0101s ador\u0101cijas m\u0101sas, kuras \u0161aj\u0101s dien\u0101s veic sv\u0113tce\u013cojumu pa Romas&hellip;\n","protected":false},"author":2,"featured_media":286521,"comment_status":"","ping_status":"","sticky":false,"template":"","format":"standard","meta":{"footnotes":"","_share_on_mastodon":"0"},"categories":[14],"tags":[23,57,28,29,32,33,22,30,31,35,39,38,36,37,34,40,20,26,27,24,25,54,55,56,21,58],"class_list":["post-286520","post","type-post","status-publish","format-standard","has-post-thumbnail","category-zinas-no-arvalstim","tag-aktualitates","tag-arvalstim","tag-breaking-news","tag-breakingnews","tag-featured-news","tag-featurednews","tag-headlines","tag-latest-news","tag-latestnews","tag-latvia","tag-latvian","tag-latviesu","tag-latviesu-valoda","tag-latviesuvaloda","tag-latvija","tag-lv","tag-news","tag-popularakas-zinas","tag-popularakaszinas","tag-top-stories","tag-topstories","tag-world","tag-world-news","tag-worldnews","tag-zinas","tag-zinas-no-arvalstim"],"share_on_mastodon":{"url":"https:\/\/pubeurope.com\/@lv\/117219400290609795","error":""},"_links":{"self":[{"href":"https:\/\/www.europesays.com\/lv\/wp-json\/wp\/v2\/posts\/286520","targetHints":{"allow":["GET"]}}],"collection":[{"href":"https:\/\/www.europesays.com\/lv\/wp-json\/wp\/v2\/posts"}],"about":[{"href":"https:\/\/www.europesays.com\/lv\/wp-json\/wp\/v2\/types\/post"}],"author":[{"embeddable":true,"href":"https:\/\/www.europesays.com\/lv\/wp-json\/wp\/v2\/users\/2"}],"replies":[{"embeddable":true,"href":"https:\/\/www.europesays.com\/lv\/wp-json\/wp\/v2\/comments?post=286520"}],"version-history":[{"count":0,"href":"https:\/\/www.europesays.com\/lv\/wp-json\/wp\/v2\/posts\/286520\/revisions"}],"wp:featuredmedia":[{"embeddable":true,"href":"https:\/\/www.europesays.com\/lv\/wp-json\/wp\/v2\/media\/286521"}],"wp:attachment":[{"href":"https:\/\/www.europesays.com\/lv\/wp-json\/wp\/v2\/media?parent=286520"}],"wp:term":[{"taxonomy":"category","embeddable":true,"href":"https:\/\/www.europesays.com\/lv\/wp-json\/wp\/v2\/categories?post=286520"},{"taxonomy":"post_tag","embeddable":true,"href":"https:\/\/www.europesays.com\/lv\/wp-json\/wp\/v2\/tags?post=286520"}],"curies":[{"name":"wp","href":"https:\/\/api.w.org\/{rel}","templated":true}]}}