{"id":286524,"date":"2026-09-05T16:42:11","date_gmt":"2026-09-05T16:42:11","guid":{"rendered":"https:\/\/www.europesays.com\/lv\/286524\/"},"modified":"2026-09-05T16:42:11","modified_gmt":"2026-09-05T16:42:11","slug":"zaudejis-vecakus-un-ziedojis-aktiera-karjeru-gimenei-legendara-tv-diktora-ulda-deisona-ista-dzive-santa","status":"publish","type":"post","link":"https:\/\/www.europesays.com\/lv\/286524\/","title":{"rendered":"Zaud\u0113jis vec\u0101kus un ziedojis aktiera karjeru \u0123imenei. Le\u0123end\u0101r\u0101 TV diktora Ulda Deisona \u012bst\u0101 dz\u012bve \u2014 Santa"},"content":{"rendered":"<p>Ce\u013ci, kas krustojas<\/p>\n<p>Septembris ir\u00a0Ulda Deisona dzim\u0161anas un n\u0101ves m\u0113nesis. 2. septembr\u012b vi\u0146\u0161 svin\u0113ja dzim\u0161anas dienu, bet 18. septembr\u012b Deisona\u00a0ce\u013c\u0161\u00a0uz \u0161\u012bs pasaules nosl\u0113dz\u0101s.\u00a0Andris B\u0113rzi\u0146\u0161, tolaik b\u016bdams Valsts prezidents,\u00a0savam skolot\u0101jam 80. jubilejas sveicienam velt\u012bja \u0161\u0101dus v\u0101rdus: \u00abTu esi viens no tiem izcilajiem pedagogiem, kas Siguldas 1.\u00a0vidusskol\u0101 gan man, gan daudziem citiem jaunie\u0161iem no laukiem ir devis stingrus pamatus un ce\u013camaizi visai turpm\u0101kajai dz\u012bvei.\u00bb Deisons patie\u0161\u0101m bijis izcils skolot\u0101js.\u00a0<\/p>\n<blockquote><p>&#13;<\/p>\n<p>Man nav ne t\u0113va, ne m\u0101tes kapa.<\/p>\n<p>&#13;\n<\/p><\/blockquote>\n<p>\u00abSiguldas vidusskol\u0101 s\u0101ku str\u0101d\u0101t 1953.\u00a0gada 1.\u00a0septembr\u012b,\u00bb \u017eurn\u0101lam IEVAS ST\u0100STI atkl\u0101ja Uldis. \u00abMan\u0101 pirmaj\u0101 audzin\u0101maj\u0101 klas\u0113 m\u0101c\u012bj\u0101s aktieris Juris Strenga, Visvaldis Meidrops, ar kuru v\u0113l\u0101k kop\u0101 str\u0101d\u0101ju Latvijas Telev\u012bzij\u0101, kur Visvaldis bija ska\u0146u re\u017eisoru korpusa vad\u012bt\u0101js. telev\u012bzij\u0101 satikos ar v\u0113l vienu savu skolnieku\u00a0\u2013 \u017eurn\u0101listu Ri\u0161ardu Labanovski. Vi\u0146\u0161 bija no jaun\u0101kaj\u0101m klas\u0113m. Andris B\u0113rzi\u0146\u0161 m\u0101c\u012bj\u0101s man\u0101 otraj\u0101 audzin\u0101maj\u0101 klas\u0113, kas skolu beidza 1962.\u00a0gad\u0101. T\u0101 bija \u013coti interesanta klase\u00a0\u2013 divdesmit pui\u0161i un septi\u0146as meitenes. Talant\u012bgi jaunie\u0161i, visi pui\u0161i n\u0101ca no laukiem. Katram bija k\u0101ds sapnis, ko klus\u012bb\u0101 cer\u0113ja piepild\u012bt. P\u0113teris Ozoli\u0146\u0161 grib\u0113ja k\u013c\u016bt par lidot\u0101ju, un tas ar\u012b notika. Tagad vi\u0146am pieder pa\u0161am sava lidma\u0161\u012bna. Daudzi taj\u0101 lidoju\u0161i. Ar\u012b Vaira V\u012b\u0137e-Freiberga. Andris noteikti nesap\u0146oja k\u013c\u016bt par prezidentu. K\u0101 jau lauku puika, vi\u0146\u0161 bija str\u0101d\u012bgs, labs sportists. Vi\u0146\u0161 un v\u0113l viens puisis\u00a0\u2013 Vilnis Pl\u016bme\u00a0\u2013 atn\u0101ca no N\u012btaures. (..)\u00a0\u00a0Taj\u0101 klas\u0113 m\u0101c\u012bj\u0101s ar\u012b J\u0101nis R\u0113ders, tagad\u0113j\u0101 telev\u012bzijas \u017eurn\u0101lista Gundara R\u0113dera t\u0113vs, bet es sav\u0101 laik\u0101 telev\u012bzij\u0101 str\u0101d\u0101ju kop\u0101 ar Vi\u013c\u0146a Pl\u016bmes dz\u012bvesbiedri Sarm\u012bti, talant\u012bgu telev\u012bzijas \u017eurn\u0101listi. Vi\u0146a ar Vilni bija skaists p\u0101ris.\u00bb<\/p>\n<p>Sarm\u012bte Pl\u016bme, atceroties savu k\u0101dreiz\u0113jo kol\u0113\u0123i Uldi Deisonu, teica: \u00abAr Uldi esmu saist\u012bta dubultsaikn\u0113m\u00a0\u2013 profesion\u0101l\u0101m un person\u012bg\u0101m. T\u0101s ir gana dzi\u013cas, ko\u0161as un notur\u012bgas. Mans senais kol\u0113\u0123is Latvijas Telev\u012bzij\u0101, tolaik vien\u012bgaj\u0101, ilgus gadus bija diktors\u00a0\u2013 skat\u012bt\u0101ju iem\u012b\u013cots un popul\u0101rs. Kole\u0123i\u0101ls, atv\u0113rts, iztur\u0113ts un nenoliedzami v\u012bri\u0161\u0137\u012bgs. V\u0113l arvien atceros vi\u0146a dzi\u013ci samtaino, neatk\u0101rtojamo balsi, kas \u0101rpus kadra nereti p\u0101rauga p\u0113rkondimdo\u0161os smieklos. Uldis bija spilgta \u0113tera un dz\u012bves person\u012bba. Kad, telev\u012bzijas gaite\u0146os satiekoties, vi\u0146\u0161 cie\u0161i sa\u0146\u0113ma manu roku,<\/p>\n","protected":false},"excerpt":{"rendered":"Ce\u013ci, kas krustojas Septembris ir\u00a0Ulda Deisona dzim\u0161anas un n\u0101ves m\u0113nesis. 2. septembr\u012b vi\u0146\u0161 svin\u0113ja dzim\u0161anas dienu, bet 18.&hellip;\n","protected":false},"author":2,"featured_media":286525,"comment_status":"","ping_status":"","sticky":false,"template":"","format":"standard","meta":{"footnotes":"","_share_on_mastodon":"0"},"categories":[19],"tags":[89,90,35,39,38,36,37,34,40],"class_list":["post-286524","post","type-post","status-publish","format-standard","has-post-thumbnail","category-izklaide","tag-entertainment","tag-izklaide","tag-latvia","tag-latvian","tag-latviesu","tag-latviesu-valoda","tag-latviesuvaloda","tag-latvija","tag-lv"],"share_on_mastodon":{"url":"https:\/\/pubeurope.com\/@lv\/117219435995856384","error":""},"_links":{"self":[{"href":"https:\/\/www.europesays.com\/lv\/wp-json\/wp\/v2\/posts\/286524","targetHints":{"allow":["GET"]}}],"collection":[{"href":"https:\/\/www.europesays.com\/lv\/wp-json\/wp\/v2\/posts"}],"about":[{"href":"https:\/\/www.europesays.com\/lv\/wp-json\/wp\/v2\/types\/post"}],"author":[{"embeddable":true,"href":"https:\/\/www.europesays.com\/lv\/wp-json\/wp\/v2\/users\/2"}],"replies":[{"embeddable":true,"href":"https:\/\/www.europesays.com\/lv\/wp-json\/wp\/v2\/comments?post=286524"}],"version-history":[{"count":0,"href":"https:\/\/www.europesays.com\/lv\/wp-json\/wp\/v2\/posts\/286524\/revisions"}],"wp:featuredmedia":[{"embeddable":true,"href":"https:\/\/www.europesays.com\/lv\/wp-json\/wp\/v2\/media\/286525"}],"wp:attachment":[{"href":"https:\/\/www.europesays.com\/lv\/wp-json\/wp\/v2\/media?parent=286524"}],"wp:term":[{"taxonomy":"category","embeddable":true,"href":"https:\/\/www.europesays.com\/lv\/wp-json\/wp\/v2\/categories?post=286524"},{"taxonomy":"post_tag","embeddable":true,"href":"https:\/\/www.europesays.com\/lv\/wp-json\/wp\/v2\/tags?post=286524"}],"curies":[{"name":"wp","href":"https:\/\/api.w.org\/{rel}","templated":true}]}}