{"id":28654,"date":"2025-10-23T01:07:48","date_gmt":"2025-10-23T01:07:48","guid":{"rendered":"https:\/\/www.europesays.com\/lv\/28654\/"},"modified":"2025-10-23T01:07:48","modified_gmt":"2025-10-23T01:07:48","slug":"esmu-atstats-viens-sava-cina-par-dzivibu-virietis-ar-retu-slimibu-ludz-palidzibu-valstij","status":"publish","type":"post","link":"https:\/\/www.europesays.com\/lv\/28654\/","title":{"rendered":"&#8220;Esmu atst\u0101ts viens sav\u0101 c\u012b\u0146\u0101 par dz\u012bv\u012bbu.&#8221; V\u012brietis ar retu slim\u012bbu l\u016bdz pal\u012bdz\u012bbu valstij"},"content":{"rendered":"<p>Aigara dz\u012bv\u012bbai ir cena \u2013 medikaments, ko valsts nav iek\u013c\u0101vusi Kompens\u0113jamo z\u0101\u013cu sarakst\u0101, jo tam neesot naudas. Vi\u0146\u0161 nesp\u0113jot saprast valsts nost\u0101ju. K\u0101p\u0113c nav apr\u0113\u0137in\u0101ts, ka vi\u0146a non\u0101k\u0161ana invalidit\u0101t\u0113, past\u0101v\u012bgas \u0101rst\u0113\u0161anas un iesp\u0113jam\u0101s neatliekam\u0101s pal\u012bdz\u012bbas izmaksas, kas saist\u012btas ar trombu veido\u0161anos, ilgtermi\u0146\u0101 izmaks\u0101s daudz d\u0101rg\u0101k nek\u0101 terapijas finans\u0113\u0161ana? Aigars ir gatavs str\u0101d\u0101t, bet, lai to dar\u012btu, vi\u0146am ir nepiecie\u0161ama valsts pal\u012bdz\u012bba.<\/p>\n<p>Klusums no augst\u0101kaj\u0101m amatperson\u0101m<\/p>\n<p>&#8220;Esmu l\u016bdzis pal\u012bdz\u012bbu. Esmu s\u016bt\u012bjis v\u0113stules, l\u016bgumu v\u0113stules, kas ir patiesas, person\u012bgas un izmisuma pilnas. Esmu v\u0113rsies pie visaugst\u0101kaj\u0101m amatperson\u0101m \u2013 Valsts prezidenta, Ministru prezidentes, Saeimas priek\u0161s\u0113d\u0113t\u0101jas, k\u0101 ar\u012b labkl\u0101j\u012bbas un finan\u0161u ministriem. Bet manas v\u0113stules ir paliku\u0161as bez atbild\u0113m. Klusums. Tot\u0101ls klusums. It k\u0101 mans st\u0101sts nav svar\u012bgs, it k\u0101 mans l\u016bgums nav dzirdams,&#8221; saka Aigars. Vi\u0146\u0161 esot uzdevis vienk\u0101r\u0161u un tie\u0161u jaut\u0101jumu: &#8220;Ko dar\u012bt, lai dz\u012bvotu?&#8221; Un palicis bez atbildes.<\/p>\n<p>Biedr\u012bba &#8220;Saknes&#8221;, kas Aigaru atbalsta, ir nor\u0101d\u012bjusi, ka tas ir ne tikai juridiski, bet ar\u012b mor\u0101li nepie\u0146emami. Advok\u0101ts Juris Beikmanis \u0161o situ\u0101ciju sauc par &#8220;fundament\u0101lu v\u0113rt\u012bbu kr\u012bzi&#8221;. Vai tie\u0161\u0101m milz\u012bgi infrastrukt\u016bras projekti ir svar\u012bg\u0101ki par cilv\u0113ka dz\u012bv\u012bbu?<\/p>\n<p>Aicin\u0101jums sabiedr\u012bbai un valstij<\/p>\n<p>&#8220;Man\u012b v\u0113l ir cer\u012bba. Esmu gatavs n\u0101kt un run\u0101t Saeimas Soci\u0101lo un darba lietu komisijas s\u0113d\u0113, lai person\u012bgi past\u0101st\u012btu par savu situ\u0101ciju. V\u0113los tikties ar vesel\u012bbas ministru Hosamu Abu Meri, lai kop\u012bgi rastu risin\u0101jumu. Esmu tikai viens cilv\u0113ks ar retu slim\u012bbu, bet esmu da\u013ca no \u0161\u012bs valsts. Un mans l\u016bgums ir mans kliedziens, mans l\u016bgums p\u0113c pal\u012bdz\u012bbas un god\u012bguma. Es gribu turpin\u0101t dz\u012bvot, str\u0101d\u0101t, uztur\u0113t savu \u0123imeni un b\u016bt der\u012bgs sabiedr\u012bbai. Bet man ir vajadz\u012bgas z\u0101les. L\u016bdzu, pal\u012bdziet man dz\u012bvot,&#8221; l\u016bdz Aigars.<\/p>\n","protected":false},"excerpt":{"rendered":"Aigara dz\u012bv\u012bbai ir cena \u2013 medikaments, ko valsts nav iek\u013c\u0101vusi Kompens\u0113jamo z\u0101\u013cu sarakst\u0101, jo tam neesot naudas. Vi\u0146\u0161&hellip;\n","protected":false},"author":2,"featured_media":28655,"comment_status":"","ping_status":"","sticky":false,"template":"","format":"standard","meta":{"footnotes":""},"categories":[12],"tags":[23,28,29,32,33,22,256,30,31,35,39,38,36,37,34,40,20,26,27,8813,24,25,1454,21],"class_list":{"0":"post-28654","1":"post","2":"type-post","3":"status-publish","4":"format-standard","5":"has-post-thumbnail","7":"category-latvija","8":"tag-aktualitates","9":"tag-breaking-news","10":"tag-breakingnews","11":"tag-featured-news","12":"tag-featurednews","13":"tag-headlines","14":"tag-hosams-abu-meri","15":"tag-latest-news","16":"tag-latestnews","17":"tag-latvia","18":"tag-latvian","19":"tag-latviesu","20":"tag-latviesu-valoda","21":"tag-latviesuvaloda","22":"tag-latvija","23":"tag-lv","24":"tag-news","25":"tag-popularakas-zinas","26":"tag-popularakaszinas","27":"tag-retas-slimibas","28":"tag-top-stories","29":"tag-topstories","30":"tag-veselibas-ministrija","31":"tag-zinas"},"share_on_mastodon":{"url":"","error":""},"_links":{"self":[{"href":"https:\/\/www.europesays.com\/lv\/wp-json\/wp\/v2\/posts\/28654","targetHints":{"allow":["GET"]}}],"collection":[{"href":"https:\/\/www.europesays.com\/lv\/wp-json\/wp\/v2\/posts"}],"about":[{"href":"https:\/\/www.europesays.com\/lv\/wp-json\/wp\/v2\/types\/post"}],"author":[{"embeddable":true,"href":"https:\/\/www.europesays.com\/lv\/wp-json\/wp\/v2\/users\/2"}],"replies":[{"embeddable":true,"href":"https:\/\/www.europesays.com\/lv\/wp-json\/wp\/v2\/comments?post=28654"}],"version-history":[{"count":0,"href":"https:\/\/www.europesays.com\/lv\/wp-json\/wp\/v2\/posts\/28654\/revisions"}],"wp:featuredmedia":[{"embeddable":true,"href":"https:\/\/www.europesays.com\/lv\/wp-json\/wp\/v2\/media\/28655"}],"wp:attachment":[{"href":"https:\/\/www.europesays.com\/lv\/wp-json\/wp\/v2\/media?parent=28654"}],"wp:term":[{"taxonomy":"category","embeddable":true,"href":"https:\/\/www.europesays.com\/lv\/wp-json\/wp\/v2\/categories?post=28654"},{"taxonomy":"post_tag","embeddable":true,"href":"https:\/\/www.europesays.com\/lv\/wp-json\/wp\/v2\/tags?post=28654"}],"curies":[{"name":"wp","href":"https:\/\/api.w.org\/{rel}","templated":true}]}}