{"id":286548,"date":"2026-09-05T17:36:10","date_gmt":"2026-09-05T17:36:10","guid":{"rendered":"https:\/\/www.europesays.com\/lv\/286548\/"},"modified":"2026-09-05T17:36:10","modified_gmt":"2026-09-05T17:36:10","slug":"holivudas-aktieris-bruss-kempbels-pazino-ka-vinam-atlikusi-apmeram-pieci-dzives-gadi","status":"publish","type":"post","link":"https:\/\/www.europesays.com\/lv\/286548\/","title":{"rendered":"Holivudas aktieris Br\u016bss Kempbels pazi\u0146o, ka vi\u0146am atliku\u0161i apm\u0113ram pieci dz\u012bves gadi"},"content":{"rendered":"<p>                                        <img decoding=\"async\" src=\"https:\/\/news.inbox.eu\/w\/img\/9b\/e4\/9be41bc71fc9b2ae7d-800x0.webp\" onerror=\"this.src=\" https:=\"\" onload=\"if(this.width &lt;= 1){this.src=\"\/><\/p>\n<p>Holivudas aktieris un kulta \u0161ausmu filmu &#8220;Evil Dead&#8221; zvaigzne Br\u016bss Kempbels dal\u012bjies ar skarbu v\u0113sti &#8211; vi\u0146am diagnostic\u0113ts v\u0113zis, un jaun\u0101k\u0101s \u0101rstu prognozes vi\u0146am paredz aptuveni piecus dz\u012bves gadus.<\/p>\n<p>Par savu vesel\u012bbas st\u0101vokli Kempbels atkl\u0101ti run\u0101ja 3. septembra raid\u012bjuma &#8220;The Adam Carolla Show&#8221; epizod\u0113. Aktieris atteic\u0101s nosaukt konkr\u0113to v\u0113\u017ea veidu, ta\u010du atkl\u0101ja, ka jaun\u0101k\u0101 prognoze vi\u0146am paredz aptuveni piecus dz\u012bves gadus \u2013 \u201cplus m\u012bnus\u201d.&#13;<br \/>\n&#13;<br \/>\n&#13;<br \/>\n\u201cEsmu nol\u0113mis ar to sadz\u012bvot,\u201d raid\u012bjum\u0101 pauda Kempbels.&#13;<br \/>\n&#13;<br \/>\n&#13;<br \/>\nAktieris ar\u012b atkl\u0101ja, ka apzin\u0101ti izvair\u0101s no &#8230;<\/p>\n","protected":false},"excerpt":{"rendered":"Holivudas aktieris un kulta \u0161ausmu filmu &#8220;Evil Dead&#8221; zvaigzne Br\u016bss Kempbels dal\u012bjies ar skarbu v\u0113sti &#8211; vi\u0146am diagnostic\u0113ts&hellip;\n","protected":false},"author":2,"featured_media":286549,"comment_status":"","ping_status":"","sticky":false,"template":"","format":"standard","meta":{"footnotes":"","_share_on_mastodon":"0"},"categories":[19],"tags":[89,90,35,39,38,36,37,34,40],"class_list":["post-286548","post","type-post","status-publish","format-standard","has-post-thumbnail","category-izklaide","tag-entertainment","tag-izklaide","tag-latvia","tag-latvian","tag-latviesu","tag-latviesu-valoda","tag-latviesuvaloda","tag-latvija","tag-lv"],"share_on_mastodon":{"url":"https:\/\/pubeurope.com\/@lv\/117219648687648631","error":""},"_links":{"self":[{"href":"https:\/\/www.europesays.com\/lv\/wp-json\/wp\/v2\/posts\/286548","targetHints":{"allow":["GET"]}}],"collection":[{"href":"https:\/\/www.europesays.com\/lv\/wp-json\/wp\/v2\/posts"}],"about":[{"href":"https:\/\/www.europesays.com\/lv\/wp-json\/wp\/v2\/types\/post"}],"author":[{"embeddable":true,"href":"https:\/\/www.europesays.com\/lv\/wp-json\/wp\/v2\/users\/2"}],"replies":[{"embeddable":true,"href":"https:\/\/www.europesays.com\/lv\/wp-json\/wp\/v2\/comments?post=286548"}],"version-history":[{"count":0,"href":"https:\/\/www.europesays.com\/lv\/wp-json\/wp\/v2\/posts\/286548\/revisions"}],"wp:featuredmedia":[{"embeddable":true,"href":"https:\/\/www.europesays.com\/lv\/wp-json\/wp\/v2\/media\/286549"}],"wp:attachment":[{"href":"https:\/\/www.europesays.com\/lv\/wp-json\/wp\/v2\/media?parent=286548"}],"wp:term":[{"taxonomy":"category","embeddable":true,"href":"https:\/\/www.europesays.com\/lv\/wp-json\/wp\/v2\/categories?post=286548"},{"taxonomy":"post_tag","embeddable":true,"href":"https:\/\/www.europesays.com\/lv\/wp-json\/wp\/v2\/tags?post=286548"}],"curies":[{"name":"wp","href":"https:\/\/api.w.org\/{rel}","templated":true}]}}