{"id":286556,"date":"2026-09-05T17:47:16","date_gmt":"2026-09-05T17:47:16","guid":{"rendered":"https:\/\/www.europesays.com\/lv\/286556\/"},"modified":"2026-09-05T17:47:16","modified_gmt":"2026-09-05T17:47:16","slug":"video-10-dienas-pec-pludiem-nepala-izglabti-cilveki-delfi","status":"publish","type":"post","link":"https:\/\/www.europesays.com\/lv\/286556\/","title":{"rendered":"Video: 10 dienas p\u0113c pl\u016bdiem Nep\u0101l\u0101 izgl\u0101bti cilv\u0113ki &#8211; DELFI"},"content":{"rendered":"<ol>\n<li><a href=\"https:\/\/news.google.com\/rss\/articles\/CBMioAFBVV95cUxPdFk2eFlyaHRhS2tBekxiT25pY2ZVVFhFN3hwT3hWRVRBUGczVk01eGF0OTRhZlZvbzRoVm5EZ0JCV3BSQlZDdkxoT2RIWGloWUlzR1ZGZmFXSHBxamtXQkkzUGxmTG96ZF9ZUm1iNkNPdzdUb290ZldqcDJBMV9wcFRJcjJWalpqUUNSM0lucTI0WmVPT2o0S1FQLUJjQzdl?oc=5\" target=\"_blank\" rel=\"nofollow noopener\">Video: 10 dienas p\u0113c pl\u016bdiem Nep\u0101l\u0101 izgl\u0101bti cilv\u0113ki<\/a>&nbsp;&nbsp;DELFI<\/li>\n<li><a href=\"https:\/\/news.google.com\/rss\/articles\/CBMi6wFBVV95cUxNQlI2anRtQmNvbzhETXBxWDhYYVhFRkVYb2lIR2VVaGdVOXVxeUdOTjA5RUVPZDJqU0xEeHpzUWhzdDctSHhERGJSTHlsM1cyejU4ZG5DblhLY1c5SDJuSjBoR0RETW9zSTBDdnBrb2FKUmpURHowVXEzbFZWVWdhOGtKS0dFU21zbUhFU1pBTXhQeWxneG5oS0VnbUV4dGRvNzV5X0RsVFl2OWZ3dVotaVJCLUxNWWhMdzcwOUI3enljMkFaMXhOZWtLeVZWSXUzYWtFVEVIdG9aYXZMcHZQZ09ocGJIc292U2hJ?oc=5\" target=\"_blank\" rel=\"nofollow noopener\">Vair\u0101ku cilv\u0113ku izgl\u0101b\u0161ana desmit dienas p\u0113c pl\u016bdiem Nep\u0101l\u0101 dod cer\u012bbas atrast v\u0113l izdz\u012bvoju\u0161os<\/a>&nbsp;&nbsp;LSM<\/li>\n<li><a href=\"https:\/\/news.google.com\/rss\/articles\/CBMidkFVX3lxTE84dk5VX1JMX3l5cVB5Y3I1LWxnSkh6VlNEanZPMUMtVVhnX3dueGxmdXdXX2VXVDlwYjlvU2RhcW1xcXNidl9tV2JRY3Z2VENiQy1XYUJSX01sYmRCbzl1RFhYTnhtU09lekx3UlFzMllCQzB4amc?oc=5\" target=\"_blank\" rel=\"nofollow noopener\">Jaun\u0101k\u0101 inform\u0101cija par izgl\u0101btajiem cilv\u0113kiem Nep\u0101l\u0101: v\u0113l divi izgl\u0101btie &#8211; vi\u0146iem izdev\u0101s izdz\u012bvot \u0161\u012bs 10 dienas [papildin\u0101ts]<\/a>&nbsp;&nbsp;NRA<\/li>\n<li><a href=\"https:\/\/news.google.com\/rss\/articles\/CBMiswFBVV95cUxPdTZhRzdSMHc4RURuX0ZZT1VpMWlvMTJLeHhhNHZER19qY0tUd2lnTTlQalo2VnJwNUo3REVLSXMzRDhtY1pFWmtMOVIyMllqZUowUU1QZWxJOVM2RFkzY0tCa0pOUGQ0cHN4RHpsTnUxekZNcFJtRFJEQks0YUVpQmNJMkplaFd0eFJYX2xyNzZENENJaXFBeXB6MmRZaTZHTmI3ejNtYkVsV3M3bWtXb29XVQ?oc=5\" target=\"_blank\" rel=\"nofollow noopener\">Desmit dienas p\u0113c katastrofas Nep\u0101l\u0101 no hidroelektrostacijas tune\u013ca izgl\u0101bts cilv\u0113ks<\/a>&nbsp;&nbsp;TVNET<\/li>\n<li><a href=\"https:\/\/news.google.com\/rss\/articles\/CBMitwFBVV95cUxPSHQzN0RsQlRPS2dGQ1pJUXhoQnBNMExsQmN3Zk41MEU3bkI3anF3bFpSZ1FHbEgwdHZnOVN4b0k0MUNZV0Q4WURDWlRsdVpDZ2JxOU9uMU5kVkdRN2ZGWU9TOUFTc0lBc0Zqd2lHbUw5ZHhwNGkxLUxMdEY1cjRiVWlFTU9qWk4tZHZzZ0lwV1NIYnF4cFcySFh5WDJkOUIwWHN1UjJRbUFHR2M1TlRzdWxuMUJ1SFU?oc=5\" target=\"_blank\" rel=\"nofollow noopener\">Cer\u012bba atgrie\u017eas! Nep\u0101l\u0101 10 dienas p\u0113c katastrof\u0101lajiem pl\u016bdiem no tune\u013ca izgl\u0101bj v\u0113l vienu cilv\u0113ku<\/a>&nbsp;&nbsp;LA.LV<\/li>\n<\/ol>\n","protected":false},"excerpt":{"rendered":"Video: 10 dienas p\u0113c pl\u016bdiem Nep\u0101l\u0101 izgl\u0101bti cilv\u0113ki&nbsp;&nbsp;DELFI Vair\u0101ku cilv\u0113ku izgl\u0101b\u0161ana desmit dienas p\u0113c pl\u016bdiem Nep\u0101l\u0101 dod cer\u012bbas&hellip;\n","protected":false},"author":2,"featured_media":286557,"comment_status":"","ping_status":"","sticky":false,"template":"","format":"standard","meta":{"footnotes":"","_share_on_mastodon":"0"},"categories":[5],"tags":[23,28,29,41345,32,33,22,4213,30,31,35,39,38,36,37,34,40,5418,20,4821,26,27,24,25,21],"class_list":["post-286556","post","type-post","status-publish","format-standard","has-post-thumbnail","category-aktualitates","tag-aktualitates","tag-breaking-news","tag-breakingnews","tag-enex","tag-featured-news","tag-featurednews","tag-headlines","tag-kina","tag-latest-news","tag-latestnews","tag-latvia","tag-latvian","tag-latviesu","tag-latviesu-valoda","tag-latviesuvaloda","tag-latvija","tag-lv","tag-nepala","tag-news","tag-pludi","tag-popularakas-zinas","tag-popularakaszinas","tag-top-stories","tag-topstories","tag-zinas"],"share_on_mastodon":{"url":"https:\/\/pubeurope.com\/@lv\/117219691233163803","error":""},"_links":{"self":[{"href":"https:\/\/www.europesays.com\/lv\/wp-json\/wp\/v2\/posts\/286556","targetHints":{"allow":["GET"]}}],"collection":[{"href":"https:\/\/www.europesays.com\/lv\/wp-json\/wp\/v2\/posts"}],"about":[{"href":"https:\/\/www.europesays.com\/lv\/wp-json\/wp\/v2\/types\/post"}],"author":[{"embeddable":true,"href":"https:\/\/www.europesays.com\/lv\/wp-json\/wp\/v2\/users\/2"}],"replies":[{"embeddable":true,"href":"https:\/\/www.europesays.com\/lv\/wp-json\/wp\/v2\/comments?post=286556"}],"version-history":[{"count":0,"href":"https:\/\/www.europesays.com\/lv\/wp-json\/wp\/v2\/posts\/286556\/revisions"}],"wp:featuredmedia":[{"embeddable":true,"href":"https:\/\/www.europesays.com\/lv\/wp-json\/wp\/v2\/media\/286557"}],"wp:attachment":[{"href":"https:\/\/www.europesays.com\/lv\/wp-json\/wp\/v2\/media?parent=286556"}],"wp:term":[{"taxonomy":"category","embeddable":true,"href":"https:\/\/www.europesays.com\/lv\/wp-json\/wp\/v2\/categories?post=286556"},{"taxonomy":"post_tag","embeddable":true,"href":"https:\/\/www.europesays.com\/lv\/wp-json\/wp\/v2\/tags?post=286556"}],"curies":[{"name":"wp","href":"https:\/\/api.w.org\/{rel}","templated":true}]}}