{"id":286562,"date":"2026-09-05T17:54:28","date_gmt":"2026-09-05T17:54:28","guid":{"rendered":"https:\/\/www.europesays.com\/lv\/286562\/"},"modified":"2026-09-05T17:54:28","modified_gmt":"2026-09-05T17:54:28","slug":"viena-no-manam-meitenem-precas-olga-kambala-pazino-grandiozus-jaunumus-santa","status":"publish","type":"post","link":"https:\/\/www.europesays.com\/lv\/286562\/","title":{"rendered":"\u00abViena no man\u0101m meiten\u0113m precas!\u00bb Olga Kambala pazi\u0146o grandiozus jaunumus \u2014 Santa"},"content":{"rendered":"<p>Kambala ierakst\u0101 soci\u0101laj\u0101 medij\u0101 Instagram atkl\u0101j, ka vi\u0146ai apk\u0101rt esot daudz br\u012bni\u0161\u0137\u012bgu meite\u0146u un vi\u0146a j\u016btoties k\u0101 laim\u012bg\u0101k\u0101 mamma pasaul\u0113.<\/p>\n<blockquote><p>&#13;<\/p>\n<p>\u00a0\u00abUn beidzot ir pien\u0101cis tas br\u012bdis\u2026 viena no man\u0101m meiten\u0113m precas!\u00bb pazi\u0146ojusi Olga.<\/p>\n<p>&#13;\n<\/p><\/blockquote>\n<p>Pla\u0161\u0101kas v\u0113stis par to, kas ir topo\u0161\u0101 l\u012bgava, kad notiks k\u0101zas un citas deta\u013cas Kambala pagaid\u0101m patur nosl\u0113pum\u0101. Vi\u0146a tikai nor\u0101da, ka vair\u0101k par \u0161o notikumu skat\u012bt\u0101ji uzzin\u0101s \u0161ov\u0101 Slaven\u012bbas. Bez filtra.<\/p>\n<p>\u00a0<\/p>\n<p>\u00a0<\/p>\n<p>Lai gan koment\u0101ros pie ieraksta izskan min\u0113jumi par to, kura \u0123imenes sievieta gatavojas salaul\u0101ties \u2013 min\u0113ts meitas Loretas v\u0101rds, pati Olga nevienu no versij\u0101m nav nedz apstiprin\u0101jusi, nedz noliegusi.<\/p>\n<p>Olga 2025. gada decembr\u012b atkl\u0101ja, ka vi\u0146as meita Loreta ar m\u012b\u013coto puisi saderin\u0101jusies. <a data-id=\"123539\" href=\"https:\/\/www.santa.lv\/tema\/123539\/bildinajums?utm_source=internal&amp;utm_medium=article&amp;utm_campaign=theme_link\" target=\"_blank\" rel=\"nofollow noopener\">Bildin\u0101jums<\/a> noticis romantisku vakari\u0146u laik\u0101.<\/p>\n<p>\t\t\t\t\t\t\tPadalies ar draugiem<\/p>\n","protected":false},"excerpt":{"rendered":"Kambala ierakst\u0101 soci\u0101laj\u0101 medij\u0101 Instagram atkl\u0101j, ka vi\u0146ai apk\u0101rt esot daudz br\u012bni\u0161\u0137\u012bgu meite\u0146u un vi\u0146a j\u016btoties k\u0101 laim\u012bg\u0101k\u0101&hellip;\n","protected":false},"author":2,"featured_media":286563,"comment_status":"","ping_status":"","sticky":false,"template":"","format":"standard","meta":{"footnotes":"","_share_on_mastodon":"0"},"categories":[19],"tags":[89,90,35,39,38,36,37,34,40],"class_list":["post-286562","post","type-post","status-publish","format-standard","has-post-thumbnail","category-izklaide","tag-entertainment","tag-izklaide","tag-latvia","tag-latvian","tag-latviesu","tag-latviesu-valoda","tag-latviesuvaloda","tag-latvija","tag-lv"],"share_on_mastodon":{"url":"https:\/\/pubeurope.com\/@lv\/117219718993646578","error":""},"_links":{"self":[{"href":"https:\/\/www.europesays.com\/lv\/wp-json\/wp\/v2\/posts\/286562","targetHints":{"allow":["GET"]}}],"collection":[{"href":"https:\/\/www.europesays.com\/lv\/wp-json\/wp\/v2\/posts"}],"about":[{"href":"https:\/\/www.europesays.com\/lv\/wp-json\/wp\/v2\/types\/post"}],"author":[{"embeddable":true,"href":"https:\/\/www.europesays.com\/lv\/wp-json\/wp\/v2\/users\/2"}],"replies":[{"embeddable":true,"href":"https:\/\/www.europesays.com\/lv\/wp-json\/wp\/v2\/comments?post=286562"}],"version-history":[{"count":0,"href":"https:\/\/www.europesays.com\/lv\/wp-json\/wp\/v2\/posts\/286562\/revisions"}],"wp:featuredmedia":[{"embeddable":true,"href":"https:\/\/www.europesays.com\/lv\/wp-json\/wp\/v2\/media\/286563"}],"wp:attachment":[{"href":"https:\/\/www.europesays.com\/lv\/wp-json\/wp\/v2\/media?parent=286562"}],"wp:term":[{"taxonomy":"category","embeddable":true,"href":"https:\/\/www.europesays.com\/lv\/wp-json\/wp\/v2\/categories?post=286562"},{"taxonomy":"post_tag","embeddable":true,"href":"https:\/\/www.europesays.com\/lv\/wp-json\/wp\/v2\/tags?post=286562"}],"curies":[{"name":"wp","href":"https:\/\/api.w.org\/{rel}","templated":true}]}}