{"id":286574,"date":"2026-09-05T18:24:12","date_gmt":"2026-09-05T18:24:12","guid":{"rendered":"https:\/\/www.europesays.com\/lv\/286574\/"},"modified":"2026-09-05T18:24:12","modified_gmt":"2026-09-05T18:24:12","slug":"holivudas-aktieris-bruss-kempbels-pazino-ka-vinam-atlikusi-apmeram-pieci-dzives-gadi-2","status":"publish","type":"post","link":"https:\/\/www.europesays.com\/lv\/286574\/","title":{"rendered":"Holivudas aktieris Br\u016bss Kempbels pazi\u0146o, ka vi\u0146am atliku\u0161i apm\u0113ram pieci dz\u012bves gadi"},"content":{"rendered":"<p>Vi\u0146\u0161 uzsv\u0113ra, ka diagnoze pati par sevi nenoz\u012bm\u0113, ka cilv\u0113kam b\u016btu j\u0101p\u0101rtrauc viss, ko vi\u0146\u0161 l\u012bdz \u0161im dar\u012bjis. \u201cTev ir j\u0101pie\u0146em l\u0113mums \u2013 labi, bet vai t\u0101p\u0113c man b\u016btu j\u0101p\u0101rtrauc viss, ko daru? N\u0113,&#8221; vi\u0146\u0161 nor\u0101d\u012bja. \u201cDiagnoze manos pl\u0101nos neko nemaina. T\u0101 liek simtprocent\u012bgi noteikt priorit\u0101tes, un mana priorit\u0101te ir \u0161\u012b filma,\u201d Kempbels mart\u0101 sac\u012bja izdevumam &#8220;Salem Statesman Journal&#8221;.<\/p>\n","protected":false},"excerpt":{"rendered":"Vi\u0146\u0161 uzsv\u0113ra, ka diagnoze pati par sevi nenoz\u012bm\u0113, ka cilv\u0113kam b\u016btu j\u0101p\u0101rtrauc viss, ko vi\u0146\u0161 l\u012bdz \u0161im dar\u012bjis.&hellip;\n","protected":false},"author":2,"featured_media":286575,"comment_status":"","ping_status":"","sticky":false,"template":"","format":"standard","meta":{"footnotes":"","_share_on_mastodon":"0"},"categories":[19],"tags":[89,90,35,39,38,36,37,34,40],"class_list":["post-286574","post","type-post","status-publish","format-standard","has-post-thumbnail","category-izklaide","tag-entertainment","tag-izklaide","tag-latvia","tag-latvian","tag-latviesu","tag-latviesu-valoda","tag-latviesuvaloda","tag-latvija","tag-lv"],"share_on_mastodon":{"url":"https:\/\/pubeurope.com\/@lv\/117219837067713738","error":""},"_links":{"self":[{"href":"https:\/\/www.europesays.com\/lv\/wp-json\/wp\/v2\/posts\/286574","targetHints":{"allow":["GET"]}}],"collection":[{"href":"https:\/\/www.europesays.com\/lv\/wp-json\/wp\/v2\/posts"}],"about":[{"href":"https:\/\/www.europesays.com\/lv\/wp-json\/wp\/v2\/types\/post"}],"author":[{"embeddable":true,"href":"https:\/\/www.europesays.com\/lv\/wp-json\/wp\/v2\/users\/2"}],"replies":[{"embeddable":true,"href":"https:\/\/www.europesays.com\/lv\/wp-json\/wp\/v2\/comments?post=286574"}],"version-history":[{"count":0,"href":"https:\/\/www.europesays.com\/lv\/wp-json\/wp\/v2\/posts\/286574\/revisions"}],"wp:featuredmedia":[{"embeddable":true,"href":"https:\/\/www.europesays.com\/lv\/wp-json\/wp\/v2\/media\/286575"}],"wp:attachment":[{"href":"https:\/\/www.europesays.com\/lv\/wp-json\/wp\/v2\/media?parent=286574"}],"wp:term":[{"taxonomy":"category","embeddable":true,"href":"https:\/\/www.europesays.com\/lv\/wp-json\/wp\/v2\/categories?post=286574"},{"taxonomy":"post_tag","embeddable":true,"href":"https:\/\/www.europesays.com\/lv\/wp-json\/wp\/v2\/tags?post=286574"}],"curies":[{"name":"wp","href":"https:\/\/api.w.org\/{rel}","templated":true}]}}