{"id":286632,"date":"2026-09-05T20:18:12","date_gmt":"2026-09-05T20:18:12","guid":{"rendered":"https:\/\/www.europesays.com\/lv\/286632\/"},"modified":"2026-09-05T20:18:12","modified_gmt":"2026-09-05T20:18:12","slug":"kuldiga-jau-piekto-reizi-risinasies-starptautisks-klaviermuzikas-festivals","status":"publish","type":"post","link":"https:\/\/www.europesays.com\/lv\/286632\/","title":{"rendered":"Kuld\u012bg\u0101 jau piekto reizi risin\u0101sies starptautisks klavierm\u016bzikas festiv\u0101ls"},"content":{"rendered":"<p class=\"descr\">No 11. l\u012bdz 13. septembrim Kuld\u012bg\u0101 jau piekto reizi norisin\u0101sies Starptautiskais klavierm\u016bzikas festiv\u0101ls \u201cKuld\u012bga Piano\u201d, kas k\u013cuvis par vienu no noz\u012bm\u012bg\u0101kajiem klavierm\u016bzikas notikumiem Latvij\u0101. Tr\u012bs dienu garum\u0101 festiv\u0101ls pied\u0101v\u0101s daudzveid\u012bgu programmu, bezmaksas koncertus, starptautisku m\u0101kslinieku sniegumu, meistarklases jaunajiem pianistiem un interakt\u012bvas \u201cpop-up\u201d norises pils\u0113tvid\u0113.<\/p>\n<p>Piecu gadu jubilejas festiv\u0101lu jau \u0161o piektdien, 4. Septembr\u012b, ieskandin\u0101s norises R\u012bgas lidost\u0101 gan publiskaj\u0101, gan pasa\u017eieru zon\u0101, kur jaunie un talant\u012bgie pianisti d\u0101v\u0101s ce\u013cot\u0101jiem skan\u012bgu mirkli ce\u013c\u0101 uz jauniem galam\u0113r\u0137iem. Savuk\u0101rt festiv\u0101ls Kuld\u012bg\u0101 atgrie\u017eas ar pilnv\u0113rt\u012bgu tr\u012bs dienu programmu, ko 11. septembr\u012b koncertz\u0101l\u0113 \u201cDuna\u201d atkl\u0101s komponists un pianists Uldis Marhilevi\u010ds.<\/p>\n<blockquote><p>\u201c\u0160\u012b gada festiv\u0101ls, kas gadu gait\u0101 k\u013cuvis par platformu m\u016bsdienu klavierm\u016bzikai, izce\u013cas ar vair\u0101kiem b\u016btiskiem jaunumiem. Festiv\u0101l\u0101 pirmatska\u0146ojumu piedz\u012bvos divi jauni solo projekti, kas rad\u012bti \u012bpa\u0161i \u0161\u012b gada programmai Kuld\u012bg\u0101. Jau ierastaj\u0101m festiv\u0101la norises viet\u0101m \u0161oreiz piepulc\u0113sies ar\u012b Kuld\u012bgas m\u0101kslas nams,\u201d st\u0101sta festiv\u0101la ieceres autors, grupas \u201cDagamba\u201d pianists Dainis Tenis.<\/p><\/blockquote>\n<p>Par klavierm\u016bzikas notikumiem festiv\u0101la norises ned\u0113\u013c\u0101 Kuld\u012bg\u0101. 12. septembr\u012b plkst. 11.00 Pils\u0113tas pils d\u0101rz\u0101 \u012bpa\u0161u un gais\u012bgu noska\u0146u rad\u012bs Rihards Ple\u0161anovs ar Arvo P\u0113rta un \u0112rika Sat\u012b m\u016bziku, plkst. 12.00 m\u016bzikas gard\u0113\u017eus restor\u0101n\u0101 \u201cBangerts\u201d iedvesmos K\u0101rlis L\u0101cis, plkst. 17.00 klasisk\u0101 m\u016bzika jauno pianistu izpild\u012bjum\u0101 skan\u0113s Sv. Annas bazn\u012bc\u0101, bet festiv\u0101la centr\u0101lais notikums s\u0101ksies plkst. 19.00 koncertz\u0101l\u0113 \u201cDuna\u201d, kur pirmo reizi Latvij\u0101 viesosies zviedru pianists P\u012bters Sandbergs, kur\u0161 savu atpaz\u012bstam\u012bbu un miljoniem klaus\u012bjumu ieguvis ar kinematogr\u0101fiskaj\u0101m kompoz\u012bcij\u0101m kulta seri\u0101l\u0101 \u201cStranger Things\u201d. Pirms vi\u0146a uz skatuves k\u0101ps M\u0101rti\u0146\u0161 L\u0101p\u0101ns, kur\u0161 festiv\u0101la meistarklas\u0113s piedal\u0101s jau kop\u0161 pirm\u0101 gada, savuk\u0101rt vakaru ar analogo sintezatoru un elektronikas ska\u0146\u0101m nosl\u0113gs R\u016bdolfs Macats.<\/p>\n<p>13. septembr\u012b festiv\u0101la izska\u0146\u0101 kuld\u012bdznieks Toms Mik\u0101ls sniegs T\u0113va dienai velt\u012btu koncertu Kuld\u012bgas m\u0101kslas nam\u0101.<\/p>\n","protected":false},"excerpt":{"rendered":"No 11. l\u012bdz 13. septembrim Kuld\u012bg\u0101 jau piekto reizi norisin\u0101sies Starptautiskais klavierm\u016bzikas festiv\u0101ls \u201cKuld\u012bga Piano\u201d, kas k\u013cuvis par&hellip;\n","protected":false},"author":2,"featured_media":286633,"comment_status":"","ping_status":"","sticky":false,"template":"","format":"standard","meta":{"footnotes":"","_share_on_mastodon":"0"},"categories":[19],"tags":[89,90,35,39,38,36,37,34,40],"class_list":["post-286632","post","type-post","status-publish","format-standard","has-post-thumbnail","category-izklaide","tag-entertainment","tag-izklaide","tag-latvia","tag-latvian","tag-latviesu","tag-latviesu-valoda","tag-latviesuvaloda","tag-latvija","tag-lv"],"share_on_mastodon":{"url":"https:\/\/pubeurope.com\/@lv\/117220285181046948","error":""},"_links":{"self":[{"href":"https:\/\/www.europesays.com\/lv\/wp-json\/wp\/v2\/posts\/286632","targetHints":{"allow":["GET"]}}],"collection":[{"href":"https:\/\/www.europesays.com\/lv\/wp-json\/wp\/v2\/posts"}],"about":[{"href":"https:\/\/www.europesays.com\/lv\/wp-json\/wp\/v2\/types\/post"}],"author":[{"embeddable":true,"href":"https:\/\/www.europesays.com\/lv\/wp-json\/wp\/v2\/users\/2"}],"replies":[{"embeddable":true,"href":"https:\/\/www.europesays.com\/lv\/wp-json\/wp\/v2\/comments?post=286632"}],"version-history":[{"count":0,"href":"https:\/\/www.europesays.com\/lv\/wp-json\/wp\/v2\/posts\/286632\/revisions"}],"wp:featuredmedia":[{"embeddable":true,"href":"https:\/\/www.europesays.com\/lv\/wp-json\/wp\/v2\/media\/286633"}],"wp:attachment":[{"href":"https:\/\/www.europesays.com\/lv\/wp-json\/wp\/v2\/media?parent=286632"}],"wp:term":[{"taxonomy":"category","embeddable":true,"href":"https:\/\/www.europesays.com\/lv\/wp-json\/wp\/v2\/categories?post=286632"},{"taxonomy":"post_tag","embeddable":true,"href":"https:\/\/www.europesays.com\/lv\/wp-json\/wp\/v2\/tags?post=286632"}],"curies":[{"name":"wp","href":"https:\/\/api.w.org\/{rel}","templated":true}]}}